{"id":5595,"date":"2025-09-22T07:30:00","date_gmt":"2025-09-22T10:30:00","guid":{"rendered":"https:\/\/cidadenoar.com\/?p=5595"},"modified":"2025-09-17T12:58:05","modified_gmt":"2025-09-17T15:58:05","slug":"ansiedade-e-depressao-da-origem-do-homo-sapiens-ao-colapso-mental-da-era-moderna","status":"publish","type":"post","link":"https:\/\/cidadenoar.com\/global\/opiniao\/ansiedade-e-depressao-da-origem-do-homo-sapiens-ao-colapso-mental-da-era-moderna\/","title":{"rendered":"Ansiedade e Depress\u00e3o: Da Origem do Homo Sapiens ao Colapso Mental da Era Moderna"},"content":{"rendered":"\n<p>Por 300.000 anos, nossos ancestrais ca\u00e7aram, fugiram de predadores e enfrentaram tempestades sem precisar de terapeutas. Hoje, uma gera\u00e7\u00e3o inteira entra em p\u00e2nico ao receber uma notifica\u00e7\u00e3o no celular.<\/p>\n\n\n\n<p>Durante 99,5% da nossa exist\u00eancia como esp\u00e9cie, vivemos em pequenos grupos onde ansiedade e depress\u00e3o eram&nbsp;<strong>rar\u00edssimas<\/strong>&nbsp;\u2014 entre 1 a 3% da popula\u00e7\u00e3o. A ansiedade servia como sistema de alerta para amea\u00e7as reais: o rugido do le\u00e3o, a aproxima\u00e7\u00e3o da tempestade, a escassez de alimento. A depress\u00e3o funcionava como mecanismo de conserva\u00e7\u00e3o de energia durante per\u00edodos dif\u00edceis.&nbsp;<strong>Ambas eram ferramentas de sobreviv\u00eancia, n\u00e3o doen\u00e7as cr\u00f4nicas<\/strong>.<\/p>\n\n\n\n<p>Os Hadza da Tanz\u00e2nia, uma das \u00faltimas tribos ca\u00e7adoras-coletoras do planeta, vivem essa realidade at\u00e9 hoje: apenas 3,6% das crian\u00e7as Hadza apresentam transtornos psiqui\u00e1tricos. A diferen\u00e7a? Eles ainda vivem como nossos corpos foram projetados para viver: 4-6 horas de atividade f\u00edsica di\u00e1ria, exposi\u00e7\u00e3o solar constante, sono sincronizado com a natureza, suporte social intenso e prop\u00f3sito claro ligado \u00e0 sobreviv\u00eancia do grupo.<\/p>\n\n\n\n<p>Tudo come\u00e7ou a desandar com a Revolu\u00e7\u00e3o Industrial. Pesquisas da Universidade de Cambridge revelam que regi\u00f5es historicamente dependentes de ind\u00fastrias ainda mant\u00eam &#8220;adversidade psicol\u00f3gica&#8221; at\u00e9 hoje \u2014&nbsp;33% mais neurotismo&nbsp;comparado ao resto do pa\u00eds. A m\u00e1quina industrial n\u00e3o apenas mudou como trabalhamos; mudou como&nbsp;pensamos, sentimos e existimos.<\/p>\n\n\n\n<p>De repente, seres ao inv\u00e9s de viver em grupos pequenos e coesos foram empilhados em cidades superlotadas. Corpos feitos para ca\u00e7ar e coletar foram confinados em f\u00e1bricas. Mentes programadas para resolver problemas de sobreviv\u00eancia imediata foram for\u00e7adas a executar tarefas repetitivas e sem sentido.<\/p>\n\n\n\n<p><strong>A Epidemia dos Alimentos Fake: Quando a Comida Vira Veneno<\/strong><\/p>\n\n\n\n<p>Mas o verdadeiro apocalipse come\u00e7ou com a&nbsp;revolu\u00e7\u00e3o dos alimentos ultraprocessados. Os dados s\u00e3o devastadores: pessoas que consomem mais de 80% da dieta em alimentos ultraprocessados t\u00eam&nbsp;81% mais chances&nbsp;de desenvolver sintomas depressivos. N\u00e3o \u00e9 coincid\u00eancia \u2014 \u00e9 envenenamento sistem\u00e1tico.<\/p>\n\n\n\n<p>Desde 1950, nossa alimenta\u00e7\u00e3o sofreu uma metamorfose sinistra:<\/p>\n\n\n\n<ul class=\"wp-block-list\">\n<li>Alimentos ultraprocessados: aumento de 400%<\/li>\n\n\n\n<li>A\u00e7\u00facar adicionado: aumento de 300%<\/li>\n\n\n\n<li>Ado\u00e7antes artificiais: aumento de 2000%<\/li>\n\n\n\n<li>Fibras diet\u00e9ticas: redu\u00e7\u00e3o de 60%<\/li>\n\n\n\n<li>\u00c1cidos graxos \u00f4mega-3: redu\u00e7\u00e3o de 75%<\/li>\n<\/ul>\n\n\n\n<p>Dr. Wolfgang Marx, da Deakin University, n\u00e3o usa eufemismos: &#8220;Dietas ricas em itens ultraprocessados e carentes de densidade nutricional est\u00e3o consistentemente ligadas a um risco elevado de ansiedade e depress\u00e3o.&#8221; Traduzindo:&nbsp;<strong>estamos literalmente comendo nossa sanidade mental<\/strong>.<\/p>\n\n\n\n<p>Enquanto nossos ancestrais se movimentavam 4-6 horas por dia, n\u00f3s passamos&nbsp;8-12 horas sentados. Enquanto eles viviam em comunidades intensamente conectadas, n\u00f3s trocamos v\u00ednculos reais por&nbsp;likes e coment\u00e1rios. O resultado? Uma gera\u00e7\u00e3o de jovens que correlaciona uso de redes sociais com depress\u00e3o (r = 0,28) e ansiedade (r = 0,31).<\/p>\n\n\n\n<p>A ironia \u00e9 brutal: temos mais &#8220;conex\u00f5es&#8221; que qualquer gera\u00e7\u00e3o anterior, mas somos os&nbsp;mais solit\u00e1rios da hist\u00f3ria. Temos mais acesso \u00e0 informa\u00e7\u00e3o, mas somos os&nbsp;mais confusos. Temos mais conforto material, mas somos os&nbsp;mais infelizes.<\/p>\n\n\n\n<p><strong>Os N\u00fameros da Cat\u00e1strofe: Uma Gera\u00e7\u00e3o Perdida<\/strong><\/p>\n\n\n\n<p>As estat\u00edsticas n\u00e3o mentem \u2014 elas&nbsp;denunciam:<\/p>\n\n\n\n<ul class=\"wp-block-list\">\n<li>Reino Unido (2000-2019): Taxas de ansiedade e depress\u00e3o mais que\u00a0dobraram\u00a0entre jovens de 16-24 anos<\/li>\n\n\n\n<li>Estados Unidos (2019-2022): Ansiedade subiu de 15,6% para 18,2%, depress\u00e3o de 18,5% para 21,4%<\/li>\n\n\n\n<li>Global: Mais de\u00a01 bilh\u00e3o\u00a0de pessoas com transtornos mentais<\/li>\n<\/ul>\n\n\n\n<p>Ap\u00f3s 2019, o crescimento explodiu para&nbsp;12,49% ao ano. Uma gera\u00e7\u00e3o inteira est\u00e1 entrando em colapso psicol\u00f3gico em tempo real, e n\u00f3s assistimos como se fosse entretenimento.<\/p>\n\n\n\n<p><strong>A Receita do Desastre: Como Produzir Ansiedade em Massa<\/strong><\/p>\n\n\n\n<p>Se quis\u00e9ssemos&nbsp;deliberadamente&nbsp;criar uma gera\u00e7\u00e3o de ansiosos e deprimidos, far\u00edamos exatamente o que estamos fazendo:<\/p>\n\n\n\n<ol start=\"1\" class=\"wp-block-list\">\n<li>Alimenta\u00e7\u00e3o: Substituir comida real por qu\u00edmica industrial disfar\u00e7ada de alimento<\/li>\n\n\n\n<li>Movimento: Transformar corpos em m\u00f3veis de escrit\u00f3rio<\/li>\n\n\n\n<li>Sono: Bombardear com luz artificial e hor\u00e1rios artificiais<\/li>\n\n\n\n<li>Socializa\u00e7\u00e3o: Substituir comunidade real por comunidade virtual<\/li>\n\n\n\n<li>Prop\u00f3sito: Desconectar atividades de sobreviv\u00eancia e bem-estar real<\/li>\n\n\n\n<li>Natureza: Confinar em ambientes artificiais 15+ horas por dia<\/li>\n<\/ol>\n\n\n\n<p>A grande mentira da civiliza\u00e7\u00e3o moderna \u00e9 que evolu\u00edmos al\u00e9m da nossa natureza biol\u00f3gica. Mentira. Nossos genes s\u00e3o praticamente id\u00eanticos aos dos ca\u00e7adores-coletores de 50.000 anos atr\u00e1s. Nossos corpos n\u00e3o sabem que inventamos agricultura, muito menos internet.<\/p>\n\n\n\n<p>Daniel Lieberman, bi\u00f3logo evolutivo de Harvard, \u00e9 cir\u00fargico: &#8220;Desenvolvemos corpos que anseiam por alimentos doces e ricos em energia, mas n\u00e3o temos metabolismo para lidar com esses n\u00edveis de a\u00e7\u00facar.&#8221; Somos m\u00e1quinas paleol\u00edticas tentando funcionar com combust\u00edvel industrial.<\/p>\n\n\n\n<p>Cada ano que fingimos que podemos ignorar nossa heran\u00e7a evolutiva,&nbsp;milh\u00f5es de jovens&nbsp;adicionais entram numa espiral de sofrimento psicol\u00f3gico que era virtualmente inexistente por 99,5% da nossa hist\u00f3ria como esp\u00e9cie.<\/p>\n\n\n\n<p>N\u00e3o estamos lidando com uma &#8220;epidemia de sa\u00fade mental&#8221; \u2014 estamos colhendo os frutos podres de&nbsp;d\u00e9cadas de decis\u00f5es contra a natureza humana. Cada alimento ultraprocessado, cada hora extra de sedentarismo, cada v\u00ednculo social substitu\u00eddo por conex\u00e3o digital \u00e9 um&nbsp;pequeno suic\u00eddio civilizacional.<\/p>\n\n\n\n<p><strong>Fontes e refer\u00eancias da coluna:<\/strong><\/p>\n\n\n\n<p>Pesquisadores e Especialistas:<\/p>\n\n\n\n<ol start=\"1\" class=\"wp-block-list\">\n<li>Jeffrey Mermelstein\u00a0&#8211; Psic\u00f3logo cl\u00ednico especializado em psiquiatria evolutiva<\/li>\n\n\n\n<li>Edward Reynolds e James Kinnier Wilson\u00a0&#8211; Especialistas que traduziram textos babil\u00f4nicos<\/li>\n\n\n\n<li>Moudhy Al-Rashid\u00a0&#8211; Assiri\u00f3loga da Universidade de Oxford<\/li>\n\n\n\n<li>Jason Rentfrow\u00a0&#8211; Psic\u00f3logo da Universidade de Cambridge<\/li>\n\n\n\n<li>Dr. Wolfgang Marx\u00a0&#8211; Diretor do Food Centre da Deakin University<\/li>\n\n\n\n<li>Daniel Lieberman\u00a0&#8211; Bi\u00f3logo evolutivo de Harvard<\/li>\n\n\n\n<li>Dr. Nikhil Chaudhary\u00a0&#8211; Antrop\u00f3logo que estuda sociedades ca\u00e7adoras-coletoras<\/li>\n\n\n\n<li>Brandon Hidaka\u00a0&#8211; Pesquisador da Kansas Medical Center<\/li>\n<\/ol>\n\n\n\n<p>Institui\u00e7\u00f5es Acad\u00eamicas:<\/p>\n\n\n\n<ul class=\"wp-block-list\">\n<li>Universidade de Cambridge<\/li>\n\n\n\n<li>Universidade de Oxford<\/li>\n\n\n\n<li>Harvard University<\/li>\n\n\n\n<li>Deakin University<\/li>\n\n\n\n<li>Columbia Psychiatry<\/li>\n\n\n\n<li>Kansas Medical Center<\/li>\n\n\n\n<li>University of Chicago<\/li>\n\n\n\n<li>McLean Hospital<\/li>\n<\/ul>\n\n\n\n<p>Bases de Dados e Organiza\u00e7\u00f5es:<\/p>\n\n\n\n<ul class=\"wp-block-list\">\n<li>PMC (PubMed Central)<\/li>\n\n\n\n<li>Nature<\/li>\n\n\n\n<li>WHO (Organiza\u00e7\u00e3o Mundial da Sa\u00fade)<\/li>\n\n\n\n<li>CDC (Centers for Disease Control)<\/li>\n\n\n\n<li>NIMH (National Institute of Mental Health)<\/li>\n\n\n\n<li>BMJ (British Medical Journal)<\/li>\n\n\n\n<li>The Lancet<\/li>\n<\/ul>\n\n\n\n<p><\/p>\n","protected":false},"excerpt":{"rendered":"<p>Por 300.000 anos, nossos ancestrais ca\u00e7aram, fugiram de predadores e enfrentaram tempestades sem precisar de terapeutas. Hoje, uma gera\u00e7\u00e3o inteira entra em p\u00e2nico ao receber uma notifica\u00e7\u00e3o no celular. Durante 99,5% da nossa exist\u00eancia como esp\u00e9cie, vivemos em pequenos grupos onde ansiedade e depress\u00e3o eram&nbsp;rar\u00edssimas&nbsp;\u2014 entre 1 a 3% da popula\u00e7\u00e3o. A ansiedade servia como&#8230;<\/p>\n","protected":false},"author":28,"featured_media":5596,"comment_status":"open","ping_status":"open","sticky":false,"template":"","format":"standard","meta":{"footnotes":""},"categories":[10],"tags":[],"class_list":["post-5595","post","type-post","status-publish","format-standard","has-post-thumbnail","hentry","category-opiniao"],"_links":{"self":[{"href":"https:\/\/cidadenoar.com\/global\/wp-json\/wp\/v2\/posts\/5595","targetHints":{"allow":["GET"]}}],"collection":[{"href":"https:\/\/cidadenoar.com\/global\/wp-json\/wp\/v2\/posts"}],"about":[{"href":"https:\/\/cidadenoar.com\/global\/wp-json\/wp\/v2\/types\/post"}],"author":[{"embeddable":true,"href":"https:\/\/cidadenoar.com\/global\/wp-json\/wp\/v2\/users\/28"}],"replies":[{"embeddable":true,"href":"https:\/\/cidadenoar.com\/global\/wp-json\/wp\/v2\/comments?post=5595"}],"version-history":[{"count":2,"href":"https:\/\/cidadenoar.com\/global\/wp-json\/wp\/v2\/posts\/5595\/revisions"}],"predecessor-version":[{"id":5598,"href":"https:\/\/cidadenoar.com\/global\/wp-json\/wp\/v2\/posts\/5595\/revisions\/5598"}],"wp:featuredmedia":[{"embeddable":true,"href":"https:\/\/cidadenoar.com\/global\/wp-json\/wp\/v2\/media\/5596"}],"wp:attachment":[{"href":"https:\/\/cidadenoar.com\/global\/wp-json\/wp\/v2\/media?parent=5595"}],"wp:term":[{"taxonomy":"category","embeddable":true,"href":"https:\/\/cidadenoar.com\/global\/wp-json\/wp\/v2\/categories?post=5595"},{"taxonomy":"post_tag","embeddable":true,"href":"https:\/\/cidadenoar.com\/global\/wp-json\/wp\/v2\/tags?post=5595"}],"curies":[{"name":"wp","href":"https:\/\/api.w.org\/{rel}","templated":true}]}}