{"id":5625,"date":"2025-09-18T22:48:55","date_gmt":"2025-09-19T01:48:55","guid":{"rendered":"https:\/\/cidadenoar.com\/?p=5625"},"modified":"2025-09-18T22:48:58","modified_gmt":"2025-09-19T01:48:58","slug":"fort-atacadista-de-chapeco-celebra-o-dia-do-gaucho-com-costelaco-musica-e-mateada","status":"publish","type":"post","link":"https:\/\/cidadenoar.com\/global\/cultura-lazer\/fort-atacadista-de-chapeco-celebra-o-dia-do-gaucho-com-costelaco-musica-e-mateada\/","title":{"rendered":"Fort Atacadista de Chapec\u00f3 celebra o Dia do Ga\u00facho com costela\u00e7o, m\u00fasica e mateada"},"content":{"rendered":"\n<p><br>O Fort Atacadista de Chapec\u00f3, rede de atacarejo do Grupo Pereira, preparou uma programa\u00e7\u00e3o especial para comemorar o Dia do Ga\u00facho e a Semana Farroupilha, celebrando a forte influ\u00eancia da cultura ga\u00facha na regi\u00e3o Oeste de Santa Catarina.<\/p>\n\n\n\n<p><br>No dia 20 de setembro, das 10h \u00e0s 14h, o p\u00fablico que visitar o Fort Atacadista na Av. S\u00e3o Pedro, 1968, no bairro S\u00e3o Crist\u00f3v\u00e3o, poder\u00e1 participar de<strong>\u00a0atividades gratuitas, que incluem:<\/strong><br><\/p>\n\n\n\n<p>&#8211; Costela\u00e7o a fogo de ch\u00e3o, preparado com toda a tradi\u00e7\u00e3o ga\u00facha;<br><strong>&#8211; Show do cantor Carlos Magr\u00e3o;<\/strong><br>&#8211; Degusta\u00e7\u00e3o de produtos das marcas Aurora e Suq;<br>&#8211; Mateada com erva-mate Anzolli, garantindo um momento de confraterniza\u00e7\u00e3o t\u00edpico da cultura regional.<\/p>\n\n\n\n<p><br>\u00a0O evento refor\u00e7a a presen\u00e7a do Fort Atacadista na regi\u00e3o e celebra a hist\u00f3ria, os sabores e os costumes ga\u00fachos, proporcionando uma experi\u00eancia \u00fanica e gratuita para toda a fam\u00edlia.<\/p>\n\n\n\n<figure class=\"wp-block-image size-large is-resized\"><img fetchpriority=\"high\" decoding=\"async\" width=\"576\" height=\"1024\" src=\"https:\/\/cidadenoar.com\/wp-content\/uploads\/sites\/22\/2025\/09\/Costelaco-a-fogo-de-chao-preparado-com-toda-a-tradicao-gaucha-576x1024.jpg\" alt=\"\" class=\"wp-image-5628\" style=\"width:457px;height:auto\" title=\"\" srcset=\"https:\/\/cidadenoar.com\/global\/wp-content\/uploads\/sites\/22\/2025\/09\/Costelaco-a-fogo-de-chao-preparado-com-toda-a-tradicao-gaucha-576x1024.jpg 576w, https:\/\/cidadenoar.com\/global\/wp-content\/uploads\/sites\/22\/2025\/09\/Costelaco-a-fogo-de-chao-preparado-com-toda-a-tradicao-gaucha-169x300.jpg 169w, https:\/\/cidadenoar.com\/global\/wp-content\/uploads\/sites\/22\/2025\/09\/Costelaco-a-fogo-de-chao-preparado-com-toda-a-tradicao-gaucha.jpg 720w\" sizes=\"(max-width: 576px) 100vw, 576px\" \/><figcaption class=\"wp-element-caption\"><em>Costela\u00e7o a fogo de ch\u00e3o, preparado com toda a tradi\u00e7\u00e3o\u00a0ga\u00facha<\/em><\/figcaption><\/figure>\n\n\n\n<p><br>&#8220;\u00c9 uma alegria para n\u00f3s celebrar o Dia do Ga\u00facho e a Semana Farroupilha em Chapec\u00f3, uma regi\u00e3o que abra\u00e7a com tanto carinho a cultura ga\u00facha. Esperamos receber toda a comunidade para um momento de confraterniza\u00e7\u00e3o, com m\u00fasica, sabores t\u00edpicos e aquela tradicional mateada, tornando este dia especial para fam\u00edlias e amigos&#8221;, afirma Silvia Marquez, marketing do Fort Atacadista.<\/p>\n\n\n\n<p><br><strong>SERVI\u00c7O:<\/strong><br><strong>-O qu\u00ea:<\/strong>&nbsp;Celebra\u00e7\u00e3o do Dia do Ga\u00facho e Semana Farroupilha no Fort Atacadista de Chapec\u00f3<br><strong>-Quando:<\/strong>&nbsp;20 de setembro, das 10h \u00e0s 14h<br><strong>-Onde:<\/strong>&nbsp;Fort Atacadista \u2013 Avenida S\u00e3o Pedro, 1968, Bairro S\u00e3o Crist\u00f3v\u00e3o, Chapec\u00f3 (SC)<br><strong>-Entrada:<\/strong>&nbsp;Gratuita<\/p>\n\n\n\n<figure class=\"wp-block-image size-large is-resized\"><img decoding=\"async\" width=\"1024\" height=\"512\" src=\"https:\/\/cidadenoar.com\/wp-content\/uploads\/sites\/22\/2025\/09\/semana-farroupilha-banner-1024x512.jpg\" alt=\"\" class=\"wp-image-5627\" style=\"width:648px;height:auto\" title=\"\" srcset=\"https:\/\/cidadenoar.com\/global\/wp-content\/uploads\/sites\/22\/2025\/09\/semana-farroupilha-banner-1024x512.jpg 1024w, https:\/\/cidadenoar.com\/global\/wp-content\/uploads\/sites\/22\/2025\/09\/semana-farroupilha-banner-300x150.jpg 300w, https:\/\/cidadenoar.com\/global\/wp-content\/uploads\/sites\/22\/2025\/09\/semana-farroupilha-banner-768x384.jpg 768w, https:\/\/cidadenoar.com\/global\/wp-content\/uploads\/sites\/22\/2025\/09\/semana-farroupilha-banner-1536x768.jpg 1536w, https:\/\/cidadenoar.com\/global\/wp-content\/uploads\/sites\/22\/2025\/09\/semana-farroupilha-banner-2048x1024.jpg 2048w\" sizes=\"(max-width: 1024px) 100vw, 1024px\" \/><\/figure>\n","protected":false},"excerpt":{"rendered":"<p>Evento gratuito neste s\u00e1bado, dia 20 de setembro, marca a Semana Farroupilha e refor\u00e7a a tradi\u00e7\u00e3o ga\u00facha no Oeste catarinense<\/p>\n","protected":false},"author":23,"featured_media":5626,"comment_status":"open","ping_status":"open","sticky":false,"template":"","format":"standard","meta":{"footnotes":""},"categories":[360],"tags":[112,668,667],"class_list":["post-5625","post","type-post","status-publish","format-standard","has-post-thumbnail","hentry","category-cultura-lazer","tag-fort-atacadista","tag-semana-farroupilha","tag-show"],"_links":{"self":[{"href":"https:\/\/cidadenoar.com\/global\/wp-json\/wp\/v2\/posts\/5625","targetHints":{"allow":["GET"]}}],"collection":[{"href":"https:\/\/cidadenoar.com\/global\/wp-json\/wp\/v2\/posts"}],"about":[{"href":"https:\/\/cidadenoar.com\/global\/wp-json\/wp\/v2\/types\/post"}],"author":[{"embeddable":true,"href":"https:\/\/cidadenoar.com\/global\/wp-json\/wp\/v2\/users\/23"}],"replies":[{"embeddable":true,"href":"https:\/\/cidadenoar.com\/global\/wp-json\/wp\/v2\/comments?post=5625"}],"version-history":[{"count":2,"href":"https:\/\/cidadenoar.com\/global\/wp-json\/wp\/v2\/posts\/5625\/revisions"}],"predecessor-version":[{"id":5630,"href":"https:\/\/cidadenoar.com\/global\/wp-json\/wp\/v2\/posts\/5625\/revisions\/5630"}],"wp:featuredmedia":[{"embeddable":true,"href":"https:\/\/cidadenoar.com\/global\/wp-json\/wp\/v2\/media\/5626"}],"wp:attachment":[{"href":"https:\/\/cidadenoar.com\/global\/wp-json\/wp\/v2\/media?parent=5625"}],"wp:term":[{"taxonomy":"category","embeddable":true,"href":"https:\/\/cidadenoar.com\/global\/wp-json\/wp\/v2\/categories?post=5625"},{"taxonomy":"post_tag","embeddable":true,"href":"https:\/\/cidadenoar.com\/global\/wp-json\/wp\/v2\/tags?post=5625"}],"curies":[{"name":"wp","href":"https:\/\/api.w.org\/{rel}","templated":true}]}}