{"id":5651,"date":"2025-09-20T21:03:08","date_gmt":"2025-09-21T00:03:08","guid":{"rendered":"https:\/\/cidadenoar.com\/?p=5651"},"modified":"2025-10-07T11:10:22","modified_gmt":"2025-10-07T14:10:22","slug":"modelo-de-sucesso-rodadas-de-negocios-se-consolidam-como-ferramenta-estrategica-para-a-construcao-civil","status":"publish","type":"post","link":"https:\/\/cidadenoar.com\/global\/economia-negocios\/modelo-de-sucesso-rodadas-de-negocios-se-consolidam-como-ferramenta-estrategica-para-a-construcao-civil\/","title":{"rendered":"Modelo de Sucesso: Rodadas de Neg\u00f3cios se Consolidam como Ferramenta Estrat\u00e9gica para a Constru\u00e7\u00e3o Civil"},"content":{"rendered":"\n<p>Em um ambiente de grande escala como a Feira Construir.A\u00ed, que atraiu mais de 30 mil pessoas e mais de 200 expositores a <a href=\"https:\/\/balneariocamboriu.cidadenoar.com\" target=\"_blank\" rel=\"noreferrer noopener\">Balne\u00e1rio Cambori\u00fa<\/a>, um evento paralelo se destacou n\u00e3o pelo tamanho, mas pela sua imensa densidade estrat\u00e9gica: a Rodada de Neg\u00f3cios. Com a curadoria e produ\u00e7\u00e3o de <a href=\"https:\/\/cidadenoar.com\/economia-negocios\/amato-business-e-feira-construir-parceria-que-gera-conexoes-e-negocios-no-setor-da-construcao\/\" target=\"_blank\" data-type=\"post\" data-id=\"5637\" rel=\"noreferrer noopener\">Rita Amato<\/a>, da Amato Business, o encontro provou ser muito mais do que um simples networking. Consolidou-se como uma metodologia refinada e essencial para conectar, de forma assertiva e mensur\u00e1vel, os elos da cadeia produtiva da constru\u00e7\u00e3o civil.<\/p>\n\n\n\n<p>O sucesso da iniciativa, validado por parceiros, entidades setoriais e pelos pr\u00f3prios participantes, evidencia a matura\u00e7\u00e3o de um modelo de neg\u00f3cios que responde diretamente \u00e0s dores de um mercado din\u00e2mico e exigente. A expertise por tr\u00e1s desse formato \u00e9 o que transforma conversas cronometradas em parcerias duradouras.<\/p>\n\n\n\n<h4 class=\"wp-block-heading\"><strong>A Vis\u00e3o do Parceiro: Valor Mensur\u00e1vel para a Feira e seus Expositores<\/strong><\/h4>\n\n\n\n<p>Para uma feira do porte da <a href=\"https:\/\/cidadenoar.com\/economia-negocios\/feira-construir-ai-reunira-mais-de-200-expositores-em-15-mil-m%c2%b2-de-area\/\" target=\"_blank\" data-type=\"post\" data-id=\"3828\" rel=\"noreferrer noopener\">Construir.A\u00ed<\/a>, agregar uma rodada de neg\u00f3cios \u00e9 uma decis\u00e3o estrat\u00e9gica que visa potencializar os resultados para seus expositores. Fabr\u00edcio, organizador da feira, explica que o formato oferece uma vantagem crucial em meio \u00e0 agita\u00e7\u00e3o dos estandes.<\/p>\n\n\n\n<p>&#8220;Para os expositores, \u00e9 uma forma de conseguir mensurar ainda mais os resultados das visitas&#8221;. Ele complementa: &#8220;\u00c0s vezes no estande ali \u00e9 tanta correria e eles come\u00e7am a trabalhar esse lead a partir de agora. A rodada, ela traz algo mais r\u00e1pido, mais mensur\u00e1vel, o cara consegue j\u00e1 um contato&#8221;.<\/p>\n\n\n\n<p>Fabr\u00edcio destaca que a iniciativa soluciona um desafio central do setor. &#8220;A gente sabe a dificuldade que as empresas t\u00eam de acessar as construtoras. Ent\u00e3o aqui ele est\u00e1 um pra um na frente dos caras que s\u00e3o quem eles precisam visitar&#8221;. Essa conex\u00e3o direta, baseada no relacionamento pessoal, gera um feedback &#8220;maravilhoso&#8221;, segundo ele. &#8220;As construtoras sabem quem s\u00e3o as pessoas, conhecer quem est\u00e1 por tr\u00e1s da empresa. A din\u00e2mica \u00e9 uma degusta\u00e7\u00e3o que pretendemos aprimorar e manter nos pr\u00f3ximos anos&#8221;.<\/p>\n\n\n\n<h4 class=\"wp-block-heading\"><strong>O Endosso do Setor: A Ponte Estrat\u00e9gica do Sinduscon<\/strong><\/h4>\n\n\n\n<p>A valida\u00e7\u00e3o do modelo n\u00e3o vem apenas dos parceiros de evento, mas tamb\u00e9m de importantes entidades que representam o setor. O Sindicato da Ind\u00fastria da Constru\u00e7\u00e3o Civil de <a href=\"https:\/\/joinville.cidadenoar.com\" target=\"_blank\" data-type=\"post\" data-id=\"3952\" rel=\"noreferrer noopener\">Joinville<\/a> (<a href=\"https:\/\/cidadenoar.com\/economia-negocios\/joinville-sedia-rodada-de-negocios-da-construcao-civil-e-conecta-fornecedores-a-25-grandes-construtoras\/\" target=\"_blank\" rel=\"noreferrer noopener\">Sinduscon<\/a>) \u00e9 um participante ativo das rodadas organizadas por Rita Amato, tanto em sua cidade de origem quanto em eventos como o de Balne\u00e1rio Cambori\u00fa.<\/p>\n\n\n\n<p>Annelise Cerutti, Secret\u00e1ria Executiva do Sinduscon Joinville, ressalta a import\u00e2ncia da iniciativa para seus membros. &#8220;\u00c9 muito importante porque a gente consegue fazer um link entre as empresas associadas e os fornecedores&#8221;. Segundo ela, &#8220;em um dia s\u00f3, as empresas associadas conseguem fazer essa troca, fechar neg\u00f3cios e conhecer novos fornecedores, o que \u00e9 fundamental&#8221;.<\/p>\n\n\n\n<p>A rodada funciona como um catalisador de inova\u00e7\u00e3o. &#8220;A rodada traz para as empresas essa gama de novos fornecedores, trazendo novas informa\u00e7\u00f5es, inova\u00e7\u00f5es, servi\u00e7os e produtos&#8221;. Para Annelise, levar os associados para participar de eventos em outras cidades, como a Feira Construir.A\u00ed, cumpre um papel central da entidade. &#8220;Esse que \u00e9 o papel do Sinduscon: trazer benef\u00edcios e oportunidades para nossas empresas. N\u00f3s nos unimos para poder promover esse tipo de a\u00e7\u00f5es em conjunto e trocamos muitas experi\u00eancias. A parceria \u00e9 muito positiva&#8221;.<\/p>\n\n\n\n<h4 class=\"wp-block-heading\"><strong>A Expertise por Tr\u00e1s do Sucesso: 32 Anos de Experi\u00eancia<\/strong><\/h4>\n\n\n\n<p>O sucesso e a consolida\u00e7\u00e3o das rodadas de neg\u00f3cios s\u00e3o fruto de uma longa trajet\u00f3ria de experi\u00eancia e dedica\u00e7\u00e3o. \u00c0 frente da Amato Business, Rita Amato acumula 32 anos de experi\u00eancia no desenvolvimento de projetos e eventos corporativos. Sua carreira inclui passagens marcantes no desenvolvimento do turismo em Mato Grosso e na realiza\u00e7\u00e3o de feiras e eventos pelo Sebrae\/MT.<\/p>\n\n\n\n<p>Desde que se estabeleceu em Santa Catarina, em 2012, Amato especializou-se na cria\u00e7\u00e3o de rodadas de neg\u00f3cios, come\u00e7ando j\u00e1 em 2013. Ela atua em m\u00faltiplos segmentos, como pl\u00e1sticos, metalurgia e metalmec\u00e2nico, mas encontrou na constru\u00e7\u00e3o civil um campo f\u00e9rtil para aplicar sua metodologia com grande sucesso.<\/p>\n\n\n\n<p>Com a sensibilidade de quem entende profundamente as din\u00e2micas de mercado, Rita Amato celebra os resultados. &#8220;As rodadas t\u00eam nos surpreendido positivamente a cada realiza\u00e7\u00e3o. Os depoimentos dos participantes, tanto compradores (construtoras) como fornecedores e parceiros, t\u00eam sido incr\u00edveis e nos motivam a seguir evoluindo e ampliando&#8221;.<\/p>\n\n\n\n<p>A realiza\u00e7\u00e3o bem-sucedida de tr\u00eas rodadas dentro da Feira Construir.A\u00ed n\u00e3o foi um acaso, mas a confirma\u00e7\u00e3o de que um modelo bem estruturado, liderado por uma profissional experiente, \u00e9 a chave para transformar encontros breves em resultados concretos e duradouros, fortalecendo todo um ecossistema de neg\u00f3cios.<\/p>\n","protected":false},"excerpt":{"rendered":"<p>Em um ambiente de grande escala como a Feira Construir.A\u00ed, que atraiu mais de 30 mil pessoas e mais de 200 expositores a Balne\u00e1rio Cambori\u00fa, um evento paralelo se destacou n\u00e3o pelo tamanho, mas pela sua imensa densidade estrat\u00e9gica: a Rodada de Neg\u00f3cios. Com a curadoria e produ\u00e7\u00e3o de Rita Amato, da Amato Business, o&#8230;<\/p>\n","protected":false},"author":1,"featured_media":5902,"comment_status":"open","ping_status":"open","sticky":false,"template":"","format":"standard","meta":{"footnotes":""},"categories":[289],"tags":[36,52,528,580],"class_list":["post-5651","post","type-post","status-publish","format-standard","has-post-thumbnail","hentry","category-economia-negocios","tag-economia","tag-empreendedorismo","tag-joinville-sc-2","tag-rodada-de-negocios"],"_links":{"self":[{"href":"https:\/\/cidadenoar.com\/global\/wp-json\/wp\/v2\/posts\/5651","targetHints":{"allow":["GET"]}}],"collection":[{"href":"https:\/\/cidadenoar.com\/global\/wp-json\/wp\/v2\/posts"}],"about":[{"href":"https:\/\/cidadenoar.com\/global\/wp-json\/wp\/v2\/types\/post"}],"author":[{"embeddable":true,"href":"https:\/\/cidadenoar.com\/global\/wp-json\/wp\/v2\/users\/1"}],"replies":[{"embeddable":true,"href":"https:\/\/cidadenoar.com\/global\/wp-json\/wp\/v2\/comments?post=5651"}],"version-history":[{"count":2,"href":"https:\/\/cidadenoar.com\/global\/wp-json\/wp\/v2\/posts\/5651\/revisions"}],"predecessor-version":[{"id":5654,"href":"https:\/\/cidadenoar.com\/global\/wp-json\/wp\/v2\/posts\/5651\/revisions\/5654"}],"wp:featuredmedia":[{"embeddable":true,"href":"https:\/\/cidadenoar.com\/global\/wp-json\/wp\/v2\/media\/5902"}],"wp:attachment":[{"href":"https:\/\/cidadenoar.com\/global\/wp-json\/wp\/v2\/media?parent=5651"}],"wp:term":[{"taxonomy":"category","embeddable":true,"href":"https:\/\/cidadenoar.com\/global\/wp-json\/wp\/v2\/categories?post=5651"},{"taxonomy":"post_tag","embeddable":true,"href":"https:\/\/cidadenoar.com\/global\/wp-json\/wp\/v2\/tags?post=5651"}],"curies":[{"name":"wp","href":"https:\/\/api.w.org\/{rel}","templated":true}]}}