{"id":5685,"date":"2025-09-21T16:37:31","date_gmt":"2025-09-21T19:37:31","guid":{"rendered":"https:\/\/cidadenoar.com\/?p=5685"},"modified":"2025-09-21T16:37:35","modified_gmt":"2025-09-21T19:37:35","slug":"imersao-mestre-em-negocios-comeca-em-florianopolis-e-promete-transformar-gestao-de-empreendedores-em-cinco-dias-de-aprendizado-intensivo","status":"publish","type":"post","link":"https:\/\/cidadenoar.com\/global\/economia-negocios\/imersao-mestre-em-negocios-comeca-em-florianopolis-e-promete-transformar-gestao-de-empreendedores-em-cinco-dias-de-aprendizado-intensivo\/","title":{"rendered":"Imers\u00e3o \u201cMestre em Neg\u00f3cios\u201d come\u00e7a em Florian\u00f3polis e promete transformar gest\u00e3o de empreendedores em cinco dias de aprendizado intensivo"},"content":{"rendered":"\n<p>Florian\u00f3polis recebe, a partir da pr\u00f3xima segunda-feira, 22 de setembro de 2025, a imers\u00e3o <strong>Mestre em Neg\u00f3cios<\/strong>, evento que segue at\u00e9 sexta-feira, 26 de setembro. A iniciativa, liderada pelo empreendedor <strong><a href=\"https:\/\/cidadenoar.com\/economia-negocios\/felipe-airan-machado-a-trajetoria-de-quem-escolheu-servir-empresarios-que-querem-crescer-com-liberdade\/\" target=\"_blank\" data-type=\"post\" data-id=\"3391\" rel=\"noreferrer noopener\">Felipe Airan<\/a><\/strong> e pelo Grupo AR Educa\u00e7\u00e3o, promete reunir empres\u00e1rios, gestores e profissionais em busca de crescimento sustent\u00e1vel, inova\u00e7\u00e3o em processos e maior lucratividade.<\/p>\n\n\n\n<p>Ser\u00e3o <strong>cinco dias de atividades presenciais<\/strong>, com foco em diagn\u00f3stico, planejamento e execu\u00e7\u00e3o de estrat\u00e9gias que abrangem gest\u00e3o de neg\u00f3cios, lideran\u00e7a, cultura organizacional, marketing, vendas e finan\u00e7as. A proposta \u00e9 oferecer aos participantes uma imers\u00e3o pr\u00e1tica que alia conte\u00fado de alto n\u00edvel, acompanhamento pr\u00f3ximo e aplica\u00e7\u00e3o imediata em suas empresas.<\/p>\n\n\n\n<p>Al\u00e9m dos cinco dias de programa\u00e7\u00e3o intensiva, os inscritos no Mestre em <a href=\"https:\/\/cidadenoar.com\/economia-negocios\/felipe-airan-lanca-imersao-mestre-em-negocios-em-florianopolis-com-cinco-dias-de-aprendizado-estrategico-e-acompanhamento-de-seis-meses\/\" target=\"_blank\" data-type=\"post\" data-id=\"5084\" rel=\"noreferrer noopener\">Neg\u00f3cios <\/a>ter\u00e3o <strong>seis meses de monitoramento cont\u00ednuo<\/strong>, com reuni\u00f5es mensais para revis\u00e3o de resultados e ajustes estrat\u00e9gicos. O objetivo \u00e9 garantir que os empres\u00e1rios n\u00e3o apenas recebam o conte\u00fado, mas consigam implementar cada etapa com efic\u00e1cia e consist\u00eancia.<\/p>\n\n\n\n<p>O evento foi estruturado em tr\u00eas pilares: <strong>diagnosticar, aplicar e monitorar<\/strong>. O diagn\u00f3stico inicial permite um raio-x da empresa nas \u00e1reas de finan\u00e7as, processos, marketing e gest\u00e3o de pessoas. A fase de aplica\u00e7\u00e3o gera um plano personalizado, acompanhado pela equipe do Grupo AR Educa\u00e7\u00e3o. J\u00e1 o monitoramento mensal mant\u00e9m o participante em evolu\u00e7\u00e3o constante, com ajustes e suporte especializado.<\/p>\n\n\n\n<p>Felipe Airan, s\u00f3cio fundador do Grupo AR Educa\u00e7\u00e3o, tem mais de 17 anos de experi\u00eancia em gest\u00e3o financeira, \u00e9 especialista em controladoria e j\u00e1 impactou mais de 4 mil pessoas com palestras e consultorias. Ao seu lado est\u00e1 <strong><a href=\"https:\/\/cidadenoar.com\/tecnologia-educacao\/anderson-luiz-emociona-plateia-no-segundo-dia-da-imersao-negocios-exponenciais-em-florianopolis\/\" target=\"_blank\" data-type=\"post\" data-id=\"5013\" rel=\"noreferrer noopener\">Anderson Luiz<\/a><\/strong>, s\u00f3cio do grupo, escritor, terapeuta comportamental e um dos maiores especialistas brasileiros em PNL e intelig\u00eancia financeira, com experi\u00eancia em treinamentos de mais de 200 mil pessoas.<\/p>\n\n\n\n<p>Entre os diferenciais do Mestre em Neg\u00f3cios, est\u00e3o <strong>mais de 50 cursos complementares com certificado<\/strong>, acesso a uma <strong>plataforma exclusiva de alta performance<\/strong> e b\u00f4nus como tr\u00eas dias na imers\u00e3o <strong>Neg\u00f3cios Exponenciais<\/strong> e quatro dias no <strong>m\u00e9todo TES<\/strong>, considerado o maior evento de PNL do mundo.<\/p>\n\n\n\n<p>O evento tamb\u00e9m traz a proposta de desenvolver n\u00e3o apenas <a href=\"https:\/\/cidadenoar.com.brr\" target=\"_blank\" rel=\"noreferrer noopener\">empresas<\/a>, mas tamb\u00e9m seus l\u00edderes. \u201cN\u00e3o existe CNPJ forte com CPF fraco\u201d, afirma Felipe Airan, ressaltando a import\u00e2ncia de empreendedores com intelig\u00eancia emocional, capacidade de lideran\u00e7a e clareza estrat\u00e9gica.<\/p>\n\n\n\n<p>Com expectativa de reunir empreendedores de diferentes regi\u00f5es do Brasil, a imers\u00e3o em Florian\u00f3polis promete ser um ambiente f\u00e9rtil para networking, troca de experi\u00eancias e constru\u00e7\u00e3o de resultados s\u00f3lidos.<\/p>\n","protected":false},"excerpt":{"rendered":"<p>Florian\u00f3polis recebe, a partir da pr\u00f3xima segunda-feira, 22 de setembro de 2025, a imers\u00e3o Mestre em Neg\u00f3cios, evento que segue at\u00e9 sexta-feira, 26 de setembro. A iniciativa, liderada pelo empreendedor Felipe Airan e pelo Grupo AR Educa\u00e7\u00e3o, promete reunir empres\u00e1rios, gestores e profissionais em busca de crescimento sustent\u00e1vel, inova\u00e7\u00e3o em processos e maior lucratividade. Ser\u00e3o&#8230;<\/p>\n","protected":false},"author":1,"featured_media":5686,"comment_status":"open","ping_status":"open","sticky":false,"template":"","format":"standard","meta":{"footnotes":""},"categories":[289],"tags":[31,52,574,599],"class_list":["post-5685","post","type-post","status-publish","format-standard","has-post-thumbnail","hentry","category-economia-negocios","tag-educacao","tag-empreendedorismo","tag-imersao","tag-negocios-2"],"_links":{"self":[{"href":"https:\/\/cidadenoar.com\/global\/wp-json\/wp\/v2\/posts\/5685","targetHints":{"allow":["GET"]}}],"collection":[{"href":"https:\/\/cidadenoar.com\/global\/wp-json\/wp\/v2\/posts"}],"about":[{"href":"https:\/\/cidadenoar.com\/global\/wp-json\/wp\/v2\/types\/post"}],"author":[{"embeddable":true,"href":"https:\/\/cidadenoar.com\/global\/wp-json\/wp\/v2\/users\/1"}],"replies":[{"embeddable":true,"href":"https:\/\/cidadenoar.com\/global\/wp-json\/wp\/v2\/comments?post=5685"}],"version-history":[{"count":1,"href":"https:\/\/cidadenoar.com\/global\/wp-json\/wp\/v2\/posts\/5685\/revisions"}],"predecessor-version":[{"id":5687,"href":"https:\/\/cidadenoar.com\/global\/wp-json\/wp\/v2\/posts\/5685\/revisions\/5687"}],"wp:featuredmedia":[{"embeddable":true,"href":"https:\/\/cidadenoar.com\/global\/wp-json\/wp\/v2\/media\/5686"}],"wp:attachment":[{"href":"https:\/\/cidadenoar.com\/global\/wp-json\/wp\/v2\/media?parent=5685"}],"wp:term":[{"taxonomy":"category","embeddable":true,"href":"https:\/\/cidadenoar.com\/global\/wp-json\/wp\/v2\/categories?post=5685"},{"taxonomy":"post_tag","embeddable":true,"href":"https:\/\/cidadenoar.com\/global\/wp-json\/wp\/v2\/tags?post=5685"}],"curies":[{"name":"wp","href":"https:\/\/api.w.org\/{rel}","templated":true}]}}