{"id":5692,"date":"2025-09-22T12:22:10","date_gmt":"2025-09-22T15:22:10","guid":{"rendered":"https:\/\/cidadenoar.com\/?p=5692"},"modified":"2025-09-22T12:22:14","modified_gmt":"2025-09-22T15:22:14","slug":"especialista-em-harmonizacao-facial-explica-como-evitar-o-ozempic-face-apos-emagrecimento-acelerado","status":"publish","type":"post","link":"https:\/\/cidadenoar.com\/global\/saude-bem%e2%80%91estar\/especialista-em-harmonizacao-facial-explica-como-evitar-o-ozempic-face-apos-emagrecimento-acelerado\/","title":{"rendered":"Especialista em harmoniza\u00e7\u00e3o facial explica como evitar o &#8220;Ozempic Face&#8221; ap\u00f3s emagrecimento acelerado"},"content":{"rendered":"\n<p>O emagrecimento r\u00e1pido, seja por dietas restritivas ou pelo uso de medicamentos como o pol\u00eamico Ozempic (semaglutida), pode trazer efeitos indesejados no rosto, popularmente conhecidos como&nbsp;<strong>\u201cOzempic Face\u201d<\/strong>. Caracterizado por perda de volume facial, flacidez, olheiras mais profundas e contornos menos definidos, esse fen\u00f4meno deixa a apar\u00eancia cansada e envelhecida.<\/p>\n\n\n\n<p>Para explicar o tema e orientar quem busca emagrecer de forma saud\u00e1vel, a farmac\u00eautica esteta e especialista em harmoniza\u00e7\u00e3o facial&nbsp;<a href=\"https:\/\/instagram.com\/draluisacaser\" target=\"_blank\" rel=\"noreferrer noopener\"><strong>Lu\u00edsa Caser<\/strong><\/a>, de Florian\u00f3polis, aponta os principais sinais e recomenda\u00e7\u00f5es para prevenir ou minimizar o efeito.<\/p>\n\n\n\n<p>\u201cO Ozempic Face n\u00e3o \u00e9 um efeito colateral direto do medicamento. Ele surge principalmente devido \u00e0 perda acelerada de gordura e massa muscular, que prejudica a sustenta\u00e7\u00e3o da pele e dos contornos faciais\u201d, explica Lu\u00edsa. Segundo a especialista, fatores como idade, gen\u00e9tica, qualidade da pele e hist\u00f3rico de peso influenciam o grau de flacidez e perda de volume.<\/p>\n\n\n\n<p><strong>Sinais mais comuns do \u201cOzempic Face\u201d<\/strong><\/p>\n\n\n\n<figure class=\"wp-block-image size-large is-resized\"><img fetchpriority=\"high\" decoding=\"async\" width=\"1024\" height=\"1024\" src=\"https:\/\/cidadenoar.com\/wp-content\/uploads\/sites\/22\/2025\/09\/Ozempic-Face-Foto-Freepik-1024x1024.jpg\" alt=\"\" class=\"wp-image-5693\" style=\"width:370px;height:auto\" title=\"\" srcset=\"https:\/\/cidadenoar.com\/global\/wp-content\/uploads\/sites\/22\/2025\/09\/Ozempic-Face-Foto-Freepik-1024x1024.jpg 1024w, https:\/\/cidadenoar.com\/global\/wp-content\/uploads\/sites\/22\/2025\/09\/Ozempic-Face-Foto-Freepik-300x300.jpg 300w, https:\/\/cidadenoar.com\/global\/wp-content\/uploads\/sites\/22\/2025\/09\/Ozempic-Face-Foto-Freepik-150x150.jpg 150w, https:\/\/cidadenoar.com\/global\/wp-content\/uploads\/sites\/22\/2025\/09\/Ozempic-Face-Foto-Freepik-768x768.jpg 768w, https:\/\/cidadenoar.com\/global\/wp-content\/uploads\/sites\/22\/2025\/09\/Ozempic-Face-Foto-Freepik.jpg 1536w\" sizes=\"(max-width: 1024px) 100vw, 1024px\" \/><\/figure>\n\n\n\n<p>Entre os efeitos mais evidentes est\u00e3o:<\/p>\n\n\n\n<ul class=\"wp-block-list\">\n<li>Queda e achatamento da regi\u00e3o malar (embaixo dos olhos) e das t\u00eamporas;<\/li>\n\n\n\n<li>Rugas de express\u00e3o mais vis\u00edveis e sulcos profundos, como o \u201cbigode chin\u00eas\u201d;<\/li>\n\n\n\n<li>Olheiras mais fundas;<\/li>\n\n\n\n<li>Perda da defini\u00e7\u00e3o do contorno facial e flacidez no ter\u00e7o inferior do rosto;<\/li>\n\n\n\n<li>Queda da ponta das sobrancelhas, deixando o olhar mais cansado.<\/li>\n<\/ul>\n\n\n\n<p><strong>Procedimentos indicados para preven\u00e7\u00e3o e corre\u00e7\u00e3o<\/strong><\/p>\n\n\n\n<p>Para quem deseja prevenir ou tratar o Ozempic Face, Lu\u00edsa Caser &#8211; que reveza a sua agenda de atendimentos entre Florian\u00f3polis e S\u00e3o Paulo &#8211; recomenda principalmente&nbsp;<strong>procedimentos injet\u00e1veis<\/strong>, que proporcionam resultados pontuais, duradouros e um maior est\u00edmulo de col\u00e1geno.&nbsp;<\/p>\n\n\n\n<p>Entre os procedimentos que a especialista realiza em seu consult\u00f3rio, est\u00e3o:<\/p>\n\n\n\n<ul class=\"wp-block-list\">\n<li><strong>Bioestimuladores de col\u00e1geno (PLLA, hidroxiapatita de c\u00e1lcio)<\/strong>, que refor\u00e7am a firmeza e sustenta\u00e7\u00e3o da pele. O <strong>Protocolo Paris\u00ae<\/strong>, exclusivo da especialista, combina diferentes dilui\u00e7\u00f5es de bioestimuladores com \u00e1cido hialur\u00f4nico para rejuvenescimento tridimensional.<\/li>\n\n\n\n<li><strong>Preenchimentos estrat\u00e9gicos com \u00e1cido hialur\u00f4nico<\/strong>, para restaurar pontos-chave da sustenta\u00e7\u00e3o facial.<\/li>\n\n\n\n<li><strong>Toxina botul\u00ednica<\/strong>, que suaviza rugas e previne marcas de express\u00e3o.<\/li>\n\n\n\n<li>Tecnologias complementares como <strong>ultrassom microfocado, radiofrequ\u00eancia e lasers<\/strong>, que auxiliam na firmeza da pele, mas t\u00eam efic\u00e1cia limitada na recupera\u00e7\u00e3o de volume facial.\u00a0<\/li>\n<\/ul>\n\n\n\n<p><strong>Plano preventivo e cuidados gerais<\/strong><\/p>\n\n\n\n<p>O acompanhamento ideal inclui avalia\u00e7\u00e3o facial antes e durante o emagrecimento, reposi\u00e7\u00e3o gradual de col\u00e1geno, preven\u00e7\u00e3o da flacidez, nutri\u00e7\u00e3o adequada, suplementa\u00e7\u00e3o orientada e skincare individualizado.<\/p>\n\n\n\n<p>Lu\u00edsa alerta que a preven\u00e7\u00e3o \u00e9 mais eficaz e econ\u00f4mica: \u201cO ideal \u00e9 buscar acompanhamento antes de grandes perdas de peso. Mesmo quem j\u00e1 perdeu peso pode ter resultados expressivos, mas prevenir evita flacidez severa e garante um resultado natural e harmonioso.\u201d<\/p>\n\n\n\n<p>Al\u00e9m dos procedimentos est\u00e9ticos, a especialista recomenda h\u00e1bitos saud\u00e1veis que potencializam os resultados: alimenta\u00e7\u00e3o rica em prote\u00ednas e antioxidantes, hidrata\u00e7\u00e3o adequada, exerc\u00edcios f\u00edsicos, skincare di\u00e1rio com ativos anti-idade e sono de qualidade.<\/p>\n\n\n\n<p><strong>Sobre Lu\u00edsa Caser<\/strong><br>Farmac\u00eautica esteta e especialista em harmoniza\u00e7\u00e3o facial de Florian\u00f3polis, Lu\u00edsa Caser atua com protocolos personalizados de rejuvenescimento facial e corporal, incluindo o exclusivo&nbsp;<strong>Protocolo Paris\u00ae<\/strong>. Seu trabalho busca unir ci\u00eancia, t\u00e9cnica e est\u00e9tica para resultados naturais e duradouros.<\/p>\n\n\n\n<p><\/p>\n","protected":false},"excerpt":{"rendered":"<p>Farmac\u00eautica esteta Lu\u00edsa Caser explica procedimentos que podem ser feitos para evitar o \u201cderretimento\u201d do rosto ap\u00f3s emagrecimento r\u00e1pido com uso de rem\u00e9dios como o famoso Ozempic<\/p>\n","protected":false},"author":23,"featured_media":5694,"comment_status":"open","ping_status":"open","sticky":false,"template":"","format":"standard","meta":{"footnotes":""},"categories":[19],"tags":[675,676,674],"class_list":["post-5692","post","type-post","status-publish","format-standard","has-post-thumbnail","hentry","category-saude-bemestar","tag-emagrecimento","tag-luisa-caser","tag-ozempic-face"],"_links":{"self":[{"href":"https:\/\/cidadenoar.com\/global\/wp-json\/wp\/v2\/posts\/5692","targetHints":{"allow":["GET"]}}],"collection":[{"href":"https:\/\/cidadenoar.com\/global\/wp-json\/wp\/v2\/posts"}],"about":[{"href":"https:\/\/cidadenoar.com\/global\/wp-json\/wp\/v2\/types\/post"}],"author":[{"embeddable":true,"href":"https:\/\/cidadenoar.com\/global\/wp-json\/wp\/v2\/users\/23"}],"replies":[{"embeddable":true,"href":"https:\/\/cidadenoar.com\/global\/wp-json\/wp\/v2\/comments?post=5692"}],"version-history":[{"count":2,"href":"https:\/\/cidadenoar.com\/global\/wp-json\/wp\/v2\/posts\/5692\/revisions"}],"predecessor-version":[{"id":5696,"href":"https:\/\/cidadenoar.com\/global\/wp-json\/wp\/v2\/posts\/5692\/revisions\/5696"}],"wp:featuredmedia":[{"embeddable":true,"href":"https:\/\/cidadenoar.com\/global\/wp-json\/wp\/v2\/media\/5694"}],"wp:attachment":[{"href":"https:\/\/cidadenoar.com\/global\/wp-json\/wp\/v2\/media?parent=5692"}],"wp:term":[{"taxonomy":"category","embeddable":true,"href":"https:\/\/cidadenoar.com\/global\/wp-json\/wp\/v2\/categories?post=5692"},{"taxonomy":"post_tag","embeddable":true,"href":"https:\/\/cidadenoar.com\/global\/wp-json\/wp\/v2\/tags?post=5692"}],"curies":[{"name":"wp","href":"https:\/\/api.w.org\/{rel}","templated":true}]}}