{"id":5712,"date":"2025-09-23T17:50:12","date_gmt":"2025-09-23T20:50:12","guid":{"rendered":"https:\/\/cidadenoar.com\/?p=5712"},"modified":"2025-09-23T17:55:12","modified_gmt":"2025-09-23T20:55:12","slug":"villa-romana-fashion-estreia-com-sucesso-e-movimenta-cena-da-moda-em-florianopolis","status":"publish","type":"post","link":"https:\/\/cidadenoar.com\/global\/economia-negocios\/villa-romana-fashion-estreia-com-sucesso-e-movimenta-cena-da-moda-em-florianopolis\/","title":{"rendered":"Villa Romana Fashion estreia com sucesso e movimenta cena da moda em\u00a0Florian\u00f3polis"},"content":{"rendered":"\n<p>Centenas de pessoas marcaram presen\u00e7a na pra\u00e7a de eventos do Villa Romana Shopping nos dias 17 e 18 de setembro para a estreia do Villa Romana Fashion, abrindo a temporada Primavera\/Ver\u00e3o 2026. O encontro reuniu jornalistas, influenciadores, profissionais da moda, fashionistas e personalidades locais em dois dias de desfiles, arte e m\u00fasica, proporcionando uma verdadeira imers\u00e3o nas tend\u00eancias que prometem dominar as pr\u00f3ximas esta\u00e7\u00f5es.<\/p>\n\n\n\n<p>\u201cN\u00f3s cumprimos a miss\u00e3o de resgatar o esp\u00edrito fashion. Este foi o objetivo que definimos l\u00e1 no in\u00edcio, pois a cidade estava carente desse tipo de evento. O engajamento de p\u00fablico e marcas mostrou que nosso trabalho trouxe resultado. Ontem mesmo j\u00e1 haviam convidados querendo saber quando ser\u00e1 o pr\u00f3ximo, quando isso acontece a gente sabe que o desfile foi um sucesso!\u201d, diz K\u00eania Costa, refer\u00eancia na moda h\u00e1 duas d\u00e9cadas, que assinou a produ\u00e7\u00e3o do evento.<\/p>\n\n\n\n<p>Para quem acompanhou de perto, a experi\u00eancia tamb\u00e9m foi marcante. \u201cEventos como esses aproximam a moda das pessoas e mostram que todos n\u00f3s podemos ousar com eleg\u00e2ncia e sofistica\u00e7\u00e3o. Adoro observar as novidades, as diferentes formas de compor os looks e me inspirar para montar minhas pr\u00f3prias produ\u00e7\u00f5es. Percebi muito o uso de listras e len\u00e7os nas cole\u00e7\u00f5es e com certeza ser\u00e3o pe\u00e7as que vou apostar.\u201d, comenta Isadora Murta, digital influencer e modelo brasileira.<\/p>\n\n\n\n<p>A edi\u00e7\u00e3o apresentou 12 desfiles que ressaltaram a diversidade de estilos e tend\u00eancias, com 18 marcas renomadas que levaram \u00e0s passarelas suas novas cole\u00e7\u00f5es de roupas, cal\u00e7ados e acess\u00f3rios. O p\u00fablico p\u00f4de conferir desde a alfaiataria sofisticada e atemporal da NV at\u00e9 a moda internacional da Emporio Armani \u2014 masculina e feminina, apresentada pela Maison The Gallery e The Gallery Florian\u00f3polis \u2014 e a eleg\u00e2ncia da Polo Ralph Lauren e da Tommy Hilfiger. Tamb\u00e9m chamaram a aten\u00e7\u00e3o do p\u00fablico as pe\u00e7as fluidas da cole\u00e7\u00e3o Solar, da Lez a Lez, a versatilidade contempor\u00e2nea da Shoulder, a fus\u00e3o criativa de tecidos e estampas da cole\u00e7\u00e3o Oasis, da Animale e o streetwear cheio de atitude da Adidas. O evento tamb\u00e9m evidenciou a for\u00e7a dos acess\u00f3rios, com Arezzo e Luiza Barcelos, al\u00e9m das j\u00f3ias exclusivas da D\u2019Vie Joalheria.<\/p>\n\n\n\n<p>\u201cEstamos muito felizes em poder proporcionar para a cidade a volta de eventos que mostram a for\u00e7a do universo fashion em Florian\u00f3polis. Tenho certeza que em 2026 vai ser ainda mais incr\u00edvel\u201d, comentou Renata Galdino, Gerente de Marketing do Villa Romana Shopping.<\/p>\n\n\n\n<p><\/p>\n\n\n\n<figure class=\"wp-block-gallery has-nested-images columns-default is-cropped wp-block-gallery-1 is-layout-flex wp-block-gallery-is-layout-flex\">\n<figure class=\"wp-block-image size-large\"><img fetchpriority=\"high\" decoding=\"async\" width=\"1024\" height=\"683\" data-id=\"5714\" src=\"https:\/\/cidadenoar.com\/wp-content\/uploads\/sites\/22\/2025\/09\/Publico-atento-aos-desfiles-no-Villa-Romana-Fashion-em-Florianopolis-_-foto-Angelo-Santos-1024x683.jpeg\" alt=\"\" class=\"wp-image-5714\" title=\"\" srcset=\"https:\/\/cidadenoar.com\/global\/wp-content\/uploads\/sites\/22\/2025\/09\/Publico-atento-aos-desfiles-no-Villa-Romana-Fashion-em-Florianopolis-_-foto-Angelo-Santos-1024x683.jpeg 1024w, https:\/\/cidadenoar.com\/global\/wp-content\/uploads\/sites\/22\/2025\/09\/Publico-atento-aos-desfiles-no-Villa-Romana-Fashion-em-Florianopolis-_-foto-Angelo-Santos-300x200.jpeg 300w, https:\/\/cidadenoar.com\/global\/wp-content\/uploads\/sites\/22\/2025\/09\/Publico-atento-aos-desfiles-no-Villa-Romana-Fashion-em-Florianopolis-_-foto-Angelo-Santos-768x512.jpeg 768w, https:\/\/cidadenoar.com\/global\/wp-content\/uploads\/sites\/22\/2025\/09\/Publico-atento-aos-desfiles-no-Villa-Romana-Fashion-em-Florianopolis-_-foto-Angelo-Santos-600x400.jpeg 600w, https:\/\/cidadenoar.com\/global\/wp-content\/uploads\/sites\/22\/2025\/09\/Publico-atento-aos-desfiles-no-Villa-Romana-Fashion-em-Florianopolis-_-foto-Angelo-Santos.jpeg 1440w\" sizes=\"(max-width: 1024px) 100vw, 1024px\" \/><\/figure>\n\n\n\n<figure class=\"wp-block-image size-large\"><img decoding=\"async\" width=\"1024\" height=\"683\" data-id=\"5715\" src=\"https:\/\/cidadenoar.com\/wp-content\/uploads\/sites\/22\/2025\/09\/Villa-Romana-Fashion-apresentou-as-colecoes-Primavera-Verao-2026-__-foto-Angelo-Santos-1024x683.jpg\" alt=\"\" class=\"wp-image-5715\" title=\"\" srcset=\"https:\/\/cidadenoar.com\/global\/wp-content\/uploads\/sites\/22\/2025\/09\/Villa-Romana-Fashion-apresentou-as-colecoes-Primavera-Verao-2026-__-foto-Angelo-Santos-1024x683.jpg 1024w, https:\/\/cidadenoar.com\/global\/wp-content\/uploads\/sites\/22\/2025\/09\/Villa-Romana-Fashion-apresentou-as-colecoes-Primavera-Verao-2026-__-foto-Angelo-Santos-300x200.jpg 300w, https:\/\/cidadenoar.com\/global\/wp-content\/uploads\/sites\/22\/2025\/09\/Villa-Romana-Fashion-apresentou-as-colecoes-Primavera-Verao-2026-__-foto-Angelo-Santos-768x512.jpg 768w, https:\/\/cidadenoar.com\/global\/wp-content\/uploads\/sites\/22\/2025\/09\/Villa-Romana-Fashion-apresentou-as-colecoes-Primavera-Verao-2026-__-foto-Angelo-Santos-600x400.jpg 600w, https:\/\/cidadenoar.com\/global\/wp-content\/uploads\/sites\/22\/2025\/09\/Villa-Romana-Fashion-apresentou-as-colecoes-Primavera-Verao-2026-__-foto-Angelo-Santos.jpg 1152w\" sizes=\"(max-width: 1024px) 100vw, 1024px\" \/><\/figure>\n\n\n\n<figure class=\"wp-block-image size-large\"><img decoding=\"async\" width=\"683\" height=\"1024\" data-id=\"5718\" src=\"https:\/\/cidadenoar.com\/wp-content\/uploads\/sites\/22\/2025\/09\/Villa-Romana-Fashion-apresentou-as-colecoes-Primavera-Verao-2026-_-foto-Angelo-Santos-683x1024.jpg\" alt=\"\" class=\"wp-image-5718\" title=\"\" srcset=\"https:\/\/cidadenoar.com\/global\/wp-content\/uploads\/sites\/22\/2025\/09\/Villa-Romana-Fashion-apresentou-as-colecoes-Primavera-Verao-2026-_-foto-Angelo-Santos-683x1024.jpg 683w, https:\/\/cidadenoar.com\/global\/wp-content\/uploads\/sites\/22\/2025\/09\/Villa-Romana-Fashion-apresentou-as-colecoes-Primavera-Verao-2026-_-foto-Angelo-Santos-200x300.jpg 200w, https:\/\/cidadenoar.com\/global\/wp-content\/uploads\/sites\/22\/2025\/09\/Villa-Romana-Fashion-apresentou-as-colecoes-Primavera-Verao-2026-_-foto-Angelo-Santos.jpg 768w\" sizes=\"(max-width: 683px) 100vw, 683px\" \/><\/figure>\n\n\n\n<figure class=\"wp-block-image size-large\"><img loading=\"lazy\" decoding=\"async\" width=\"1024\" height=\"683\" data-id=\"5717\" src=\"https:\/\/cidadenoar.com\/wp-content\/uploads\/sites\/22\/2025\/09\/Desfiles-do-Villa-Romana-Fashion-apresentaram-as-novas-colecoes-de-marcas-consagradas-1024x683.jpeg\" alt=\"\" class=\"wp-image-5717\" title=\"\" srcset=\"https:\/\/cidadenoar.com\/global\/wp-content\/uploads\/sites\/22\/2025\/09\/Desfiles-do-Villa-Romana-Fashion-apresentaram-as-novas-colecoes-de-marcas-consagradas-1024x683.jpeg 1024w, https:\/\/cidadenoar.com\/global\/wp-content\/uploads\/sites\/22\/2025\/09\/Desfiles-do-Villa-Romana-Fashion-apresentaram-as-novas-colecoes-de-marcas-consagradas-300x200.jpeg 300w, https:\/\/cidadenoar.com\/global\/wp-content\/uploads\/sites\/22\/2025\/09\/Desfiles-do-Villa-Romana-Fashion-apresentaram-as-novas-colecoes-de-marcas-consagradas-768x512.jpeg 768w, https:\/\/cidadenoar.com\/global\/wp-content\/uploads\/sites\/22\/2025\/09\/Desfiles-do-Villa-Romana-Fashion-apresentaram-as-novas-colecoes-de-marcas-consagradas-600x400.jpeg 600w, https:\/\/cidadenoar.com\/global\/wp-content\/uploads\/sites\/22\/2025\/09\/Desfiles-do-Villa-Romana-Fashion-apresentaram-as-novas-colecoes-de-marcas-consagradas.jpeg 1440w\" sizes=\"(max-width: 1024px) 100vw, 1024px\" \/><\/figure>\n\n\n\n<figure class=\"wp-block-image size-large\"><img loading=\"lazy\" decoding=\"async\" width=\"1024\" height=\"683\" data-id=\"5716\" src=\"https:\/\/cidadenoar.com\/wp-content\/uploads\/sites\/22\/2025\/09\/Villa-Romana-Fashion-movimentou-o-shopping-de-Florianopolis-na-ultima-semana-1024x683.jpeg\" alt=\"\" class=\"wp-image-5716\" title=\"\" srcset=\"https:\/\/cidadenoar.com\/global\/wp-content\/uploads\/sites\/22\/2025\/09\/Villa-Romana-Fashion-movimentou-o-shopping-de-Florianopolis-na-ultima-semana-1024x683.jpeg 1024w, https:\/\/cidadenoar.com\/global\/wp-content\/uploads\/sites\/22\/2025\/09\/Villa-Romana-Fashion-movimentou-o-shopping-de-Florianopolis-na-ultima-semana-300x200.jpeg 300w, https:\/\/cidadenoar.com\/global\/wp-content\/uploads\/sites\/22\/2025\/09\/Villa-Romana-Fashion-movimentou-o-shopping-de-Florianopolis-na-ultima-semana-768x512.jpeg 768w, https:\/\/cidadenoar.com\/global\/wp-content\/uploads\/sites\/22\/2025\/09\/Villa-Romana-Fashion-movimentou-o-shopping-de-Florianopolis-na-ultima-semana-600x400.jpeg 600w, https:\/\/cidadenoar.com\/global\/wp-content\/uploads\/sites\/22\/2025\/09\/Villa-Romana-Fashion-movimentou-o-shopping-de-Florianopolis-na-ultima-semana.jpeg 1440w\" sizes=\"(max-width: 1024px) 100vw, 1024px\" \/><\/figure>\n<\/figure>\n","protected":false},"excerpt":{"rendered":"<p>Evento reuniu marcas renomadas apresentando as novas cole\u00e7\u00f5es Primavera\/Ver\u00e3o 2026 e marca um momento de &#8220;resgate&#8221; do esp\u00edrito fashion da capital\u00a0catarinense<\/p>\n","protected":false},"author":23,"featured_media":5713,"comment_status":"open","ping_status":"open","sticky":false,"template":"","format":"standard","meta":{"footnotes":""},"categories":[289],"tags":[680,167,350],"class_list":["post-5712","post","type-post","status-publish","format-standard","has-post-thumbnail","hentry","category-economia-negocios","tag-desfile","tag-moda","tag-villa-romana"],"_links":{"self":[{"href":"https:\/\/cidadenoar.com\/global\/wp-json\/wp\/v2\/posts\/5712","targetHints":{"allow":["GET"]}}],"collection":[{"href":"https:\/\/cidadenoar.com\/global\/wp-json\/wp\/v2\/posts"}],"about":[{"href":"https:\/\/cidadenoar.com\/global\/wp-json\/wp\/v2\/types\/post"}],"author":[{"embeddable":true,"href":"https:\/\/cidadenoar.com\/global\/wp-json\/wp\/v2\/users\/23"}],"replies":[{"embeddable":true,"href":"https:\/\/cidadenoar.com\/global\/wp-json\/wp\/v2\/comments?post=5712"}],"version-history":[{"count":2,"href":"https:\/\/cidadenoar.com\/global\/wp-json\/wp\/v2\/posts\/5712\/revisions"}],"predecessor-version":[{"id":5721,"href":"https:\/\/cidadenoar.com\/global\/wp-json\/wp\/v2\/posts\/5712\/revisions\/5721"}],"wp:featuredmedia":[{"embeddable":true,"href":"https:\/\/cidadenoar.com\/global\/wp-json\/wp\/v2\/media\/5713"}],"wp:attachment":[{"href":"https:\/\/cidadenoar.com\/global\/wp-json\/wp\/v2\/media?parent=5712"}],"wp:term":[{"taxonomy":"category","embeddable":true,"href":"https:\/\/cidadenoar.com\/global\/wp-json\/wp\/v2\/categories?post=5712"},{"taxonomy":"post_tag","embeddable":true,"href":"https:\/\/cidadenoar.com\/global\/wp-json\/wp\/v2\/tags?post=5712"}],"curies":[{"name":"wp","href":"https:\/\/api.w.org\/{rel}","templated":true}]}}