{"id":5734,"date":"2025-09-25T12:17:51","date_gmt":"2025-09-25T15:17:51","guid":{"rendered":"https:\/\/cidadenoar.com\/?p=5734"},"modified":"2025-09-25T12:21:52","modified_gmt":"2025-09-25T15:21:52","slug":"potencial-agrobiotecnologico-do-orion-parque-e-apresentado-a-empresarios-de-lages","status":"publish","type":"post","link":"https:\/\/cidadenoar.com\/global\/geral\/potencial-agrobiotecnologico-do-orion-parque-e-apresentado-a-empresarios-de-lages\/","title":{"rendered":"Potencial biotecnol\u00f3gico do Orion \u00e9 apresentado a lideran\u00e7as de Lages"},"content":{"rendered":"\n<p>O perfil agrobiotecnol\u00f3gico da Serra Catarinense h\u00e1 muito deixou de ser uma aposta para afirmar-se como uma realidade cada vez mais forte e promissora. Com institui\u00e7\u00f5es que h\u00e1 d\u00e9cadas buscam solu\u00e7\u00f5es inovadoras, especialmente para o agroneg\u00f3cio, a regi\u00e3o atrai a aten\u00e7\u00e3o de estudiosos e investidores interessados em explorar este potencial ainda jovem, mas j\u00e1 bastante consolidado.<\/p>\n\n\n\n<p>Em reuni\u00e3o da diretoria da&nbsp;<a href=\"https:\/\/www.cdlages.com.br\/\" target=\"_blank\" rel=\"noopener\">C\u00e2mara de Dirigentes Lojistas (CDL) de Lages<\/a>, na \u00faltima ter\u00e7a-feira, dia 23 de setembro, o presidente do Instituto Orion, Thiago Mazuhy; e o diretor executivo do Orion Parque Tecnol\u00f3gico, Claiton Camargo; apresentaram n\u00fameros e informa\u00e7\u00f5es sobre a entidade.<\/p>\n\n\n\n<p>A exemplo do que fizeram na Associa\u00e7\u00e3o Empresarial de Lages (<a href=\"https:\/\/www.orionparque.com\/2025\/08\/11\/orion-se-paga-garante-retorno-aos-cofres-publicos-e-movimenta-a-economia-de-lages\/\" target=\"_blank\" rel=\"noopener\">Acil<\/a>), em agosto, eles destacaram o retorno do Orion aos cofres p\u00fablicos e \u00e0 sociedade de Lages em nove anos de opera\u00e7\u00e3o.<\/p>\n\n\n\n<p>Anualmente, as empresas ligadas ao Orion faturam mais de R$ 200 milh\u00f5es e recolhem R$ 5,5 milh\u00f5es s\u00f3 em Imposto Sobre Servi\u00e7os (ISS), valor correspondente a um m\u00eas de arrecada\u00e7\u00e3o do Munic\u00edpio com esta fonte. Atualmente, o Orion tem 49 empresas vinculadas, sendo 31 virtuais e 18 residentes.&nbsp;<\/p>\n\n\n\n<figure class=\"wp-block-image size-large\"><img fetchpriority=\"high\" decoding=\"async\" width=\"1024\" height=\"577\" src=\"http:\/\/cidadenoar.com\/wp-content\/uploads\/sites\/22\/2025\/09\/Reuniao-CDL-Lages_23SET25_1-2-1024x577.jpg\" alt=\"\" class=\"wp-image-5744\" title=\"\" srcset=\"https:\/\/cidadenoar.com\/global\/wp-content\/uploads\/sites\/22\/2025\/09\/Reuniao-CDL-Lages_23SET25_1-2-1024x577.jpg 1024w, https:\/\/cidadenoar.com\/global\/wp-content\/uploads\/sites\/22\/2025\/09\/Reuniao-CDL-Lages_23SET25_1-2-300x169.jpg 300w, https:\/\/cidadenoar.com\/global\/wp-content\/uploads\/sites\/22\/2025\/09\/Reuniao-CDL-Lages_23SET25_1-2-768x432.jpg 768w, https:\/\/cidadenoar.com\/global\/wp-content\/uploads\/sites\/22\/2025\/09\/Reuniao-CDL-Lages_23SET25_1-2-1536x865.jpg 1536w, https:\/\/cidadenoar.com\/global\/wp-content\/uploads\/sites\/22\/2025\/09\/Reuniao-CDL-Lages_23SET25_1-2-2048x1153.jpg 2048w\" sizes=\"(max-width: 1024px) 100vw, 1024px\" \/><figcaption class=\"wp-element-caption\"><em>Claiton Camargo: \u201cpotencial de futuro para o desenvolvimento da regi\u00e3o\u201d<\/em><\/figcaption><\/figure>\n\n\n\n<p>Na apresenta\u00e7\u00e3o \u00e0 diretoria da CDL, no \u00faltimo dia 23, muito mais do que lembrar e refor\u00e7ar os n\u00fameros acima, Thiago Mazuhy e Claiton Camargo destacaram as informa\u00e7\u00f5es sobre o segmento de biotecnologia, impulsionado, principalmente, por institui\u00e7\u00f5es de ensino e pesquisa existentes em Lages, como o Centro de Ci\u00eancias Agroveterin\u00e1rias da Universidade do Estado de Santa Catarina (<a href=\"https:\/\/www.udesc.br\/cav\" target=\"_blank\" rel=\"noopener\">CAV\/Udesc<\/a>) e a Empresa de Pesquisa Agropecu\u00e1ria e Extens\u00e3o Rural de Santa Catarina (<a href=\"https:\/\/www.epagri.sc.gov.br\/\" target=\"_blank\" rel=\"noopener\">Epagri<\/a>).<\/p>\n\n\n\n<p>Em 52 anos de hist\u00f3ria, o CAV formou at\u00e9 hoje nada menos que 1,3 mil mestres e 350 doutores. J\u00e1 a Esta\u00e7\u00e3o Experimental de Lages, mais antiga unidade da Epagri no Estado, com 113 anos, \u00e9 refer\u00eancia internacional em linhas de pesquisa que incluem a biotecnologia.<\/p>\n\n\n\n<figure data-wp-context=\"{&quot;imageId&quot;:&quot;69ef1ef714213&quot;}\" data-wp-interactive=\"core\/image\" data-wp-key=\"69ef1ef714213\" class=\"wp-block-image size-large wp-lightbox-container\"><img decoding=\"async\" width=\"1024\" height=\"576\" data-wp-class--hide=\"state.isContentHidden\" data-wp-class--show=\"state.isContentVisible\" data-wp-init=\"callbacks.setButtonStyles\" data-wp-on--click=\"actions.showLightbox\" data-wp-on--load=\"callbacks.setButtonStyles\" data-wp-on-window--resize=\"callbacks.setButtonStyles\" src=\"http:\/\/cidadenoar.com\/wp-content\/uploads\/sites\/22\/2025\/09\/Reuniao-CDL-Lages_23SET25_3-1024x576.jpg\" alt=\"\" class=\"wp-image-5736\" title=\"\" srcset=\"https:\/\/cidadenoar.com\/global\/wp-content\/uploads\/sites\/22\/2025\/09\/Reuniao-CDL-Lages_23SET25_3-1024x576.jpg 1024w, https:\/\/cidadenoar.com\/global\/wp-content\/uploads\/sites\/22\/2025\/09\/Reuniao-CDL-Lages_23SET25_3-300x169.jpg 300w, https:\/\/cidadenoar.com\/global\/wp-content\/uploads\/sites\/22\/2025\/09\/Reuniao-CDL-Lages_23SET25_3-768x432.jpg 768w, https:\/\/cidadenoar.com\/global\/wp-content\/uploads\/sites\/22\/2025\/09\/Reuniao-CDL-Lages_23SET25_3-1536x865.jpg 1536w, https:\/\/cidadenoar.com\/global\/wp-content\/uploads\/sites\/22\/2025\/09\/Reuniao-CDL-Lages_23SET25_3-2048x1153.jpg 2048w\" sizes=\"(max-width: 1024px) 100vw, 1024px\" \/><button\n\t\t\tclass=\"lightbox-trigger\"\n\t\t\ttype=\"button\"\n\t\t\taria-haspopup=\"dialog\"\n\t\t\taria-label=\"Ampliar\"\n\t\t\tdata-wp-init=\"callbacks.initTriggerButton\"\n\t\t\tdata-wp-on--click=\"actions.showLightbox\"\n\t\t\tdata-wp-style--right=\"state.imageButtonRight\"\n\t\t\tdata-wp-style--top=\"state.imageButtonTop\"\n\t\t>\n\t\t\t<svg xmlns=\"http:\/\/www.w3.org\/2000\/svg\" width=\"12\" height=\"12\" fill=\"none\" viewBox=\"0 0 12 12\">\n\t\t\t\t<path fill=\"#fff\" d=\"M2 0a2 2 0 0 0-2 2v2h1.5V2a.5.5 0 0 1 .5-.5h2V0H2Zm2 10.5H2a.5.5 0 0 1-.5-.5V8H0v2a2 2 0 0 0 2 2h2v-1.5ZM8 12v-1.5h2a.5.5 0 0 0 .5-.5V8H12v2a2 2 0 0 1-2 2H8Zm2-12a2 2 0 0 1 2 2v2h-1.5V2a.5.5 0 0 0-.5-.5H8V0h2Z\" \/>\n\t\t\t<\/svg>\n\t\t<\/button><figcaption class=\"wp-element-caption\"><em>Thiago Mazuhy: \u201cs\u00e3o empresas lageanas no nosso parque tecnol\u00f3gico\u201d<\/em><\/figcaption><\/figure>\n\n\n\n<p><strong>Empresas desenvolvem solu\u00e7\u00f5es, conquistam pr\u00eamios e atraem clientes<\/strong><\/p>\n\n\n\n<p>Atualmente, seis empresas de agrobiotecnologia est\u00e3o incubadas no Centro de Inova\u00e7\u00e3o do Orion Parque Tecnol\u00f3gico, e todas j\u00e1 t\u00eam vit\u00f3rias a comemorar, como a atra\u00e7\u00e3o de clientes at\u00e9 mesmo em outros pa\u00edses e a conquista de pr\u00eamios, reconhecimento e investimentos.<\/p>\n\n\n\n<p>\u201cEm quase dez anos, convertemos aquilo que existe h\u00e1 seis d\u00e9cadas na academia. \u00c9 um potencial de pesquisa, de doutores, de intelig\u00eancia, de conhecimento e de tecnologia, que est\u00e1 l\u00e1 dentro da universidade, mas que dificilmente a gente conseguia ver aplicado a neg\u00f3cios. Hoje, podemos ter esta realidade como potencial de futuro para o desenvolvimento da economia da nossa regi\u00e3o\u201d, disse, aos empres\u00e1rios de Lages, o diretor executivo do Orion, Claiton Camargo.<\/p>\n\n\n\n<p>\u201c\u00c9 um motivo de grande orgulho, porque s\u00e3o empresas lageanas, de alt\u00edssima tecnologia, instalando suas sedes no nosso parque tecnol\u00f3gico\u201d, completou o presidente do Instituto Orion, Thiago Mazuhy.<\/p>\n\n\n\n<p>\u201cEu conhe\u00e7o o trabalho do Orion, que \u00e9 fant\u00e1stico e desenvolve muito a nossa cidade\u201d, concluiu o presidente da CDL Lages, C\u00e9lio Antunes Bueno.<\/p>\n\n\n\n<p class=\"has-small-font-size\"><strong><em>Texto e fotos: Pablo Gomes, jornalista<\/em><\/strong><\/p>\n\n\n\n<figure class=\"wp-block-gallery has-nested-images columns-default is-cropped wp-block-gallery-1 is-layout-flex wp-block-gallery-is-layout-flex\">\n<figure data-wp-context=\"{&quot;imageId&quot;:&quot;69ef1ef714608&quot;}\" data-wp-interactive=\"core\/image\" data-wp-key=\"69ef1ef714608\" class=\"wp-block-image size-large wp-lightbox-container\"><img decoding=\"async\" width=\"1024\" height=\"577\" data-wp-class--hide=\"state.isContentHidden\" data-wp-class--show=\"state.isContentVisible\" data-wp-init=\"callbacks.setButtonStyles\" data-wp-on--click=\"actions.showLightbox\" data-wp-on--load=\"callbacks.setButtonStyles\" data-wp-on-window--resize=\"callbacks.setButtonStyles\" data-id=\"5739\" src=\"https:\/\/cidadenoar.com\/wp-content\/uploads\/sites\/22\/2025\/09\/Reuniao-CDL-Lages_23SET25_1-1-1024x577.jpg\" alt=\"\" class=\"wp-image-5739\" title=\"\" srcset=\"https:\/\/cidadenoar.com\/global\/wp-content\/uploads\/sites\/22\/2025\/09\/Reuniao-CDL-Lages_23SET25_1-1-1024x577.jpg 1024w, https:\/\/cidadenoar.com\/global\/wp-content\/uploads\/sites\/22\/2025\/09\/Reuniao-CDL-Lages_23SET25_1-1-300x169.jpg 300w, https:\/\/cidadenoar.com\/global\/wp-content\/uploads\/sites\/22\/2025\/09\/Reuniao-CDL-Lages_23SET25_1-1-768x432.jpg 768w, https:\/\/cidadenoar.com\/global\/wp-content\/uploads\/sites\/22\/2025\/09\/Reuniao-CDL-Lages_23SET25_1-1-1536x865.jpg 1536w, https:\/\/cidadenoar.com\/global\/wp-content\/uploads\/sites\/22\/2025\/09\/Reuniao-CDL-Lages_23SET25_1-1-2048x1153.jpg 2048w\" sizes=\"(max-width: 1024px) 100vw, 1024px\" \/><button\n\t\t\tclass=\"lightbox-trigger\"\n\t\t\ttype=\"button\"\n\t\t\taria-haspopup=\"dialog\"\n\t\t\taria-label=\"Ampliar\"\n\t\t\tdata-wp-init=\"callbacks.initTriggerButton\"\n\t\t\tdata-wp-on--click=\"actions.showLightbox\"\n\t\t\tdata-wp-style--right=\"state.imageButtonRight\"\n\t\t\tdata-wp-style--top=\"state.imageButtonTop\"\n\t\t>\n\t\t\t<svg xmlns=\"http:\/\/www.w3.org\/2000\/svg\" width=\"12\" height=\"12\" fill=\"none\" viewBox=\"0 0 12 12\">\n\t\t\t\t<path fill=\"#fff\" d=\"M2 0a2 2 0 0 0-2 2v2h1.5V2a.5.5 0 0 1 .5-.5h2V0H2Zm2 10.5H2a.5.5 0 0 1-.5-.5V8H0v2a2 2 0 0 0 2 2h2v-1.5ZM8 12v-1.5h2a.5.5 0 0 0 .5-.5V8H12v2a2 2 0 0 1-2 2H8Zm2-12a2 2 0 0 1 2 2v2h-1.5V2a.5.5 0 0 0-.5-.5H8V0h2Z\" \/>\n\t\t\t<\/svg>\n\t\t<\/button><\/figure>\n\n\n\n<figure data-wp-context=\"{&quot;imageId&quot;:&quot;69ef1ef7148b2&quot;}\" data-wp-interactive=\"core\/image\" data-wp-key=\"69ef1ef7148b2\" class=\"wp-block-image size-large wp-lightbox-container\"><img loading=\"lazy\" decoding=\"async\" width=\"1024\" height=\"576\" data-wp-class--hide=\"state.isContentHidden\" data-wp-class--show=\"state.isContentVisible\" data-wp-init=\"callbacks.setButtonStyles\" data-wp-on--click=\"actions.showLightbox\" data-wp-on--load=\"callbacks.setButtonStyles\" data-wp-on-window--resize=\"callbacks.setButtonStyles\" data-id=\"5740\" src=\"https:\/\/cidadenoar.com\/wp-content\/uploads\/sites\/22\/2025\/09\/Reuniao-CDL-Lages_23SET25_2-2-1024x576.jpg\" alt=\"\" class=\"wp-image-5740\" title=\"\" srcset=\"https:\/\/cidadenoar.com\/global\/wp-content\/uploads\/sites\/22\/2025\/09\/Reuniao-CDL-Lages_23SET25_2-2-1024x576.jpg 1024w, https:\/\/cidadenoar.com\/global\/wp-content\/uploads\/sites\/22\/2025\/09\/Reuniao-CDL-Lages_23SET25_2-2-300x169.jpg 300w, https:\/\/cidadenoar.com\/global\/wp-content\/uploads\/sites\/22\/2025\/09\/Reuniao-CDL-Lages_23SET25_2-2-768x432.jpg 768w, https:\/\/cidadenoar.com\/global\/wp-content\/uploads\/sites\/22\/2025\/09\/Reuniao-CDL-Lages_23SET25_2-2-1536x865.jpg 1536w, https:\/\/cidadenoar.com\/global\/wp-content\/uploads\/sites\/22\/2025\/09\/Reuniao-CDL-Lages_23SET25_2-2-2048x1153.jpg 2048w\" sizes=\"(max-width: 1024px) 100vw, 1024px\" \/><button\n\t\t\tclass=\"lightbox-trigger\"\n\t\t\ttype=\"button\"\n\t\t\taria-haspopup=\"dialog\"\n\t\t\taria-label=\"Ampliar\"\n\t\t\tdata-wp-init=\"callbacks.initTriggerButton\"\n\t\t\tdata-wp-on--click=\"actions.showLightbox\"\n\t\t\tdata-wp-style--right=\"state.imageButtonRight\"\n\t\t\tdata-wp-style--top=\"state.imageButtonTop\"\n\t\t>\n\t\t\t<svg xmlns=\"http:\/\/www.w3.org\/2000\/svg\" width=\"12\" height=\"12\" fill=\"none\" viewBox=\"0 0 12 12\">\n\t\t\t\t<path fill=\"#fff\" d=\"M2 0a2 2 0 0 0-2 2v2h1.5V2a.5.5 0 0 1 .5-.5h2V0H2Zm2 10.5H2a.5.5 0 0 1-.5-.5V8H0v2a2 2 0 0 0 2 2h2v-1.5ZM8 12v-1.5h2a.5.5 0 0 0 .5-.5V8H12v2a2 2 0 0 1-2 2H8Zm2-12a2 2 0 0 1 2 2v2h-1.5V2a.5.5 0 0 0-.5-.5H8V0h2Z\" \/>\n\t\t\t<\/svg>\n\t\t<\/button><\/figure>\n\n\n\n<figure data-wp-context=\"{&quot;imageId&quot;:&quot;69ef1ef714b92&quot;}\" data-wp-interactive=\"core\/image\" data-wp-key=\"69ef1ef714b92\" class=\"wp-block-image size-large wp-lightbox-container\"><img loading=\"lazy\" decoding=\"async\" width=\"1024\" height=\"576\" data-wp-class--hide=\"state.isContentHidden\" data-wp-class--show=\"state.isContentVisible\" data-wp-init=\"callbacks.setButtonStyles\" data-wp-on--click=\"actions.showLightbox\" data-wp-on--load=\"callbacks.setButtonStyles\" data-wp-on-window--resize=\"callbacks.setButtonStyles\" data-id=\"5741\" src=\"https:\/\/cidadenoar.com\/wp-content\/uploads\/sites\/22\/2025\/09\/Reuniao-CDL-Lages_23SET25_3-1-1024x576.jpg\" alt=\"\" class=\"wp-image-5741\" title=\"\" srcset=\"https:\/\/cidadenoar.com\/global\/wp-content\/uploads\/sites\/22\/2025\/09\/Reuniao-CDL-Lages_23SET25_3-1-1024x576.jpg 1024w, https:\/\/cidadenoar.com\/global\/wp-content\/uploads\/sites\/22\/2025\/09\/Reuniao-CDL-Lages_23SET25_3-1-300x169.jpg 300w, https:\/\/cidadenoar.com\/global\/wp-content\/uploads\/sites\/22\/2025\/09\/Reuniao-CDL-Lages_23SET25_3-1-768x432.jpg 768w, https:\/\/cidadenoar.com\/global\/wp-content\/uploads\/sites\/22\/2025\/09\/Reuniao-CDL-Lages_23SET25_3-1-1536x865.jpg 1536w, https:\/\/cidadenoar.com\/global\/wp-content\/uploads\/sites\/22\/2025\/09\/Reuniao-CDL-Lages_23SET25_3-1-2048x1153.jpg 2048w\" sizes=\"(max-width: 1024px) 100vw, 1024px\" \/><button\n\t\t\tclass=\"lightbox-trigger\"\n\t\t\ttype=\"button\"\n\t\t\taria-haspopup=\"dialog\"\n\t\t\taria-label=\"Ampliar\"\n\t\t\tdata-wp-init=\"callbacks.initTriggerButton\"\n\t\t\tdata-wp-on--click=\"actions.showLightbox\"\n\t\t\tdata-wp-style--right=\"state.imageButtonRight\"\n\t\t\tdata-wp-style--top=\"state.imageButtonTop\"\n\t\t>\n\t\t\t<svg xmlns=\"http:\/\/www.w3.org\/2000\/svg\" width=\"12\" height=\"12\" fill=\"none\" viewBox=\"0 0 12 12\">\n\t\t\t\t<path fill=\"#fff\" d=\"M2 0a2 2 0 0 0-2 2v2h1.5V2a.5.5 0 0 1 .5-.5h2V0H2Zm2 10.5H2a.5.5 0 0 1-.5-.5V8H0v2a2 2 0 0 0 2 2h2v-1.5ZM8 12v-1.5h2a.5.5 0 0 0 .5-.5V8H12v2a2 2 0 0 1-2 2H8Zm2-12a2 2 0 0 1 2 2v2h-1.5V2a.5.5 0 0 0-.5-.5H8V0h2Z\" \/>\n\t\t\t<\/svg>\n\t\t<\/button><\/figure>\n<\/figure>\n\n\n\n<p><\/p>\n","protected":false},"excerpt":{"rendered":"<p>O perfil agrobiotecnol\u00f3gico da Serra Catarinense h\u00e1 muito deixou de ser uma aposta para afirmar-se como uma realidade cada vez mais forte e promissora. Com institui\u00e7\u00f5es que h\u00e1 d\u00e9cadas buscam solu\u00e7\u00f5es inovadoras, especialmente para o agroneg\u00f3cio, a regi\u00e3o atrai a aten\u00e7\u00e3o de estudiosos e investidores interessados em explorar este potencial ainda jovem, mas j\u00e1 bastante consolidado. Em reuni\u00e3o da diretoria da C\u00e2mara de Dirigentes Lojistas (CDL) de Lages, na \u00faltima ter\u00e7a-feira, dia 23 de setembro, o presidente do Instituto Orion, Thiago Mazuhy; e o diretor executivo do Orion Parque Tecnol\u00f3gico, Claiton Camargo; apresentaram n\u00fameros e informa\u00e7\u00f5es sobre a entidade.<\/p>\n","protected":false},"author":17,"featured_media":5743,"comment_status":"open","ping_status":"open","sticky":false,"template":"","format":"standard","meta":{"footnotes":""},"categories":[1],"tags":[],"class_list":["post-5734","post","type-post","status-publish","format-standard","has-post-thumbnail","hentry","category-geral"],"_links":{"self":[{"href":"https:\/\/cidadenoar.com\/global\/wp-json\/wp\/v2\/posts\/5734","targetHints":{"allow":["GET"]}}],"collection":[{"href":"https:\/\/cidadenoar.com\/global\/wp-json\/wp\/v2\/posts"}],"about":[{"href":"https:\/\/cidadenoar.com\/global\/wp-json\/wp\/v2\/types\/post"}],"author":[{"embeddable":true,"href":"https:\/\/cidadenoar.com\/global\/wp-json\/wp\/v2\/users\/17"}],"replies":[{"embeddable":true,"href":"https:\/\/cidadenoar.com\/global\/wp-json\/wp\/v2\/comments?post=5734"}],"version-history":[{"count":4,"href":"https:\/\/cidadenoar.com\/global\/wp-json\/wp\/v2\/posts\/5734\/revisions"}],"predecessor-version":[{"id":5747,"href":"https:\/\/cidadenoar.com\/global\/wp-json\/wp\/v2\/posts\/5734\/revisions\/5747"}],"wp:featuredmedia":[{"embeddable":true,"href":"https:\/\/cidadenoar.com\/global\/wp-json\/wp\/v2\/media\/5743"}],"wp:attachment":[{"href":"https:\/\/cidadenoar.com\/global\/wp-json\/wp\/v2\/media?parent=5734"}],"wp:term":[{"taxonomy":"category","embeddable":true,"href":"https:\/\/cidadenoar.com\/global\/wp-json\/wp\/v2\/categories?post=5734"},{"taxonomy":"post_tag","embeddable":true,"href":"https:\/\/cidadenoar.com\/global\/wp-json\/wp\/v2\/tags?post=5734"}],"curies":[{"name":"wp","href":"https:\/\/api.w.org\/{rel}","templated":true}]}}