{"id":5772,"date":"2025-09-26T16:20:40","date_gmt":"2025-09-26T19:20:40","guid":{"rendered":"https:\/\/cidadenoar.com\/?p=5772"},"modified":"2025-09-26T16:23:57","modified_gmt":"2025-09-26T19:23:57","slug":"liderancas-de-lages-reforcam-compromisso-com-pacto-pela-aceleracao-territorial","status":"publish","type":"post","link":"https:\/\/cidadenoar.com\/global\/brasil\/liderancas-de-lages-reforcam-compromisso-com-pacto-pela-aceleracao-territorial\/","title":{"rendered":"Lages refor\u00e7a compromisso com Pacto pela Acelera\u00e7\u00e3o Territorial"},"content":{"rendered":"\n<p>A Mesa do Pacto pela Acelera\u00e7\u00e3o Territorial, movimento do qual o Orion Parque Tecnol\u00f3gico \u00e9 um dos mantenedores, realizou a segunda reuni\u00e3o com a participa\u00e7\u00e3o de mais de 70 institui\u00e7\u00f5es que comp\u00f5em a sua governan\u00e7a.<\/p>\n\n\n\n<p>O encontro refor\u00e7ou o car\u00e1ter plural da Mesa, que integra lideran\u00e7as de diferentes setores da sociedade e l\u00edderes de projetos que est\u00e3o conduzindo iniciativas estrat\u00e9gicas para o desenvolvimento de Lages e da Serra Catarinense.<\/p>\n\n\n\n<figure data-wp-context=\"{&quot;imageId&quot;:&quot;69ef5fd96a1f5&quot;}\" data-wp-interactive=\"core\/image\" data-wp-key=\"69ef5fd96a1f5\" class=\"wp-block-image size-large wp-lightbox-container\"><img fetchpriority=\"high\" decoding=\"async\" width=\"1024\" height=\"453\" data-wp-class--hide=\"state.isContentHidden\" data-wp-class--show=\"state.isContentVisible\" data-wp-init=\"callbacks.setButtonStyles\" data-wp-on--click=\"actions.showLightbox\" data-wp-on--load=\"callbacks.setButtonStyles\" data-wp-on-window--resize=\"callbacks.setButtonStyles\" src=\"http:\/\/cidadenoar.com\/wp-content\/uploads\/sites\/22\/2025\/09\/Pacto-Copia-1-1024x453.jpg\" alt=\"\" class=\"wp-image-5774\" title=\"\" srcset=\"https:\/\/cidadenoar.com\/global\/wp-content\/uploads\/sites\/22\/2025\/09\/Pacto-Copia-1-1024x453.jpg 1024w, https:\/\/cidadenoar.com\/global\/wp-content\/uploads\/sites\/22\/2025\/09\/Pacto-Copia-1-300x133.jpg 300w, https:\/\/cidadenoar.com\/global\/wp-content\/uploads\/sites\/22\/2025\/09\/Pacto-Copia-1-768x340.jpg 768w, https:\/\/cidadenoar.com\/global\/wp-content\/uploads\/sites\/22\/2025\/09\/Pacto-Copia-1-1536x679.jpg 1536w, https:\/\/cidadenoar.com\/global\/wp-content\/uploads\/sites\/22\/2025\/09\/Pacto-Copia-1-2048x906.jpg 2048w\" sizes=\"(max-width: 1024px) 100vw, 1024px\" \/><button\n\t\t\tclass=\"lightbox-trigger\"\n\t\t\ttype=\"button\"\n\t\t\taria-haspopup=\"dialog\"\n\t\t\taria-label=\"Ampliar\"\n\t\t\tdata-wp-init=\"callbacks.initTriggerButton\"\n\t\t\tdata-wp-on--click=\"actions.showLightbox\"\n\t\t\tdata-wp-style--right=\"state.imageButtonRight\"\n\t\t\tdata-wp-style--top=\"state.imageButtonTop\"\n\t\t>\n\t\t\t<svg xmlns=\"http:\/\/www.w3.org\/2000\/svg\" width=\"12\" height=\"12\" fill=\"none\" viewBox=\"0 0 12 12\">\n\t\t\t\t<path fill=\"#fff\" d=\"M2 0a2 2 0 0 0-2 2v2h1.5V2a.5.5 0 0 1 .5-.5h2V0H2Zm2 10.5H2a.5.5 0 0 1-.5-.5V8H0v2a2 2 0 0 0 2 2h2v-1.5ZM8 12v-1.5h2a.5.5 0 0 0 .5-.5V8H12v2a2 2 0 0 1-2 2H8Zm2-12a2 2 0 0 1 2 2v2h-1.5V2a.5.5 0 0 0-.5-.5H8V0h2Z\" \/>\n\t\t\t<\/svg>\n\t\t<\/button><figcaption class=\"wp-element-caption\"><em>Movimento integra lideran\u00e7as de diferentes segmentos da sociedade. Foto: Rafael Peletti<\/em><\/figcaption><\/figure>\n\n\n\n<p>A pauta foi marcada pela apresenta\u00e7\u00e3o dos projetos em andamento, com relatos sobre avan\u00e7os, desafios e pr\u00f3ximos passos, em um processo de constru\u00e7\u00e3o coletiva que busca resultados concretos j\u00e1 no curto prazo, sem perder de vista a Vis\u00e3o de Futuro 2040.<\/p>\n\n\n\n<p>Todos os projetos apresentados foram aprovados pela Mesa para continuidade, refor\u00e7ando o alinhamento coletivo em torno das iniciativas estrat\u00e9gicas que comp\u00f5em o Pacto.<\/p>\n\n\n\n<p>A programa\u00e7\u00e3o contou ainda com a palestra de Michel Couto, que trouxe reflex\u00f5es sobre inova\u00e7\u00e3o, desenvolvimento territorial e o papel das lideran\u00e7as na transforma\u00e7\u00e3o das cidades. Sua fala inspirou os participantes a fortalecer ainda mais o compromisso com a coopera\u00e7\u00e3o e a efetividade dos projetos.<\/p>\n\n\n\n<figure data-wp-context=\"{&quot;imageId&quot;:&quot;69ef5fd96a52e&quot;}\" data-wp-interactive=\"core\/image\" data-wp-key=\"69ef5fd96a52e\" class=\"wp-block-image size-large wp-lightbox-container\"><img decoding=\"async\" width=\"882\" height=\"1024\" data-wp-class--hide=\"state.isContentHidden\" data-wp-class--show=\"state.isContentVisible\" data-wp-init=\"callbacks.setButtonStyles\" data-wp-on--click=\"actions.showLightbox\" data-wp-on--load=\"callbacks.setButtonStyles\" data-wp-on-window--resize=\"callbacks.setButtonStyles\" src=\"http:\/\/cidadenoar.com\/wp-content\/uploads\/sites\/22\/2025\/09\/Michel-Couto-Copia-882x1024.jpeg\" alt=\"\" class=\"wp-image-5775\" title=\"\" srcset=\"https:\/\/cidadenoar.com\/global\/wp-content\/uploads\/sites\/22\/2025\/09\/Michel-Couto-Copia-882x1024.jpeg 882w, https:\/\/cidadenoar.com\/global\/wp-content\/uploads\/sites\/22\/2025\/09\/Michel-Couto-Copia-258x300.jpeg 258w, https:\/\/cidadenoar.com\/global\/wp-content\/uploads\/sites\/22\/2025\/09\/Michel-Couto-Copia-768x892.jpeg 768w, https:\/\/cidadenoar.com\/global\/wp-content\/uploads\/sites\/22\/2025\/09\/Michel-Couto-Copia.jpeg 951w\" sizes=\"(max-width: 882px) 100vw, 882px\" \/><button\n\t\t\tclass=\"lightbox-trigger\"\n\t\t\ttype=\"button\"\n\t\t\taria-haspopup=\"dialog\"\n\t\t\taria-label=\"Ampliar\"\n\t\t\tdata-wp-init=\"callbacks.initTriggerButton\"\n\t\t\tdata-wp-on--click=\"actions.showLightbox\"\n\t\t\tdata-wp-style--right=\"state.imageButtonRight\"\n\t\t\tdata-wp-style--top=\"state.imageButtonTop\"\n\t\t>\n\t\t\t<svg xmlns=\"http:\/\/www.w3.org\/2000\/svg\" width=\"12\" height=\"12\" fill=\"none\" viewBox=\"0 0 12 12\">\n\t\t\t\t<path fill=\"#fff\" d=\"M2 0a2 2 0 0 0-2 2v2h1.5V2a.5.5 0 0 1 .5-.5h2V0H2Zm2 10.5H2a.5.5 0 0 1-.5-.5V8H0v2a2 2 0 0 0 2 2h2v-1.5ZM8 12v-1.5h2a.5.5 0 0 0 .5-.5V8H12v2a2 2 0 0 1-2 2H8Zm2-12a2 2 0 0 1 2 2v2h-1.5V2a.5.5 0 0 0-.5-.5H8V0h2Z\" \/>\n\t\t\t<\/svg>\n\t\t<\/button><figcaption class=\"wp-element-caption\"><em>O palestrante Michel Couto falou sobre inova\u00e7\u00e3o e desenvolvimento. Foto: Oneris Lopes\/Amures<\/em><\/figcaption><\/figure>\n\n\n\n<p>Durante a reuni\u00e3o, o coordenador do Pacto, Fabiano Ventura, destacou que o movimento se pauta em duas palavras fundamentais: debate e constru\u00e7\u00e3o. Esta ess\u00eancia, segundo ele, \u00e9 o que garante o engajamento cont\u00ednuo e a consolida\u00e7\u00e3o da Mesa como um espa\u00e7o de converg\u00eancia e de decis\u00f5es compartilhadas.<\/p>\n\n\n\n<p>Representando a prefeita Carmen Zanotto, o secret\u00e1rio de Ind\u00fastria, Com\u00e9rcio e Inova\u00e7\u00e3o de Lages, Joel Melo Junior, destacou que reproduzia as palavras dela ao afirmar:<\/p>\n\n\n\n<p>\u201cO Pacto pela Acelera\u00e7\u00e3o Territorial representa exatamente o que precisamos: uni\u00e3o de esfor\u00e7os para impulsionar desenvolvimento econ\u00f4mico, social e humano, com base na colabora\u00e7\u00e3o entre institui\u00e7\u00f5es, empresas e comunidade\u201d.<\/p>\n\n\n\n<p>A 2\u00aa reuni\u00e3o da Mesa reafirmou o esp\u00edrito colaborativo do Pacto, fortalecendo o engajamento dos l\u00edderes e consolidando a Mesa como um espa\u00e7o de converg\u00eancia e de decis\u00f5es compartilhadas.<\/p>\n\n\n\n<figure class=\"wp-block-gallery has-nested-images columns-default is-cropped wp-block-gallery-1 is-layout-flex wp-block-gallery-is-layout-flex\">\n<figure data-wp-context=\"{&quot;imageId&quot;:&quot;69ef5fd96a8a1&quot;}\" data-wp-interactive=\"core\/image\" data-wp-key=\"69ef5fd96a8a1\" class=\"wp-block-image size-large wp-lightbox-container\"><img decoding=\"async\" width=\"1024\" height=\"453\" data-wp-class--hide=\"state.isContentHidden\" data-wp-class--show=\"state.isContentVisible\" data-wp-init=\"callbacks.setButtonStyles\" data-wp-on--click=\"actions.showLightbox\" data-wp-on--load=\"callbacks.setButtonStyles\" data-wp-on-window--resize=\"callbacks.setButtonStyles\" data-id=\"5776\" src=\"https:\/\/cidadenoar.com\/wp-content\/uploads\/sites\/22\/2025\/09\/Pacto-Copia-2-1024x453.jpg\" alt=\"\" class=\"wp-image-5776\" title=\"\" srcset=\"https:\/\/cidadenoar.com\/global\/wp-content\/uploads\/sites\/22\/2025\/09\/Pacto-Copia-2-1024x453.jpg 1024w, https:\/\/cidadenoar.com\/global\/wp-content\/uploads\/sites\/22\/2025\/09\/Pacto-Copia-2-300x133.jpg 300w, https:\/\/cidadenoar.com\/global\/wp-content\/uploads\/sites\/22\/2025\/09\/Pacto-Copia-2-768x340.jpg 768w, https:\/\/cidadenoar.com\/global\/wp-content\/uploads\/sites\/22\/2025\/09\/Pacto-Copia-2-1536x679.jpg 1536w, https:\/\/cidadenoar.com\/global\/wp-content\/uploads\/sites\/22\/2025\/09\/Pacto-Copia-2-2048x906.jpg 2048w\" sizes=\"(max-width: 1024px) 100vw, 1024px\" \/><button\n\t\t\tclass=\"lightbox-trigger\"\n\t\t\ttype=\"button\"\n\t\t\taria-haspopup=\"dialog\"\n\t\t\taria-label=\"Ampliar\"\n\t\t\tdata-wp-init=\"callbacks.initTriggerButton\"\n\t\t\tdata-wp-on--click=\"actions.showLightbox\"\n\t\t\tdata-wp-style--right=\"state.imageButtonRight\"\n\t\t\tdata-wp-style--top=\"state.imageButtonTop\"\n\t\t>\n\t\t\t<svg xmlns=\"http:\/\/www.w3.org\/2000\/svg\" width=\"12\" height=\"12\" fill=\"none\" viewBox=\"0 0 12 12\">\n\t\t\t\t<path fill=\"#fff\" d=\"M2 0a2 2 0 0 0-2 2v2h1.5V2a.5.5 0 0 1 .5-.5h2V0H2Zm2 10.5H2a.5.5 0 0 1-.5-.5V8H0v2a2 2 0 0 0 2 2h2v-1.5ZM8 12v-1.5h2a.5.5 0 0 0 .5-.5V8H12v2a2 2 0 0 1-2 2H8Zm2-12a2 2 0 0 1 2 2v2h-1.5V2a.5.5 0 0 0-.5-.5H8V0h2Z\" \/>\n\t\t\t<\/svg>\n\t\t<\/button><\/figure>\n<\/figure>\n","protected":false},"excerpt":{"rendered":"<p>A Mesa do Pacto pela Acelera\u00e7\u00e3o Territorial, movimento do qual o Orion Parque Tecnol\u00f3gico \u00e9 um dos mantenedores, realizou a segunda reuni\u00e3o com a participa\u00e7\u00e3o de mais de 70 institui\u00e7\u00f5es que comp\u00f5em a sua governan\u00e7a. O encontro refor\u00e7ou o car\u00e1ter plural da Mesa, que integra lideran\u00e7as de diferentes setores da sociedade e l\u00edderes de projetos que est\u00e3o conduzindo iniciativas estrat\u00e9gicas para o desenvolvimento de Lages e da Serra Catarinense.<\/p>\n","protected":false},"author":17,"featured_media":5776,"comment_status":"open","ping_status":"open","sticky":false,"template":"","format":"standard","meta":{"footnotes":""},"categories":[11],"tags":[663,337,662,691],"class_list":["post-5772","post","type-post","status-publish","format-standard","has-post-thumbnail","hentry","category-brasil","tag-centro-de-inovacao-de-lages","tag-lages","tag-orion-parque-tecnologico","tag-pacto-pela-aceleracao-territorial"],"_links":{"self":[{"href":"https:\/\/cidadenoar.com\/global\/wp-json\/wp\/v2\/posts\/5772","targetHints":{"allow":["GET"]}}],"collection":[{"href":"https:\/\/cidadenoar.com\/global\/wp-json\/wp\/v2\/posts"}],"about":[{"href":"https:\/\/cidadenoar.com\/global\/wp-json\/wp\/v2\/types\/post"}],"author":[{"embeddable":true,"href":"https:\/\/cidadenoar.com\/global\/wp-json\/wp\/v2\/users\/17"}],"replies":[{"embeddable":true,"href":"https:\/\/cidadenoar.com\/global\/wp-json\/wp\/v2\/comments?post=5772"}],"version-history":[{"count":5,"href":"https:\/\/cidadenoar.com\/global\/wp-json\/wp\/v2\/posts\/5772\/revisions"}],"predecessor-version":[{"id":5782,"href":"https:\/\/cidadenoar.com\/global\/wp-json\/wp\/v2\/posts\/5772\/revisions\/5782"}],"wp:featuredmedia":[{"embeddable":true,"href":"https:\/\/cidadenoar.com\/global\/wp-json\/wp\/v2\/media\/5776"}],"wp:attachment":[{"href":"https:\/\/cidadenoar.com\/global\/wp-json\/wp\/v2\/media?parent=5772"}],"wp:term":[{"taxonomy":"category","embeddable":true,"href":"https:\/\/cidadenoar.com\/global\/wp-json\/wp\/v2\/categories?post=5772"},{"taxonomy":"post_tag","embeddable":true,"href":"https:\/\/cidadenoar.com\/global\/wp-json\/wp\/v2\/tags?post=5772"}],"curies":[{"name":"wp","href":"https:\/\/api.w.org\/{rel}","templated":true}]}}