{"id":5791,"date":"2025-09-30T09:21:54","date_gmt":"2025-09-30T12:21:54","guid":{"rendered":"https:\/\/cidadenoar.com\/?p=5791"},"modified":"2025-09-30T09:24:44","modified_gmt":"2025-09-30T12:24:44","slug":"setembro-amarelo-eventos-corporativos-reforcam-a-importancia-de-discutir-saude-mental","status":"publish","type":"post","link":"https:\/\/cidadenoar.com\/global\/saude-bem%e2%80%91estar\/setembro-amarelo-eventos-corporativos-reforcam-a-importancia-de-discutir-saude-mental\/","title":{"rendered":"Setembro Amarelo: eventos corporativos refor\u00e7am a import\u00e2ncia de discutir sa\u00fade mental\u00a0"},"content":{"rendered":"\n<p>O Brasil \u00e9 hoje o pa\u00eds mais ansioso do mundo, segundo a Organiza\u00e7\u00e3o Mundial da Sa\u00fade, e ocupa a quarta posi\u00e7\u00e3o global em estresse, de acordo com pesquisa da Ipsos divulgada em 2024. No cen\u00e1rio internacional, dados da OMS apontam que mais de 1 bilh\u00e3o de pessoas vivem com transtornos de sa\u00fade mental, incluindo ansiedade e depress\u00e3o, consolidando o tema como um dos maiores desafios de sa\u00fade p\u00fablica da atualidade.<\/p>\n\n\n\n<p>Diante desse cen\u00e1rio, iniciativas que valorizam o di\u00e1logo e o cuidado com a sa\u00fade mental tornam-se urgentes. \u00c9 com essa vis\u00e3o que Reginaldo Kaene\u00eane promoveu o Wellness KNN, evento especial realizado no \u00faltimo s\u00e1bado, 20, na Praia Central de Balne\u00e1rio Cambori\u00fa.<\/p>\n\n\n\n<p>Idealizado pelo fundador e CEO do KNN Group, o Wellness KNN integra a campanha do Setembro Amarelo e simboliza um convite ao autocuidado, \u00e0 integra\u00e7\u00e3o e \u00e0 reflex\u00e3o. \u201cCuidar da mente \u00e9 t\u00e3o essencial quanto investir na forma\u00e7\u00e3o profissional. Pessoas s\u00f3 conseguem crescer de forma plena quando encontram equil\u00edbrio entre sa\u00fade f\u00edsica, mental e emocional. O Wellness \u00e9 um espa\u00e7o para lembrar que falar sobre sa\u00fade mental salva vidas\u201d, afirma Reginaldo.<\/p>\n\n\n\n<p>O encontro prop\u00f4s uma manh\u00e3 dedicada \u00e0 pr\u00e1tica de atividades f\u00edsicas, \u00e0 conviv\u00eancia social e ao acolhimento, refor\u00e7ando como pequenas atitudes do dia a dia podem gerar grandes transforma\u00e7\u00f5es no bem-estar coletivo. Al\u00e9m de aproximar colaboradores, o evento abriu espa\u00e7o para a comunidade e traduz, na pr\u00e1tica, a gest\u00e3o humanizada que Reginaldo aplica em todos os seus neg\u00f3cios.<\/p>\n\n\n\n<p>Para Reginaldo, o Wellness KNN vai al\u00e9m de um evento corporativo, \u00e9 uma demonstra\u00e7\u00e3o de prop\u00f3sito. \u201cEmpreender n\u00e3o \u00e9 apenas gerar lucro, \u00e9 criar impacto positivo. Quando cuidamos das pessoas, cuidamos tamb\u00e9m da sociedade. O Wellness KNN \u00e9 um lembrete de que o futuro precisa ser constru\u00eddo com equil\u00edbrio, acolhimento e valoriza\u00e7\u00e3o da vida\u201d, conclui. Com essa iniciativa, Reginaldo refor\u00e7a seu compromisso em usar a lideran\u00e7a como ponte para o desenvolvimento humano, dentro e fora das empresas que construiu.&#8211;<\/p>\n","protected":false},"excerpt":{"rendered":"<p>Reginaldo KNN promoveu evento Wellness em Balne\u00e1rio Cambori\u00fa e reuniu colaboradores do KNN Group para atividades na praia<\/p>\n","protected":false},"author":23,"featured_media":5792,"comment_status":"open","ping_status":"open","sticky":false,"template":"","format":"standard","meta":{"footnotes":""},"categories":[19],"tags":[286,694,692],"class_list":["post-5791","post","type-post","status-publish","format-standard","has-post-thumbnail","hentry","category-saude-bemestar","tag-knn","tag-setembro-amarelo","tag-yoga"],"_links":{"self":[{"href":"https:\/\/cidadenoar.com\/global\/wp-json\/wp\/v2\/posts\/5791","targetHints":{"allow":["GET"]}}],"collection":[{"href":"https:\/\/cidadenoar.com\/global\/wp-json\/wp\/v2\/posts"}],"about":[{"href":"https:\/\/cidadenoar.com\/global\/wp-json\/wp\/v2\/types\/post"}],"author":[{"embeddable":true,"href":"https:\/\/cidadenoar.com\/global\/wp-json\/wp\/v2\/users\/23"}],"replies":[{"embeddable":true,"href":"https:\/\/cidadenoar.com\/global\/wp-json\/wp\/v2\/comments?post=5791"}],"version-history":[{"count":1,"href":"https:\/\/cidadenoar.com\/global\/wp-json\/wp\/v2\/posts\/5791\/revisions"}],"predecessor-version":[{"id":5793,"href":"https:\/\/cidadenoar.com\/global\/wp-json\/wp\/v2\/posts\/5791\/revisions\/5793"}],"wp:featuredmedia":[{"embeddable":true,"href":"https:\/\/cidadenoar.com\/global\/wp-json\/wp\/v2\/media\/5792"}],"wp:attachment":[{"href":"https:\/\/cidadenoar.com\/global\/wp-json\/wp\/v2\/media?parent=5791"}],"wp:term":[{"taxonomy":"category","embeddable":true,"href":"https:\/\/cidadenoar.com\/global\/wp-json\/wp\/v2\/categories?post=5791"},{"taxonomy":"post_tag","embeddable":true,"href":"https:\/\/cidadenoar.com\/global\/wp-json\/wp\/v2\/tags?post=5791"}],"curies":[{"name":"wp","href":"https:\/\/api.w.org\/{rel}","templated":true}]}}