{"id":5796,"date":"2025-09-30T09:36:40","date_gmt":"2025-09-30T12:36:40","guid":{"rendered":"https:\/\/cidadenoar.com\/?p=5796"},"modified":"2025-09-30T09:36:46","modified_gmt":"2025-09-30T12:36:46","slug":"concerto-de-santo-ivo-leva-canto-e-piano-ao-teatro-alvaro-de-carvalho-em-florianopolis","status":"publish","type":"post","link":"https:\/\/cidadenoar.com\/global\/cultura-lazer\/concerto-de-santo-ivo-leva-canto-e-piano-ao-teatro-alvaro-de-carvalho-em-florianopolis\/","title":{"rendered":"Concerto de Santo Ivo leva canto e piano ao Teatro \u00c1lvaro de Carvalho, em Florian\u00f3polis"},"content":{"rendered":"\n<p>O Mosteiro Santo Ivo promove no dia 1\u00b0 de outubro, \u00e0s 19h30, no Teatro \u00c1lvaro de Carvalho (TAC), em Florian\u00f3polis, o Concerto de Santo Ivo 2025 \u2013 \u201cAs Faces do Romantismo\u201d, de canto e piano.<\/p>\n\n\n\n<p>Criado em 2014, o evento anual tem a renda obtida pela bilheteria investida na manuten\u00e7\u00e3o da Escola de M\u00fasica do Mosteiro Santo Ivo, que funciona junto \u00e0 Igreja S\u00e3o Jo\u00e3o Batista, no bairro Agron\u00f4mica.<\/p>\n\n\n\n<p>A patronesse desta edi\u00e7\u00e3o \u00e9 a benem\u00e9rita Cleide Barbi Ammon, antiga colaboradora das obras sociais da Igreja e do Mosteiro, coordenadas pelo padre Luiz Harding Chang, como tamb\u00e9m de outras institui\u00e7\u00f5es assistenciais.<\/p>\n\n\n\n<p>As entradas est\u00e3o \u00e0 venda por R$ 80 (meia) e R$ 160 (inteira), na plataforma&nbsp;<a href=\"https:\/\/site.blueticket.com.br\/evento\/38921\/concerto-santo-ivo-2025-as-faces-do-romantismo\" target=\"_blank\" rel=\"noreferrer noopener\">Blueticket<\/a>, e por R$ 90 (b\u00f4nus ingresso antecipado), na Igreja S\u00e3o Jo\u00e3o Batista, \u00e0 rua Delminda Silveira, n\u00b0 816. As poltronas n\u00e3o s\u00e3o numeradas.<\/p>\n\n\n\n<p><strong>Palco<\/strong><\/p>\n\n\n\n<p>O espet\u00e1culo beneficente une alunos e m\u00fasicos profissionais de Santa Catarina. Neste ano, estar\u00e3o no palco o fortepianista Diego Guedes, especialista em pianos antigos e que atua na Escola do Teatro Bolshoi no Brasil (ETBB), em Joinville, e a cantora l\u00edrica Masami Ganev, soprano japonesa radicada na Capital.<\/p>\n\n\n\n<p>Diego, que j\u00e1 tocou na Igreja S\u00e3o Jo\u00e3o Batista, mas \u00e9 estreante no Concerto, executar\u00e1 as partituras num piano Peyel \u2013 uma raridade fabricada artesanalmente em 1869, com n\u00famero de s\u00e9rie e assinatura do construtor, Ignace Pleyel. O instrumento foi trazido da Fran\u00e7a no mesmo ano para o Rio de Janeiro e, em seguida, para o Col\u00e9gio Catarinense, em Florian\u00f3polis. Agora, pertence ao templo religioso.<\/p>\n\n\n\n<p>Al\u00e9m deles, participar\u00e3o o Coro Gregoriano S\u00e3o Jo\u00e3o, formado por adultos regidos pelo maestro Ac\u00e1cio&nbsp;Silvestre, e a Psalette de Santo Ivo, coro infantojuvenil, sob reg\u00eancia do maestro Luiz Henrique Font\u00e3o. Os grupos pertencem \u00e0 Igreja de S\u00e3o Jo\u00e3o Batista\/Mosteiro Santo Ivo.<\/p>\n\n\n\n<p>Durante cerca de uma hora, ser\u00e3o apresentadas obras de compositores internacionalmente consagrados, dos s\u00e9culos 19 e 20: Alberto Nepomuceno, Claude Debussy, Francis Poulenc, Franz Schubert, Fr\u00e9d\u00e9ric Chopin, Gustav Mahler, John Field, Johannes Brahms, Pyotr Tchaikovsky, Richard Strauss, Robert Schumann e Sergei Rachmaninoff.<\/p>\n\n\n\n<p><strong>Ensino gratuito<\/strong><\/p>\n\n\n\n<p>A Escola de M\u00fasica do Mosteiro Santo Ivo surgiu em 2013, no Morro do Hor\u00e1cio, para oferecer cursos gratuitos de inicia\u00e7\u00e3o musical e flauta-doce \u00e0s crian\u00e7as da Escola B\u00e1sica Municipal Osvaldo Galupo. Posteriormente, foi transferida para a Igreja S\u00e3o Jo\u00e3o Batista, abrindo vagas para toda a comunidade.<\/p>\n\n\n\n<p>A cada semestre \u00e9 feita uma audi\u00e7\u00e3o para selecionar novos alunos de forma\u00e7\u00e3o musical, com base no interesse pela m\u00fasica, condi\u00e7\u00e3o social e idade. Hoje, gratuitamente, s\u00e3o oferecidas aulas semanais de piano, viol\u00e3o cl\u00e1ssico e violino.<\/p>\n\n\n\n<p><\/p>\n\n\n\n<figure class=\"wp-block-image size-large\"><img decoding=\"async\" src=\"https:\/\/jornalaw.com.br\/wp-content\/uploads\/2025\/09\/Concerto-de-Santo-Ivo-2025-banner-510x638.jpg\" alt=\"\" class=\"wp-image-48037\" title=\"\"><\/figure>\n","protected":false},"excerpt":{"rendered":"<p>Espet\u00e1culo de canto e piano ter\u00e1 renda revertida \u00e0 Escola de M\u00fasica do Mosteiro Santo Ivo, que oferece aulas gratuitas \u00e0 comunidade<\/p>\n","protected":false},"author":23,"featured_media":5797,"comment_status":"open","ping_status":"open","sticky":false,"template":"","format":"standard","meta":{"footnotes":""},"categories":[360],"tags":[696,695],"class_list":["post-5796","post","type-post","status-publish","format-standard","has-post-thumbnail","hentry","category-cultura-lazer","tag-mosteiro","tag-musical"],"_links":{"self":[{"href":"https:\/\/cidadenoar.com\/global\/wp-json\/wp\/v2\/posts\/5796","targetHints":{"allow":["GET"]}}],"collection":[{"href":"https:\/\/cidadenoar.com\/global\/wp-json\/wp\/v2\/posts"}],"about":[{"href":"https:\/\/cidadenoar.com\/global\/wp-json\/wp\/v2\/types\/post"}],"author":[{"embeddable":true,"href":"https:\/\/cidadenoar.com\/global\/wp-json\/wp\/v2\/users\/23"}],"replies":[{"embeddable":true,"href":"https:\/\/cidadenoar.com\/global\/wp-json\/wp\/v2\/comments?post=5796"}],"version-history":[{"count":2,"href":"https:\/\/cidadenoar.com\/global\/wp-json\/wp\/v2\/posts\/5796\/revisions"}],"predecessor-version":[{"id":5799,"href":"https:\/\/cidadenoar.com\/global\/wp-json\/wp\/v2\/posts\/5796\/revisions\/5799"}],"wp:featuredmedia":[{"embeddable":true,"href":"https:\/\/cidadenoar.com\/global\/wp-json\/wp\/v2\/media\/5797"}],"wp:attachment":[{"href":"https:\/\/cidadenoar.com\/global\/wp-json\/wp\/v2\/media?parent=5796"}],"wp:term":[{"taxonomy":"category","embeddable":true,"href":"https:\/\/cidadenoar.com\/global\/wp-json\/wp\/v2\/categories?post=5796"},{"taxonomy":"post_tag","embeddable":true,"href":"https:\/\/cidadenoar.com\/global\/wp-json\/wp\/v2\/tags?post=5796"}],"curies":[{"name":"wp","href":"https:\/\/api.w.org\/{rel}","templated":true}]}}