{"id":5800,"date":"2025-09-30T09:48:46","date_gmt":"2025-09-30T12:48:46","guid":{"rendered":"https:\/\/cidadenoar.com\/?p=5800"},"modified":"2025-09-30T09:48:50","modified_gmt":"2025-09-30T12:48:50","slug":"projeto-troco-solidario-fort-atacadista-destina-mais-de-r-130-mil-para-instituicoes-catarinenses","status":"publish","type":"post","link":"https:\/\/cidadenoar.com\/global\/geral\/projeto-troco-solidario-fort-atacadista-destina-mais-de-r-130-mil-para-instituicoes-catarinenses\/","title":{"rendered":"Projeto Troco Solid\u00e1rio Fort Atacadista destina mais de R$ 130 mil para institui\u00e7\u00f5es catarinenses"},"content":{"rendered":"\n<p>Durante o primeiro semestre de 2025, o projeto Troco Solid\u00e1rio da rede Fort Atacadista arrecadou em Santa Catarina o montante de&nbsp;<strong>R$131.802,96,<\/strong>&nbsp;que foram integralmente destinados a institui\u00e7\u00f5es que promovem o bem-estar social no estado. Desde 2007, o projeto incentiva que os clientes doem qualquer quantia ao final das suas compras, a partir de R$ 0,01, transformando pequenas contribui\u00e7\u00f5es em grandes oportunidades de apoio para entidades que dependem de donativos para sua manuten\u00e7\u00e3o.&nbsp;<\/p>\n\n\n\n<p>Entre as institui\u00e7\u00f5es que receberam os maiores valores est\u00e3o a Associa\u00e7\u00e3o Catarinense de Apoio Social e Educacional \u00e0 Fam\u00edlia, de&nbsp;<strong>Lages<\/strong>, que recebeu&nbsp;<strong>R$ 28.988,60<\/strong>; a Rede Feminina de Combate ao C\u00e2ncer de&nbsp;<strong>Florian\u00f3polis<\/strong>, com R<strong>$ 24.626,47<\/strong>; e a Afrejaru \u2013 A\u00e7\u00f5es Inclusivas, de&nbsp;<strong>Palho\u00e7a<\/strong>, que recebeu R$&nbsp;<strong>13.895,68<\/strong>.<\/p>\n\n\n\n<p>\u201cPara n\u00f3s, \u00e9 uma grande honra participar dessa constru\u00e7\u00e3o coletiva de uma sociedade melhor. A cada doa\u00e7\u00e3o, por menor que pare\u00e7a, nasce uma grande oportunidade de transforma\u00e7\u00e3o. Quando nossos clientes contribuem e quando nossos pontos de venda oferecem esse espa\u00e7o de solidariedade, todos se tornam parte dessa corrente do bem. O impacto \u00e9 real: cada gesto fortalece nossa comunidade e abre novas perspectivas. Juntos, mostramos que pequenas atitudes geram grandes conquistas\u201d, destaca Jussara Pereira, gerente da loja do Fort Atacadista do bairro Kobrasol, em S\u00e3o Jos\u00e9.&nbsp;<\/p>\n\n\n\n<p><strong>Como apoiar o projeto?&nbsp;<\/strong><\/p>\n\n\n\n<p>Contribuir com o Troco Solid\u00e1rio \u00e9 simples: basta informar ao caixa, no momento do pagamento, que voc\u00ea deseja doar o troco para o projeto. Cada centavo faz a diferen\u00e7a e ajuda a transformar a vida de crian\u00e7as, jovens, idosos e fam\u00edlias atendidas pelas institui\u00e7\u00f5es participantes. A cada semestre, novas entidades filantr\u00f3picas e projetos sociais s\u00e3o eleitos para&nbsp;ser&nbsp;contemplados com os valores arrecadados nas lojas do Fort Atacadista.<\/p>\n\n\n\n<p><strong><u>Confira a lista com todas as institui\u00e7\u00f5es beneficiadas<\/u>:<\/strong><\/p>\n\n\n\n<ol class=\"wp-block-list\">\n<li>Associa\u00e7\u00e3o Catarinense de Apoio Social e Educacional \u00e0 Fam\u00edlia (Lages) \u2013 R$ 28.988,60<\/li>\n\n\n\n<li>Rede Feminina Combate ao C\u00e2ncer de Florian\u00f3polis (Jardim Atl\u00e2ntico) \u2013 R$ 24.626,47<\/li>\n\n\n\n<li>Afrejaru \u2013 A\u00e7\u00f5es Inclusivas (Palho\u00e7a) \u2013 R$ 13.895,68<\/li>\n\n\n\n<li>Casa de Recupera\u00e7\u00e3o Nova Vida de Chapec\u00f3 \u2013 R$ 12.893,07<\/li>\n\n\n\n<li>Creche e Orfanato Vinde a Mim as Criancinhas (S\u00e3o Jos\u00e9) \u2013 R$ 11.135,94 (FOTO)<\/li>\n\n\n\n<li>A\u00e7\u00e3o Social S\u00e3o Vicente (Itaja\u00ed) \u2013 R$ 8.998,02<\/li>\n\n\n\n<li>Rede Feminina de Combate ao C\u00e2ncer de Tubar\u00e3o \u2013 R$ 4.864,96<\/li>\n\n\n\n<li>Lar Confer\u00eancia de S\u00e3o Vicente de Paulo de Rio do Sul \u2013 R$ 4.012,38<\/li>\n\n\n\n<li>Associa\u00e7\u00e3o de Pais e Amigos dos Excepcionais de S\u00e3o Bento do Sul \u2013 R$ 2.878,46<\/li>\n\n\n\n<li>Hospital Nossa Senhora das Gra\u00e7as (Joinville) \u2013 R$ 2.687,51<\/li>\n\n\n\n<li>Casa do Idoso Benta da Silva Palumbo \u2013 Grupo Conviver (Navegantes) \u2013 R$ 2.624,49<\/li>\n\n\n\n<li>Centro Educacional Pequeno Milagre (Crici\u00fama) \u2013 R$ 2.486,05<\/li>\n\n\n\n<li>Associa\u00e7\u00e3o de Pais e Amigos do Autista de Indaial \u2013 R$ 2.332,25<\/li>\n\n\n\n<li>Associa\u00e7\u00e3o Volunt\u00e1rios de S\u00e3o Roque (Blumenau) \u2013 R$ 2.236,80<\/li>\n\n\n\n<li>Associa\u00e7\u00e3o Atletas Especiais de Brusque \u2013 R$ 2.158,35<\/li>\n\n\n\n<li>Associa\u00e7\u00e3o de Pais e Amigos dos Autistas de Porto Belo \u2013 R$ 1.140,62<\/li>\n\n\n\n<li>Minist\u00e9rio Vivendo Reino Church (Ararangu\u00e1) \u2013 R$ 941,53<\/li>\n\n\n\n<li>Coletivo de Mulheres do Brasil em A\u00e7\u00e3o (Penha) \u2013 R$ 938,06<\/li>\n\n\n\n<li>Associa\u00e7\u00e3o de Pais e Amigos Excepcionais de Balne\u00e1rio Cambori\u00fa \u2013 R$ 847,16<\/li>\n\n\n\n<li>Rede Feminina de Combate ao C\u00e2ncer Jaragu\u00e1 do Sul \u2013 R$ 688,93<\/li>\n\n\n\n<li>Associa\u00e7\u00e3o Lar de Idosos Grande Fam\u00edlia (Barra Velha) \u2013 R$ 427,63<\/li>\n<\/ol>\n","protected":false},"excerpt":{"rendered":"<p>Valor total de R$ 131.802,96 foi arrecadado durante o primeiro semestre de 2025; confira as 21 institui\u00e7\u00f5es beneficiadas com as doa\u00e7\u00f5es<\/p>\n","protected":false},"author":23,"featured_media":5801,"comment_status":"open","ping_status":"open","sticky":false,"template":"","format":"standard","meta":{"footnotes":""},"categories":[1],"tags":[699,112,698],"class_list":["post-5800","post","type-post","status-publish","format-standard","has-post-thumbnail","hentry","category-geral","tag-doacao","tag-fort-atacadista","tag-troco-solidario"],"_links":{"self":[{"href":"https:\/\/cidadenoar.com\/global\/wp-json\/wp\/v2\/posts\/5800","targetHints":{"allow":["GET"]}}],"collection":[{"href":"https:\/\/cidadenoar.com\/global\/wp-json\/wp\/v2\/posts"}],"about":[{"href":"https:\/\/cidadenoar.com\/global\/wp-json\/wp\/v2\/types\/post"}],"author":[{"embeddable":true,"href":"https:\/\/cidadenoar.com\/global\/wp-json\/wp\/v2\/users\/23"}],"replies":[{"embeddable":true,"href":"https:\/\/cidadenoar.com\/global\/wp-json\/wp\/v2\/comments?post=5800"}],"version-history":[{"count":2,"href":"https:\/\/cidadenoar.com\/global\/wp-json\/wp\/v2\/posts\/5800\/revisions"}],"predecessor-version":[{"id":5803,"href":"https:\/\/cidadenoar.com\/global\/wp-json\/wp\/v2\/posts\/5800\/revisions\/5803"}],"wp:featuredmedia":[{"embeddable":true,"href":"https:\/\/cidadenoar.com\/global\/wp-json\/wp\/v2\/media\/5801"}],"wp:attachment":[{"href":"https:\/\/cidadenoar.com\/global\/wp-json\/wp\/v2\/media?parent=5800"}],"wp:term":[{"taxonomy":"category","embeddable":true,"href":"https:\/\/cidadenoar.com\/global\/wp-json\/wp\/v2\/categories?post=5800"},{"taxonomy":"post_tag","embeddable":true,"href":"https:\/\/cidadenoar.com\/global\/wp-json\/wp\/v2\/tags?post=5800"}],"curies":[{"name":"wp","href":"https:\/\/api.w.org\/{rel}","templated":true}]}}