{"id":5808,"date":"2025-10-01T18:20:41","date_gmt":"2025-10-01T21:20:41","guid":{"rendered":"https:\/\/cidadenoar.com\/?p=5808"},"modified":"2025-10-01T18:20:49","modified_gmt":"2025-10-01T21:20:49","slug":"do-moodboard-ao-chao-de-fabrica-painel-no-ondm-brasil-discute-desafios-da-moda-contemporanea","status":"publish","type":"post","link":"https:\/\/cidadenoar.com\/global\/economia-negocios\/do-moodboard-ao-chao-de-fabrica-painel-no-ondm-brasil-discute-desafios-da-moda-contemporanea\/","title":{"rendered":"Do \u201cmoodboard\u201d ao ch\u00e3o de f\u00e1brica: painel no ONDM Brasil discute desafios da moda contempor\u00e2nea\u00a0"},"content":{"rendered":"\n<p>No pr\u00f3ximo dia&nbsp;<strong>8 de outubro, \u00e0s 16h20<\/strong>, o palco do&nbsp;<a href=\"https:\/\/www.instagram.com\/onegociodamoda\" target=\"_blank\" rel=\"noreferrer noopener\">ONDM Brasil<\/a>, em Balne\u00e1rio Cambori\u00fa (SC), promove o talk&nbsp;<em>\u201cDo moodboard ao ch\u00e3o de f\u00e1brica: os desafios de transformar tend\u00eancia em produto real, mantendo qualidade, pre\u00e7o e prop\u00f3sito da cole\u00e7\u00e3o\u201d<\/em>. O bate-papo promete trazer uma vis\u00e3o pr\u00e1tica sobre como alinhar criatividade e execu\u00e7\u00e3o em um dos setores mais din\u00e2micos da economia: a moda. Este \u00e9 apenas um dos destaques na rica programa\u00e7\u00e3o de conte\u00fado do segundo dia nesta edi\u00e7\u00e3o do ONDM.<br>&nbsp;<\/p>\n\n\n\n<p>Entre os convidados est\u00e1&nbsp;<a href=\"https:\/\/www.instagram.com\/p\/DN0OQt-2m3T\/\" target=\"_blank\" rel=\"noreferrer noopener\">Andr\u00e9s Gwyn<\/a>, presidente e fundador do Grupo Texcin, holding paraguaia refer\u00eancia em manufatura inteligente e projetos de&nbsp;<em>nearshoring<\/em>&nbsp;que v\u00eam reposicionando o Paraguai como hub competitivo para a produ\u00e7\u00e3o t\u00eaxtil global. Do lado brasileiro, a executiva&nbsp;<strong>Cl\u00e1udia Moraes<\/strong>, diretora de sourcing da marca Reserva (<a href=\"https:\/\/www.instagram.com\/azzas2154\/\" target=\"_blank\" rel=\"noreferrer noopener\">Grupo Azzas 2154<\/a>), compartilha mais de tr\u00eas d\u00e9cadas de experi\u00eancia na gest\u00e3o de fornecedores e no equil\u00edbrio entre inova\u00e7\u00e3o, custos e qualidade.<br>&nbsp;<\/p>\n\n\n\n<p>A media\u00e7\u00e3o ficar\u00e1 por conta de&nbsp;<strong>Milena Abreu<\/strong>, engenheira t\u00eaxtil e fundadora da&nbsp;<a href=\"https:\/\/www.instagram.com\/texapexoficial\/\" target=\"_blank\" rel=\"noreferrer noopener\">TexApex<\/a>, reconhecida no setor como a \u201cEmbaixadora da Qualidade T\u00eaxtil no Brasil\u201d. Com atua\u00e7\u00e3o em mais de 20 pa\u00edses, Milena \u00e9 refer\u00eancia em processos de excel\u00eancia e performance em grandes marcas e varejistas.<br>&nbsp;<\/p>\n\n\n\n<p>O encontro busca debater caminhos para transformar tend\u00eancias em cole\u00e7\u00f5es vi\u00e1veis e sustent\u00e1veis, abordando desde a escolha de mat\u00e9rias-primas at\u00e9 os desafios de manter competitividade sem perder prop\u00f3sito e consist\u00eancia. A programa\u00e7\u00e3o integra a 14\u00aa edi\u00e7\u00e3o do&nbsp;<strong>ONDM<\/strong>, um dos maiores eventos de neg\u00f3cios e conte\u00fado para a cadeia da moda na Am\u00e9rica Latina.<\/p>\n\n\n\n<p><strong>Acompanhe outras novidades e demais nomes confirmados&nbsp;<\/strong>na programa\u00e7\u00e3o do ONDM pelo Instagram&nbsp;<a href=\"https:\/\/instagram.com\/onegociodamoda\" target=\"_blank\" rel=\"noreferrer noopener\">onegociodamoda<\/a>&nbsp;e tamb\u00e9m pelo&nbsp;<a href=\"https:\/\/www.ondm.com.br\/\" target=\"_blank\" rel=\"noreferrer noopener\">site oficial<\/a>.<br>&nbsp;<\/p>\n\n\n\n<p><strong><u>SERVI\u00c7O<\/u><\/strong><\/p>\n\n\n\n<p><strong>Evento:<\/strong>&nbsp;O Neg\u00f3cio da Moda &#8211; ONDM Brasil 2025<br><strong>Data:<\/strong>&nbsp;7, 8 e 9 de outubro de 2025<br><strong>Local:<\/strong>&nbsp;Expocentro, Balne\u00e1rio Cambori\u00fa (SC)<br><strong>Ingressos:<\/strong>&nbsp;dispon\u00edveis no&nbsp;<a href=\"https:\/\/www.ondm.com.br\/\" target=\"_blank\" rel=\"noreferrer noopener\">site oficial<\/a>.<\/p>\n\n\n\n<p><\/p>\n\n\n\n<figure class=\"wp-block-gallery has-nested-images columns-default is-cropped wp-block-gallery-1 is-layout-flex wp-block-gallery-is-layout-flex\">\n<figure class=\"wp-block-image size-large\"><img fetchpriority=\"high\" decoding=\"async\" width=\"800\" height=\"533\" data-id=\"5809\" src=\"https:\/\/cidadenoar.com\/wp-content\/uploads\/sites\/22\/2025\/10\/unnamed-7.jpg\" alt=\"\" class=\"wp-image-5809\" title=\"\" srcset=\"https:\/\/cidadenoar.com\/global\/wp-content\/uploads\/sites\/22\/2025\/10\/unnamed-7.jpg 800w, https:\/\/cidadenoar.com\/global\/wp-content\/uploads\/sites\/22\/2025\/10\/unnamed-7-300x200.jpg 300w, https:\/\/cidadenoar.com\/global\/wp-content\/uploads\/sites\/22\/2025\/10\/unnamed-7-768x512.jpg 768w, https:\/\/cidadenoar.com\/global\/wp-content\/uploads\/sites\/22\/2025\/10\/unnamed-7-600x400.jpg 600w\" sizes=\"(max-width: 800px) 100vw, 800px\" \/><figcaption class=\"wp-element-caption\">Palco principal do ONDM Brasil em Balne\u00e1rio Cambori\u00fa (foto da edi\u00e7\u00e3o 2024) _ Cr\u00e9dito DKZ Fotografia<\/figcaption><\/figure>\n\n\n\n<figure class=\"wp-block-image size-large\"><img decoding=\"async\" width=\"540\" height=\"811\" data-id=\"5810\" src=\"https:\/\/cidadenoar.com\/wp-content\/uploads\/sites\/22\/2025\/10\/unnamed-6.jpg\" alt=\"\" class=\"wp-image-5810\" title=\"\" srcset=\"https:\/\/cidadenoar.com\/global\/wp-content\/uploads\/sites\/22\/2025\/10\/unnamed-6.jpg 540w, https:\/\/cidadenoar.com\/global\/wp-content\/uploads\/sites\/22\/2025\/10\/unnamed-6-200x300.jpg 200w\" sizes=\"(max-width: 540px) 100vw, 540px\" \/><figcaption class=\"wp-element-caption\">Cl\u00e1udia Moraes, diretora de sourcing da marca Reserva (Grupo Azzas 2154), est\u00e1 entre os nomes confirmados no ONDM Brasil, em Balne\u00e1rio Cambori\u00fa, no dia 8 de outubro<\/figcaption><\/figure>\n<\/figure>\n","protected":false},"excerpt":{"rendered":"<p>Encontro em Balne\u00e1rio Cambori\u00fa re\u00fane executivos da Reserva e do Grupo Texcin, com media\u00e7\u00e3o de especialista em qualidade t\u00eaxtil<\/p>\n","protected":false},"author":23,"featured_media":5812,"comment_status":"open","ping_status":"open","sticky":false,"template":"","format":"standard","meta":{"footnotes":""},"categories":[289],"tags":[230,167,292],"class_list":["post-5808","post","type-post","status-publish","format-standard","has-post-thumbnail","hentry","category-economia-negocios","tag-balneario-camboriu","tag-moda","tag-ondm"],"_links":{"self":[{"href":"https:\/\/cidadenoar.com\/global\/wp-json\/wp\/v2\/posts\/5808","targetHints":{"allow":["GET"]}}],"collection":[{"href":"https:\/\/cidadenoar.com\/global\/wp-json\/wp\/v2\/posts"}],"about":[{"href":"https:\/\/cidadenoar.com\/global\/wp-json\/wp\/v2\/types\/post"}],"author":[{"embeddable":true,"href":"https:\/\/cidadenoar.com\/global\/wp-json\/wp\/v2\/users\/23"}],"replies":[{"embeddable":true,"href":"https:\/\/cidadenoar.com\/global\/wp-json\/wp\/v2\/comments?post=5808"}],"version-history":[{"count":2,"href":"https:\/\/cidadenoar.com\/global\/wp-json\/wp\/v2\/posts\/5808\/revisions"}],"predecessor-version":[{"id":5814,"href":"https:\/\/cidadenoar.com\/global\/wp-json\/wp\/v2\/posts\/5808\/revisions\/5814"}],"wp:featuredmedia":[{"embeddable":true,"href":"https:\/\/cidadenoar.com\/global\/wp-json\/wp\/v2\/media\/5812"}],"wp:attachment":[{"href":"https:\/\/cidadenoar.com\/global\/wp-json\/wp\/v2\/media?parent=5808"}],"wp:term":[{"taxonomy":"category","embeddable":true,"href":"https:\/\/cidadenoar.com\/global\/wp-json\/wp\/v2\/categories?post=5808"},{"taxonomy":"post_tag","embeddable":true,"href":"https:\/\/cidadenoar.com\/global\/wp-json\/wp\/v2\/tags?post=5808"}],"curies":[{"name":"wp","href":"https:\/\/api.w.org\/{rel}","templated":true}]}}