{"id":5816,"date":"2025-10-01T18:36:19","date_gmt":"2025-10-01T21:36:19","guid":{"rendered":"https:\/\/cidadenoar.com\/?p=5816"},"modified":"2025-10-01T18:53:41","modified_gmt":"2025-10-01T21:53:41","slug":"sindaf-sc-recebe-avaliadores-do-premio-nacional-de-educacao-fiscal","status":"publish","type":"post","link":"https:\/\/cidadenoar.com\/global\/economia-negocios\/sindaf-sc-recebe-avaliadores-do-premio-nacional-de-educacao-fiscal\/","title":{"rendered":"Sindaf\/SC recebe avaliadores do Pr\u00eamio Nacional de Educa\u00e7\u00e3o Fiscal"},"content":{"rendered":"\n<p>Na manh\u00e3 desta ter\u00e7a-feira (30\/09), o Presidente do Sindicato dos Auditores Estaduais de Finan\u00e7as P\u00fablicas de Santa Catarina (Sindaf-SC), Sandro Medeiros Alves, recebeu em Florian\u00f3polis dois avaliadores do&nbsp;<strong>Pr\u00eamio Nacional de Educa\u00e7\u00e3o Fiscal<\/strong>&nbsp;\u2013 edi\u00e7\u00e3o 2025, uma realiza\u00e7\u00e3o da FEBRAFITE (Associa\u00e7\u00e3o Nacional das Associa\u00e7\u00f5es de Fiscais de Tributos Estaduais), em parceria com o Minist\u00e9rio da Educa\u00e7\u00e3o (MEC), a Secretaria da Receita Federal do Brasil (RFB), o Grupo de Trabalho Educa\u00e7\u00e3o Fiscal (GT66), vinculado ao Confaz, entre outros parceiros institucionais.<\/p>\n\n\n\n<p>O encontro decorreu da inscri\u00e7\u00e3o do Sindaf-SC nesta edi\u00e7\u00e3o da premia\u00e7\u00e3o com a campanha&nbsp;<strong>\u201cO que voc\u00ea tem a ver com as finan\u00e7as p\u00fablicas? Tudo!\u201d<\/strong>.<\/p>\n\n\n\n<p>Estiveram presentes&nbsp;<strong>Jair Antonio Schmitt<\/strong>, Auditor Fiscal da Receita Estadual e coordenador do grupo de avaliadores do Pr\u00eamio Nacional de Educa\u00e7\u00e3o Fiscal em Santa Catarina, indicado pela diretoria da AFFESC (Associa\u00e7\u00e3o dos Funcion\u00e1rios Fiscais do Estado de Santa Catarina), e&nbsp;<strong>Cristine Reinbrecht<\/strong>, representante da Cidadania Fiscal da Receita Federal de Santa Catarina, vinculada \u00e0 Delegacia da Receita Federal de Florian\u00f3polis, com abrang\u00eancia em 92 munic\u00edpios e na 9\u00aa Regi\u00e3o Fiscal (Paran\u00e1 e Santa Catarina). Jair tamb\u00e9m \u00e9 Presidente do Conselho Estadual de Combate \u00e0 Pirataria.<\/p>\n\n\n\n<p>O Pr\u00eamio Nacional de Educa\u00e7\u00e3o Fiscal promove a Educa\u00e7\u00e3o Fiscal, a correta aplica\u00e7\u00e3o dos recursos p\u00fablicos e a import\u00e2ncia da participa\u00e7\u00e3o cidad\u00e3 no controle social, estimulando pr\u00e1ticas educativas e transformadoras com impacto direto na sociedade.<\/p>\n\n\n\n<p>\u201cPara n\u00f3s do Sindaf-SC \u00e9 uma honra estar entre os inscritos de uma premia\u00e7\u00e3o t\u00e3o relevante e inspiradora, que valoriza projetos de impacto social e educativo. Independentemente do resultado,&nbsp;<strong>j\u00e1 nos consideramos vitoriosos pela recep\u00e7\u00e3o calorosa dos avaliadores e pela sinaliza\u00e7\u00e3o positiva de apoio \u00e0 nossa campanha por parte da Cidadania Fiscal da Receita Federal de Santa Catarina<\/strong>\u201d, destacou Sandro Medeiros Alves, Presidente do Sindaf-SC.<\/p>\n\n\n\n<p><strong>Sobre a campanha:<\/strong><\/p>\n\n\n\n<p>Idealizada por Auditores Estaduais de Finan\u00e7as P\u00fablicas, a campanha busca conscientizar a popula\u00e7\u00e3o sobre a import\u00e2ncia do acompanhamento dos recursos estaduais. Com uma abordagem pedag\u00f3gica e comunicativa, traduz conceitos t\u00e9cnicos em linguagem clara e acess\u00edvel, mostrando que o dinheiro p\u00fablico vai al\u00e9m dos n\u00fameros: ele impacta diretamente a vida das pessoas.<\/p>\n\n\n\n<p>Desenvolvida em diversas frentes, incluindo a\u00e7\u00f5es institucionais, educativas e de mobiliza\u00e7\u00e3o social, a iniciativa j\u00e1 conquistou destaque em Santa Catarina e recebeu apoio de \u00f3rg\u00e3os como a Secretaria de Estado da Fazenda, o Minist\u00e9rio P\u00fablico de Santa Catarina, o Tribunal de Contas do Estado, o Tribunal de Justi\u00e7a de Santa Catarina, a Assembleia Legislativa, o Conselho Regional de Contabilidade, a FECONTESC e, ap\u00f3s o encontro desta ter\u00e7a-feira (30), a Cidadania Fiscal da Receita Federal de Santa Catarina.<\/p>\n\n\n\n<p>Al\u00e9m disso, a campanha vem ganhando repercuss\u00e3o na m\u00eddia e reconhecimento como uma a\u00e7\u00e3o inspiradora de mobiliza\u00e7\u00e3o cidad\u00e3. \u201cMais do que uma campanha de comunica\u00e7\u00e3o, trata-se de um movimento educativo: uma convoca\u00e7\u00e3o p\u00fablica \u00e0 consci\u00eancia fiscal, \u00e0 responsabilidade compartilhada e \u00e0 valoriza\u00e7\u00e3o do bem comum\u201d, finaliza Sandro.<\/p>\n","protected":false},"excerpt":{"rendered":"<p>Na ocasi\u00e3o, a Cidadania Fiscal da Receita Federal de Santa Catarina j\u00e1 sinalizou apoio \u00e0 campanha \u201cO que voc\u00ea tem a ver com as finan\u00e7as p\u00fablicas? Tudo!\u201d <\/p>\n","protected":false},"author":23,"featured_media":5817,"comment_status":"open","ping_status":"open","sticky":false,"template":"","format":"standard","meta":{"footnotes":""},"categories":[289],"tags":[36,703,342],"class_list":["post-5816","post","type-post","status-publish","format-standard","has-post-thumbnail","hentry","category-economia-negocios","tag-economia","tag-financas-publicas","tag-sindaf"],"_links":{"self":[{"href":"https:\/\/cidadenoar.com\/global\/wp-json\/wp\/v2\/posts\/5816","targetHints":{"allow":["GET"]}}],"collection":[{"href":"https:\/\/cidadenoar.com\/global\/wp-json\/wp\/v2\/posts"}],"about":[{"href":"https:\/\/cidadenoar.com\/global\/wp-json\/wp\/v2\/types\/post"}],"author":[{"embeddable":true,"href":"https:\/\/cidadenoar.com\/global\/wp-json\/wp\/v2\/users\/23"}],"replies":[{"embeddable":true,"href":"https:\/\/cidadenoar.com\/global\/wp-json\/wp\/v2\/comments?post=5816"}],"version-history":[{"count":1,"href":"https:\/\/cidadenoar.com\/global\/wp-json\/wp\/v2\/posts\/5816\/revisions"}],"predecessor-version":[{"id":5818,"href":"https:\/\/cidadenoar.com\/global\/wp-json\/wp\/v2\/posts\/5816\/revisions\/5818"}],"wp:featuredmedia":[{"embeddable":true,"href":"https:\/\/cidadenoar.com\/global\/wp-json\/wp\/v2\/media\/5817"}],"wp:attachment":[{"href":"https:\/\/cidadenoar.com\/global\/wp-json\/wp\/v2\/media?parent=5816"}],"wp:term":[{"taxonomy":"category","embeddable":true,"href":"https:\/\/cidadenoar.com\/global\/wp-json\/wp\/v2\/categories?post=5816"},{"taxonomy":"post_tag","embeddable":true,"href":"https:\/\/cidadenoar.com\/global\/wp-json\/wp\/v2\/tags?post=5816"}],"curies":[{"name":"wp","href":"https:\/\/api.w.org\/{rel}","templated":true}]}}