{"id":5851,"date":"2025-10-03T16:15:14","date_gmt":"2025-10-03T19:15:14","guid":{"rendered":"https:\/\/cidadenoar.com\/?p=5851"},"modified":"2025-10-03T16:15:17","modified_gmt":"2025-10-03T19:15:17","slug":"a-marejada-mais-fort-rede-atacadista-marca-presenca-na-festa-mais-tradicional-de-itajai","status":"publish","type":"post","link":"https:\/\/cidadenoar.com\/global\/geral\/a-marejada-mais-fort-rede-atacadista-marca-presenca-na-festa-mais-tradicional-de-itajai\/","title":{"rendered":"\u201cA Marejada Mais Fort\u201d: rede atacadista marca presen\u00e7a na festa mais tradicional de Itaja\u00ed"},"content":{"rendered":"\n<p>Itaja\u00ed se prepara para viver a 36\u00aa edi\u00e7\u00e3o da Marejada, maior festa do pescado do Brasil e<strong>&nbsp;segunda maior celebra\u00e7\u00e3o da cultura portuguesa no mundo<\/strong>. De 2 a 19 de outubro de 2025, o Centreventos vai receber mais de 200 mil visitantes para 18 dias de m\u00fasica, gastronomia e tradi\u00e7\u00e3o. Este ano, a festa ganha um refor\u00e7o especial: o Fort Atacadista, rede de atacarejo do Grupo Pereira, que iniciou as suas atividades na d\u00e9cada de 60 justamente na cidade de Itaja\u00ed, ser\u00e1 patrocinador oficial do evento.<\/p>\n\n\n\n<p>Com o slogan&nbsp;<strong>\u201cA Marejada Mais Fort\u201d<\/strong>, a marca promete experi\u00eancias \u00fanicas no&nbsp;<em>Lounge Fort<\/em>, um&nbsp; espa\u00e7o de descanso com puffs, jogos interativos e distribui\u00e7\u00e3o de brindes. Entre as atra\u00e7\u00f5es, est\u00e3o pescaria, jogo da mem\u00f3ria magn\u00e9tico Vuon Card e a presen\u00e7a do mascote&nbsp;<strong>Fort\u00e3o<\/strong>, que animar\u00e1 o p\u00fablico distribuindo brindes no palco. O lounge ter\u00e1 ainda emiss\u00e3o de cart\u00e3o no local; o cliente j\u00e1 sai na hora com o seu Vuon Card em m\u00e3os, podendo economizar diretamente em uma das quatro lojas da cidade.&nbsp;<\/p>\n\n\n\n<p>Al\u00e9m de celebrar a cultura e a tradi\u00e7\u00e3o a\u00e7oriana, a participa\u00e7\u00e3o do Fort na Marejada refor\u00e7a a proximidade da marca com os catarinenses. Em Itaja\u00ed, a rede j\u00e1 conta com quatro unidades, nos bairros Centro, S\u00e3o Jo\u00e3o, S\u00e3o Vicente e Cordeiros, e, em breve,<strong>&nbsp;inaugura a sua quinta loja, no bairro Dom Bosco<\/strong>, pr\u00f3xima ao espa\u00e7o da festa.&nbsp;<\/p>\n\n\n\n<p>\u201cApoiar a Marejada \u00e9 uma forma de retribuir o carinho que recebemos dos nossos consumidores todos os dias. Essa festa \u00e9 parte da identidade cultural da nossa regi\u00e3o e, por isso, queremos estar junto da comunidade n\u00e3o apenas investindo, mas vivendo intensamente cada momento. Com o Lounge Fort e as experi\u00eancias que preparamos, refor\u00e7amos &#8211; como j\u00e1 fazemos ao apoiar outros grandes eventos pelo estado &#8211; nosso compromisso de sermos&nbsp;<strong>o maior parceiro do catarinense<\/strong>\u201d, destaca Silvia Marquez, marketing do Fort Atacadista.&nbsp;<\/p>\n\n\n\n<p>A Marejada \u00e9 reconhecida por unir tradi\u00e7\u00e3o e inova\u00e7\u00e3o, com mais de 100 shows musicais, parque de divers\u00f5es, desfiles, realeza da festa e op\u00e7\u00f5es gastron\u00f4micas que celebram os sabores do mar. A festa tamb\u00e9m \u00e9 refer\u00eancia em sustentabilidade: utiliza copo oficial reutiliz\u00e1vel, conta com gerenciamento de res\u00edduos, coleta de \u00f3leo de cozinha, biciclet\u00e1rio e compostagem, al\u00e9m de adotar comunica\u00e7\u00e3o sem material impresso. A entrada \u00e9 gratuita durante todos os dias de evento.<strong>Servi\u00e7o \u2013 Marejada 2025<\/strong><strong><br><\/strong><strong>Local:<\/strong>&nbsp;Centreventos Itaja\u00ed \u2013 Av. Ministro Victor Konder, 303, Itaja\u00ed (SC)<br><strong>Data:<\/strong>&nbsp;2 a 19 de outubro de 2025<br><strong>Atra\u00e7\u00f5es:<\/strong>&nbsp;mais de 100 shows musicais, gastronomia t\u00edpica, desfiles, parque de divers\u00f5es, realeza da festa, ativa\u00e7\u00f5es de marcas<br><strong>Valor:<\/strong>&nbsp;entrada gratuita.<\/p>\n\n\n\n<figure class=\"wp-block-image size-large\"><img decoding=\"async\" src=\"https:\/\/clicsc.com.br\/wp-content\/uploads\/2025\/10\/A-Marejada-mais-Fort-1024x527.jpeg\" alt=\"\" class=\"wp-image-122201\" title=\"\"><\/figure>\n","protected":false},"excerpt":{"rendered":"<p>Patrocinador oficial, Fort Atacadista traz experi\u00eancias interativas no Lounge Fort e anuncia a abertura de uma nova loja no bairro Dom Bosco <\/p>\n","protected":false},"author":23,"featured_media":5852,"comment_status":"open","ping_status":"open","sticky":false,"template":"","format":"standard","meta":{"footnotes":""},"categories":[1],"tags":[227,112,708],"class_list":["post-5851","post","type-post","status-publish","format-standard","has-post-thumbnail","hentry","category-geral","tag-festa","tag-fort-atacadista","tag-marejada-itajai"],"_links":{"self":[{"href":"https:\/\/cidadenoar.com\/global\/wp-json\/wp\/v2\/posts\/5851","targetHints":{"allow":["GET"]}}],"collection":[{"href":"https:\/\/cidadenoar.com\/global\/wp-json\/wp\/v2\/posts"}],"about":[{"href":"https:\/\/cidadenoar.com\/global\/wp-json\/wp\/v2\/types\/post"}],"author":[{"embeddable":true,"href":"https:\/\/cidadenoar.com\/global\/wp-json\/wp\/v2\/users\/23"}],"replies":[{"embeddable":true,"href":"https:\/\/cidadenoar.com\/global\/wp-json\/wp\/v2\/comments?post=5851"}],"version-history":[{"count":1,"href":"https:\/\/cidadenoar.com\/global\/wp-json\/wp\/v2\/posts\/5851\/revisions"}],"predecessor-version":[{"id":5853,"href":"https:\/\/cidadenoar.com\/global\/wp-json\/wp\/v2\/posts\/5851\/revisions\/5853"}],"wp:featuredmedia":[{"embeddable":true,"href":"https:\/\/cidadenoar.com\/global\/wp-json\/wp\/v2\/media\/5852"}],"wp:attachment":[{"href":"https:\/\/cidadenoar.com\/global\/wp-json\/wp\/v2\/media?parent=5851"}],"wp:term":[{"taxonomy":"category","embeddable":true,"href":"https:\/\/cidadenoar.com\/global\/wp-json\/wp\/v2\/categories?post=5851"},{"taxonomy":"post_tag","embeddable":true,"href":"https:\/\/cidadenoar.com\/global\/wp-json\/wp\/v2\/tags?post=5851"}],"curies":[{"name":"wp","href":"https:\/\/api.w.org\/{rel}","templated":true}]}}