{"id":5911,"date":"2025-10-07T17:28:06","date_gmt":"2025-10-07T20:28:06","guid":{"rendered":"https:\/\/cidadenoar.com\/?p=5911"},"modified":"2025-10-07T17:28:09","modified_gmt":"2025-10-07T20:28:09","slug":"terceiro-dia-do-ondm-brasil-foca-no-futuro-do-consumo-sucessao-empresarial-e-estrategias-de-gestao-para-confeccionistas","status":"publish","type":"post","link":"https:\/\/cidadenoar.com\/global\/economia-negocios\/terceiro-dia-do-ondm-brasil-foca-no-futuro-do-consumo-sucessao-empresarial-e-estrategias-de-gestao-para-confeccionistas\/","title":{"rendered":"Terceiro dia do ONDM Brasil foca no futuro do consumo, sucess\u00e3o empresarial e estrat\u00e9gias de gest\u00e3o para confeccionistas\u00a0"},"content":{"rendered":"\n<p>O terceiro e \u00faltimo dia da feira&nbsp;<a href=\"http:\/\/instagram.com\/onegociodamoda\" target=\"_blank\" rel=\"noreferrer noopener\">O Neg\u00f3cio da Moda &#8211; ONDM<\/a>, em 9 de outubro, traz ao palco nomes de peso para discutir o presente e o futuro da ind\u00fastria da moda. A programa\u00e7\u00e3o come\u00e7a \u00e0s 14h30 com a palestra&nbsp;<em>\u201cO consumidor do futuro\u201d<\/em>, apresentada por Mariana Santiloni, head de Client Engagement da WGSN LATAM. A especialista em tend\u00eancias oferecer\u00e1 insights sobre o comportamento do consumidor em 2027 e estrat\u00e9gias para recuperar a confian\u00e7a e proporcionar experi\u00eancias mais leves e divertidas ao p\u00fablico.<\/p>\n\n\n\n<p>\u00c0s 16h20, o destaque ser\u00e1 o talk&nbsp;<em>\u201cSucess\u00e3o, heran\u00e7a e legado\u201d<\/em>, reunindo Tiago Peixoto (Cataguases), Andreia Voltolini (Grupo Elian), Ivan Bezerra (TBM T\u00eaxtil\/Filati), Gabriela Bessa (Grupo Sallo) e Jaqueline Drews (GL T\u00eaxtil). O debate promete abordar a continuidade de empresas familiares e os desafios de preparar novas lideran\u00e7as em neg\u00f3cios que moldam a cadeia t\u00eaxtil brasileira.<\/p>\n\n\n\n<p>O encerramento da programa\u00e7\u00e3o do dia ficar\u00e1 por conta de Eduardo Cristian, \u00e0s 19h50, com a palestra&nbsp;<em>\u201cComo ter uma confec\u00e7\u00e3o de sucesso e transformar desafios em oportunidade\u201d<\/em>. Fundador da Costurando Sucesso e conhecido como o \u201cEmbaixador das Confec\u00e7\u00f5es\u201d, Cristian compartilhar\u00e1 estrat\u00e9gias que j\u00e1 impactaram mais de 500 empresas do setor, gerando crescimento e mais de R$100 milh\u00f5es em vendas.<\/p>\n\n\n\n<p>Com temas que v\u00e3o da inova\u00e7\u00e3o em consumo \u00e0 governan\u00e7a familiar e \u00e0 gest\u00e3o pr\u00e1tica de confec\u00e7\u00f5es, o dia 9 de outubro destaca o&nbsp;<a href=\"http:\/\/instagram.com\/onegociodamoda\" target=\"_blank\" rel=\"noreferrer noopener\">ONDM Brasil<\/a>&nbsp;como um dos principais f\u00f3runs de conte\u00fado para empres\u00e1rios e profissionais que atuam na moda e na ind\u00fastria t\u00eaxtil.<\/p>\n\n\n\n<p><\/p>\n\n\n\n<figure class=\"wp-block-gallery has-nested-images columns-default is-cropped wp-block-gallery-1 is-layout-flex wp-block-gallery-is-layout-flex\">\n<figure class=\"wp-block-image size-large\"><img fetchpriority=\"high\" decoding=\"async\" width=\"673\" height=\"1024\" data-id=\"5912\" src=\"https:\/\/cidadenoar.com\/wp-content\/uploads\/sites\/22\/2025\/10\/Andreia-Voltolini-Grupo-Elian-673x1024.jpeg\" alt=\"\" class=\"wp-image-5912\" title=\"\" srcset=\"https:\/\/cidadenoar.com\/global\/wp-content\/uploads\/sites\/22\/2025\/10\/Andreia-Voltolini-Grupo-Elian-673x1024.jpeg 673w, https:\/\/cidadenoar.com\/global\/wp-content\/uploads\/sites\/22\/2025\/10\/Andreia-Voltolini-Grupo-Elian-197x300.jpeg 197w, https:\/\/cidadenoar.com\/global\/wp-content\/uploads\/sites\/22\/2025\/10\/Andreia-Voltolini-Grupo-Elian-768x1169.jpeg 768w, https:\/\/cidadenoar.com\/global\/wp-content\/uploads\/sites\/22\/2025\/10\/Andreia-Voltolini-Grupo-Elian-1009x1536.jpeg 1009w, https:\/\/cidadenoar.com\/global\/wp-content\/uploads\/sites\/22\/2025\/10\/Andreia-Voltolini-Grupo-Elian.jpeg 1051w\" sizes=\"(max-width: 673px) 100vw, 673px\" \/><figcaption class=\"wp-element-caption\"><em>Andreia Voltolini (Grupo Elian)<\/em><\/figcaption><\/figure>\n\n\n\n<figure class=\"wp-block-image size-large\"><img decoding=\"async\" width=\"682\" height=\"1024\" data-id=\"5915\" src=\"https:\/\/cidadenoar.com\/wp-content\/uploads\/sites\/22\/2025\/10\/Mariana-Santiloni-head-de-Client-Engagement-da-WGSN-LATAM-682x1024.jpeg\" alt=\"\" class=\"wp-image-5915\" title=\"\" srcset=\"https:\/\/cidadenoar.com\/global\/wp-content\/uploads\/sites\/22\/2025\/10\/Mariana-Santiloni-head-de-Client-Engagement-da-WGSN-LATAM-682x1024.jpeg 682w, https:\/\/cidadenoar.com\/global\/wp-content\/uploads\/sites\/22\/2025\/10\/Mariana-Santiloni-head-de-Client-Engagement-da-WGSN-LATAM-200x300.jpeg 200w, https:\/\/cidadenoar.com\/global\/wp-content\/uploads\/sites\/22\/2025\/10\/Mariana-Santiloni-head-de-Client-Engagement-da-WGSN-LATAM-768x1152.jpeg 768w, https:\/\/cidadenoar.com\/global\/wp-content\/uploads\/sites\/22\/2025\/10\/Mariana-Santiloni-head-de-Client-Engagement-da-WGSN-LATAM.jpeg 853w\" sizes=\"(max-width: 682px) 100vw, 682px\" \/><figcaption class=\"wp-element-caption\"><em>Mariana Santiloni, head de Client Engagement da WGSN LATAM<\/em><\/figcaption><\/figure>\n\n\n\n<figure class=\"wp-block-image size-large\"><img decoding=\"async\" width=\"682\" height=\"1024\" data-id=\"5916\" src=\"https:\/\/cidadenoar.com\/wp-content\/uploads\/sites\/22\/2025\/10\/Jaqueline-Drews-GL-Textil-682x1024.jpeg\" alt=\"\" class=\"wp-image-5916\" title=\"\" srcset=\"https:\/\/cidadenoar.com\/global\/wp-content\/uploads\/sites\/22\/2025\/10\/Jaqueline-Drews-GL-Textil-682x1024.jpeg 682w, https:\/\/cidadenoar.com\/global\/wp-content\/uploads\/sites\/22\/2025\/10\/Jaqueline-Drews-GL-Textil-200x300.jpeg 200w, https:\/\/cidadenoar.com\/global\/wp-content\/uploads\/sites\/22\/2025\/10\/Jaqueline-Drews-GL-Textil-768x1153.jpeg 768w, https:\/\/cidadenoar.com\/global\/wp-content\/uploads\/sites\/22\/2025\/10\/Jaqueline-Drews-GL-Textil-1023x1536.jpeg 1023w, https:\/\/cidadenoar.com\/global\/wp-content\/uploads\/sites\/22\/2025\/10\/Jaqueline-Drews-GL-Textil.jpeg 1066w\" sizes=\"(max-width: 682px) 100vw, 682px\" \/><figcaption class=\"wp-element-caption\"><em>Jaqueline Drews (GL T\u00eaxtil)<\/em><\/figcaption><\/figure>\n\n\n\n<figure class=\"wp-block-image size-large\"><img loading=\"lazy\" decoding=\"async\" width=\"1024\" height=\"684\" data-id=\"5913\" src=\"https:\/\/cidadenoar.com\/wp-content\/uploads\/sites\/22\/2025\/10\/Tiago-Peixoto-Cataguases-estara-no-Talk-sobre-Sucessao-Heranca-e-Legado-no-ONDM-Brasil-1024x684.jpg\" alt=\"\" class=\"wp-image-5913\" title=\"\" srcset=\"https:\/\/cidadenoar.com\/global\/wp-content\/uploads\/sites\/22\/2025\/10\/Tiago-Peixoto-Cataguases-estara-no-Talk-sobre-Sucessao-Heranca-e-Legado-no-ONDM-Brasil-1024x684.jpg 1024w, https:\/\/cidadenoar.com\/global\/wp-content\/uploads\/sites\/22\/2025\/10\/Tiago-Peixoto-Cataguases-estara-no-Talk-sobre-Sucessao-Heranca-e-Legado-no-ONDM-Brasil-300x200.jpg 300w, https:\/\/cidadenoar.com\/global\/wp-content\/uploads\/sites\/22\/2025\/10\/Tiago-Peixoto-Cataguases-estara-no-Talk-sobre-Sucessao-Heranca-e-Legado-no-ONDM-Brasil-768x513.jpg 768w, https:\/\/cidadenoar.com\/global\/wp-content\/uploads\/sites\/22\/2025\/10\/Tiago-Peixoto-Cataguases-estara-no-Talk-sobre-Sucessao-Heranca-e-Legado-no-ONDM-Brasil-600x400.jpg 600w, https:\/\/cidadenoar.com\/global\/wp-content\/uploads\/sites\/22\/2025\/10\/Tiago-Peixoto-Cataguases-estara-no-Talk-sobre-Sucessao-Heranca-e-Legado-no-ONDM-Brasil.jpg 1125w\" sizes=\"(max-width: 1024px) 100vw, 1024px\" \/><figcaption class=\"wp-element-caption\"><em>Tiago Peixoto (Cataguases) estar\u00e1 no Talk sobre Sucess\u00e3o, Heran\u00e7a e Legado no ONDM Brasil<\/em><\/figcaption><\/figure>\n<\/figure>\n\n\n\n<p><strong>Acompanhe outras novidades e demais nomes confirmados&nbsp;<\/strong>na programa\u00e7\u00e3o do ONDM pelo Instagram&nbsp;<a href=\"http:\/\/instagram.com\/onegociodamoda\" target=\"_blank\" rel=\"noreferrer noopener\">@onegociodamoda<\/a>&nbsp;e tamb\u00e9m pelo site oficial:&nbsp;<a href=\"https:\/\/ondm.com.br\/\" target=\"_blank\" rel=\"noreferrer noopener\">https:\/\/ondm.com.br\/<\/a><\/p>\n\n\n\n<figure class=\"wp-block-image size-large is-resized\"><img loading=\"lazy\" decoding=\"async\" width=\"819\" height=\"1024\" src=\"https:\/\/cidadenoar.com\/wp-content\/uploads\/sites\/22\/2025\/10\/Programacao-dia-9-de-outubro-quinta-feira-ONDM-Brasil-1-819x1024.jpeg\" alt=\"\" class=\"wp-image-5919\" style=\"width:621px;height:auto\" title=\"\" srcset=\"https:\/\/cidadenoar.com\/global\/wp-content\/uploads\/sites\/22\/2025\/10\/Programacao-dia-9-de-outubro-quinta-feira-ONDM-Brasil-1-819x1024.jpeg 819w, https:\/\/cidadenoar.com\/global\/wp-content\/uploads\/sites\/22\/2025\/10\/Programacao-dia-9-de-outubro-quinta-feira-ONDM-Brasil-1-240x300.jpeg 240w, https:\/\/cidadenoar.com\/global\/wp-content\/uploads\/sites\/22\/2025\/10\/Programacao-dia-9-de-outubro-quinta-feira-ONDM-Brasil-1-768x960.jpeg 768w, https:\/\/cidadenoar.com\/global\/wp-content\/uploads\/sites\/22\/2025\/10\/Programacao-dia-9-de-outubro-quinta-feira-ONDM-Brasil-1.jpeg 1080w\" sizes=\"(max-width: 819px) 100vw, 819px\" \/><\/figure>\n\n\n\n<p><strong>Servi\u00e7o<\/strong><\/p>\n\n\n\n<p><strong>Evento:<\/strong>&nbsp;O Neg\u00f3cio da Moda &#8211; ONDM Brasil 2025<br><strong>Data:<\/strong>&nbsp;7, 8 e 9 de outubro de 2025<br><strong>Local:<\/strong>&nbsp;Expocentro, Balne\u00e1rio Cambori\u00fa (SC)<br><strong>Ingressos:<\/strong>&nbsp;dispon\u00edveis no site&nbsp;<a href=\"http:\/\/www.ondm.com.br\/\" target=\"_blank\" rel=\"noreferrer noopener\">www.ondm.com.br<\/a><\/p>\n","protected":false},"excerpt":{"rendered":"<p>Palestras de Mariana Santiloni e Eduardo Cristian, al\u00e9m de talk sobre heran\u00e7a e legado, movimentam o palco da feira em Balne\u00e1rio Cambori\u00fa, no dia 9 de outubro <\/p>\n","protected":false},"author":23,"featured_media":5918,"comment_status":"open","ping_status":"open","sticky":false,"template":"","format":"standard","meta":{"footnotes":""},"categories":[289],"tags":[407,167],"class_list":["post-5911","post","type-post","status-publish","format-standard","has-post-thumbnail","hentry","category-economia-negocios","tag-balneario","tag-moda"],"_links":{"self":[{"href":"https:\/\/cidadenoar.com\/global\/wp-json\/wp\/v2\/posts\/5911","targetHints":{"allow":["GET"]}}],"collection":[{"href":"https:\/\/cidadenoar.com\/global\/wp-json\/wp\/v2\/posts"}],"about":[{"href":"https:\/\/cidadenoar.com\/global\/wp-json\/wp\/v2\/types\/post"}],"author":[{"embeddable":true,"href":"https:\/\/cidadenoar.com\/global\/wp-json\/wp\/v2\/users\/23"}],"replies":[{"embeddable":true,"href":"https:\/\/cidadenoar.com\/global\/wp-json\/wp\/v2\/comments?post=5911"}],"version-history":[{"count":2,"href":"https:\/\/cidadenoar.com\/global\/wp-json\/wp\/v2\/posts\/5911\/revisions"}],"predecessor-version":[{"id":5921,"href":"https:\/\/cidadenoar.com\/global\/wp-json\/wp\/v2\/posts\/5911\/revisions\/5921"}],"wp:featuredmedia":[{"embeddable":true,"href":"https:\/\/cidadenoar.com\/global\/wp-json\/wp\/v2\/media\/5918"}],"wp:attachment":[{"href":"https:\/\/cidadenoar.com\/global\/wp-json\/wp\/v2\/media?parent=5911"}],"wp:term":[{"taxonomy":"category","embeddable":true,"href":"https:\/\/cidadenoar.com\/global\/wp-json\/wp\/v2\/categories?post=5911"},{"taxonomy":"post_tag","embeddable":true,"href":"https:\/\/cidadenoar.com\/global\/wp-json\/wp\/v2\/tags?post=5911"}],"curies":[{"name":"wp","href":"https:\/\/api.w.org\/{rel}","templated":true}]}}