{"id":5922,"date":"2025-10-07T17:35:08","date_gmt":"2025-10-07T20:35:08","guid":{"rendered":"https:\/\/cidadenoar.com\/?p=5922"},"modified":"2025-10-07T17:35:16","modified_gmt":"2025-10-07T20:35:16","slug":"fort-atacadista-patrocina-oktoberfest-de-blumenau-pelo-4o-ano-consecutivo-e-agita-o-parque-vila-germanica","status":"publish","type":"post","link":"https:\/\/cidadenoar.com\/global\/cultura-lazer\/fort-atacadista-patrocina-oktoberfest-de-blumenau-pelo-4o-ano-consecutivo-e-agita-o-parque-vila-germanica\/","title":{"rendered":"Fort Atacadista patrocina Oktoberfest de Blumenau pelo 4\u00ba ano consecutivo e agita o Parque Vila Germ\u00e2nica"},"content":{"rendered":"\n<p>A Oktoberfest de Blumenau, a maior festa germ\u00e2nica das Am\u00e9ricas, est\u00e1 de volta ao Parque Vila Germ\u00e2nica entre os dias 8 e 26 de outubro, celebrando a cultura alem\u00e3 com chopp, trajes t\u00edpicos e gastronomia especial em sua 40\u00aa edi\u00e7\u00e3o. Pelo quarto ano consecutivo, o Fort Atacadista ser\u00e1 patrocinador oficial do evento, que re\u00fane mais de meio milh\u00e3o de pessoas em Blumenau a cada edi\u00e7\u00e3o, refor\u00e7ando seu compromisso com iniciativas culturais de Santa Catarina.<\/p>\n\n\n\n<p>No espa\u00e7o exclusivo do Fort Atacadista, aberto durante todos os dias de festa no Parque Vila Germ\u00e2nica, os visitantes poder\u00e3o participar de diversas brincadeiras, como a Barra do Fort\u00e3o, Parede Premiada e Mira ao Alvo, e ainda ganhar brindes como b\u00f3tons, tirantes e copos colecion\u00e1veis. Al\u00e9m do Fort Atacadista, os jogos foram desenvolvidos em conjunto com as marcas Vuon Card e Pera Turismo, todas do Grupo Pereira. O espa\u00e7o contar\u00e1 tamb\u00e9m com a presen\u00e7a do mascote Fort\u00e3o, seguindo os pilares de alegria, parceria e for\u00e7a, proporcionando muita divers\u00e3o para todos.<\/p>\n\n\n\n<p>Al\u00e9m da arena na Oktoberfest, o Vuon Card, o cart\u00e3o de cr\u00e9dito exclusivo do Grupo Pereira, realizar\u00e1 ativa\u00e7\u00f5es nas lojas Fort Atacadista de Blumenau, levando o esp\u00edrito da festa germ\u00e2nica ao momento da \u201cCompra Fort\u201d. A loja do bairro Itoupava Norte ter\u00e1 duas semanas de a\u00e7\u00f5es durante os finais de semana; j\u00e1 a loja do bairro Itoupavazinha realizar\u00e1 uma semana de ativa\u00e7\u00e3o, sempre de quinta a domingo, nos dias 9 a 12, 16 a 19 e 23 a 26 de outubro, das 11h \u00e0s 20h. Os clientes poder\u00e3o participar do Jogo da Mem\u00f3ria Magn\u00e9tico e ganhar brindes.<\/p>\n\n\n\n<p>Al\u00e9m da arena na Oktoberfest e das ativa\u00e7\u00f5es do Vuon Card, as lojas do Fort Atacadista em Blumenau receber\u00e3o tamb\u00e9m a\u00e7\u00f5es de marcas parceiras, como Sadia, Santa Helena, Seara, Reckt e Ambev. Os clientes poder\u00e3o aproveitar food trucks, brincadeiras, degusta\u00e7\u00f5es de produtos, apresenta\u00e7\u00f5es de dan\u00e7a alem\u00e3 e m\u00fasica t\u00edpica, garantindo uma experi\u00eancia completa do clima da festa germ\u00e2nica tamb\u00e9m dentro das lojas.<\/p>\n\n\n\n<p>\u201cAo longo desses quatro anos, refor\u00e7amos nosso posicionamento como o&nbsp;<strong><em>maior parceiro do catarinense<\/em><\/strong>, apoiando iniciativas culturais que unem fam\u00edlias e amigos. Ter o Fort presente na Oktoberfest de Blumenau nos permite celebrar a cultura local e criar experi\u00eancias memor\u00e1veis n\u00e3o apenas para os nossos clientes de Blumenau, como para turistas que v\u00eam curtir de v\u00e1rias partes do Brasil\u201d, destaca Silvia Marquez, marketing do Fort Atacadista.<\/p>\n\n\n\n<p>O Fort Atacadista convida todos a visitarem o estande durante os 19 dias de festa e aproveitarem as atividades e brindes exclusivos, celebrando juntos a tradi\u00e7\u00e3o e a alegria da Oktoberfest Blumenau.<\/p>\n\n\n\n<p><\/p>\n\n\n\n<figure class=\"wp-block-image size-large\"><img decoding=\"async\" src=\"https:\/\/clicsc.com.br\/wp-content\/uploads\/2025\/10\/Fort-Atacadista-e-patrocinador-oficial-da-Oktoberfest-Blumenau-_-1024x532.png\" alt=\"\" class=\"wp-image-122211\" title=\"\"><figcaption class=\"wp-element-caption\">Fort Atacadista \u00e9 patrocinador oficial da Oktoberfest Blumenau <\/figcaption><\/figure>\n\n\n\n<p><strong>Servi\u00e7o:<\/strong><br><strong>Oktoberfest de Blumenau 2025<\/strong><\/p>\n\n\n\n<ul class=\"wp-block-list\">\n<li>Per\u00edodo:\u00a08 a 26 de outubro<\/li>\n\n\n\n<li>Local:\u00a0Parque Vila Germ\u00e2nica \u2013 Blumenau\/SC<\/li>\n\n\n\n<li>Estande Fort Atacadista:\u00a0atividades di\u00e1rias durante toda a festa<\/li>\n\n\n\n<li>Ativa\u00e7\u00f5es nas lojas:\u00a0Loja Itoupava Norte:\u00a0finais de semana de 9 a 12 e 16 a 19 de outubro\u00a0Loja Itoupavazinha:\u00a0final de semana de 23 a 26 de outubro\u00a0Hor\u00e1rio:\u00a011h \u00e0s 20h<\/li>\n<\/ul>\n","protected":false},"excerpt":{"rendered":"<p>Atacarejo marca presen\u00e7a com estande exclusivo com brincadeiras, brindes, ativa\u00e7\u00f5es do Vuon Card e participa\u00e7\u00e3o do mascote Fort\u00e3o<\/p>\n","protected":false},"author":23,"featured_media":5923,"comment_status":"open","ping_status":"open","sticky":false,"template":"","format":"standard","meta":{"footnotes":""},"categories":[360],"tags":[710,709],"class_list":["post-5922","post","type-post","status-publish","format-standard","has-post-thumbnail","hentry","category-cultura-lazer","tag-blumenau","tag-oktoberfest"],"_links":{"self":[{"href":"https:\/\/cidadenoar.com\/global\/wp-json\/wp\/v2\/posts\/5922","targetHints":{"allow":["GET"]}}],"collection":[{"href":"https:\/\/cidadenoar.com\/global\/wp-json\/wp\/v2\/posts"}],"about":[{"href":"https:\/\/cidadenoar.com\/global\/wp-json\/wp\/v2\/types\/post"}],"author":[{"embeddable":true,"href":"https:\/\/cidadenoar.com\/global\/wp-json\/wp\/v2\/users\/23"}],"replies":[{"embeddable":true,"href":"https:\/\/cidadenoar.com\/global\/wp-json\/wp\/v2\/comments?post=5922"}],"version-history":[{"count":2,"href":"https:\/\/cidadenoar.com\/global\/wp-json\/wp\/v2\/posts\/5922\/revisions"}],"predecessor-version":[{"id":5925,"href":"https:\/\/cidadenoar.com\/global\/wp-json\/wp\/v2\/posts\/5922\/revisions\/5925"}],"wp:featuredmedia":[{"embeddable":true,"href":"https:\/\/cidadenoar.com\/global\/wp-json\/wp\/v2\/media\/5923"}],"wp:attachment":[{"href":"https:\/\/cidadenoar.com\/global\/wp-json\/wp\/v2\/media?parent=5922"}],"wp:term":[{"taxonomy":"category","embeddable":true,"href":"https:\/\/cidadenoar.com\/global\/wp-json\/wp\/v2\/categories?post=5922"},{"taxonomy":"post_tag","embeddable":true,"href":"https:\/\/cidadenoar.com\/global\/wp-json\/wp\/v2\/tags?post=5922"}],"curies":[{"name":"wp","href":"https:\/\/api.w.org\/{rel}","templated":true}]}}