{"id":5927,"date":"2025-10-08T11:24:24","date_gmt":"2025-10-08T14:24:24","guid":{"rendered":"https:\/\/cidadenoar.com\/?p=5927"},"modified":"2025-10-08T11:24:44","modified_gmt":"2025-10-08T14:24:44","slug":"inicia-sexta-feira-10-10-i-10o-festival-do-camarao-de-porto-belo-tera-entrada-gratuita-shows-nacionais-e-o-maior-risoto-de-frutos-do-mar-do-brasil","status":"publish","type":"post","link":"https:\/\/cidadenoar.com\/global\/cultura-lazer\/inicia-sexta-feira-10-10-i-10o-festival-do-camarao-de-porto-belo-tera-entrada-gratuita-shows-nacionais-e-o-maior-risoto-de-frutos-do-mar-do-brasil\/","title":{"rendered":"Inicia sexta-feira (10\/10) I 10\u00ba Festival do Camar\u00e3o de Porto Belo ter\u00e1 entrada gratuita, shows nacionais e o maior risoto de frutos do mar do Brasil"},"content":{"rendered":"\n<p>Uma das festas de outubro mais aut\u00eanticas de Santa Catarina, inicia nesta sexta-feira (10\/10), a 10\u00aa edi\u00e7\u00e3o do Festival do Camar\u00e3o de Porto Belo, em um dos para\u00edsos do Litoral Centro-Norte catarinense. Com entrada gratuita durante os 10 dias de programa\u00e7\u00e3o, o evento valoriza mais de dois s\u00e9culos de tradi\u00e7\u00e3o pesqueira e re\u00fane atra\u00e7\u00f5es culturais, feira artesanal, shows nacionais e experi\u00eancias gastron\u00f4micas. Um dos momentos mais aguardados ser\u00e1 a produ\u00e7\u00e3o e distribui\u00e7\u00e3o do maior risoto de frutos do mar do Brasil, com mais de duas toneladas, servido gratuitamente para mais de 5 mil visitantes na Pra\u00e7a da Bandeira, no centro da cidade.<\/p>\n\n\n\n<p>O risoto gigante ser\u00e1 preparado em uma panela com capacidade para 2.5 mil litros pelos amigos do Rancho do Turucutuco. A receita leva camar\u00e3o, lula, marisco, polvo e outros ingredientes t\u00edpicos, e ser\u00e1 servida gratuitamente no domingo (19\/10). Al\u00e9m do prato principal, dezenas de restaurantes participam da festa com card\u00e1pios especiais que exaltam a diversidade da culin\u00e1ria litor\u00e2nea. Al\u00e9m da gastronomia, o festival oferece uma feira artesanal, visita\u00e7\u00e3o \u00e0 embarca\u00e7\u00e3o de pesca de camar\u00e3o e ambienta\u00e7\u00e3o para uma imers\u00e3o na cultura local.<\/p>\n\n\n\n<p>A programa\u00e7\u00e3o musical contempla desde artistas regionais at\u00e9 shows nacionais, como o de Michel Tel\u00f3 na abertura, sexta-feira (10\/10). No s\u00e1bado (11\/10), a banda Papas da L\u00edngua sobe ao palco. O domingo (12\/10) traz Gustavo Mioto e DJ Monge. Na segunda-feira (13\/10), Zez\u00e9 Di Camargo &amp; Luciano comandam a noite. A ter\u00e7a-feira (14\/10) ser\u00e1 animada pela Rainha Musical; seguida pela banda Unicl\u00e3s na quarta-feira (15\/10). O DJ Guto Loureiro se apresenta na quinta-feira (16\/10), e na sexta-feira (17\/10) \u00e9 a vez da Traia V\u00e9ia. No s\u00e1bado (18\/10), Naiara Azevedo promete levantar o p\u00fablico. Para encerrar a festa com chave de ouro, o domingo (19\/10) ser\u00e1 dedicado \u00e0 terceira idade, com o show de Cezar &amp; Paulinho.<\/p>\n\n\n\n<p>O festival tamb\u00e9m marca os 193 anos de Porto Belo e ter\u00e1 o tradicional corte do bolo de anivers\u00e1rio na segunda-feira (13\/10). A festa \u00e9 organizada pela DCX Eventos, em parceria com a administra\u00e7\u00e3o municipal, e tem como objetivo fortalecer o turismo regional, movimentar a economia local e valorizar os costumes da comunidade.<\/p>\n\n\n\n<p><strong>Ingredientes do maior risoto de frutos do mar do Brasil<\/strong><\/p>\n\n\n\n<p>500kg de camar\u00e3o&nbsp;<\/p>\n\n\n\n<p>300kg de arroz&nbsp;<\/p>\n\n\n\n<p>250kg de lula&nbsp;<\/p>\n\n\n\n<p>250kg de marisco&nbsp;<\/p>\n\n\n\n<p>150kg de cebola de cabe\u00e7a&nbsp;<\/p>\n\n\n\n<p>150kg de tomate&nbsp;<\/p>\n\n\n\n<p>30kg de piment\u00e3o verde&nbsp;<\/p>\n\n\n\n<p>15kg de piment\u00e3o amarelo&nbsp;<\/p>\n\n\n\n<p>10 litros de \u00f3leo de soja&nbsp;<\/p>\n\n\n\n<p>8kg de colorau&nbsp;<\/p>\n\n\n\n<p>10kg de sal refinado&nbsp;<\/p>\n\n\n\n<p>6kg de alho descascado&nbsp;<\/p>\n\n\n\n<p>5kg de tempero pronto com pimenta&nbsp;<\/p>\n\n\n\n<p>200 ma\u00e7os de salsinha&nbsp;<\/p>\n\n\n\n<p>200 ma\u00e7os de cebolinha&nbsp;<\/p>\n\n\n\n<p><strong>Programa\u00e7\u00e3o de shows nacionais do 10\u00ba&nbsp;<\/strong><strong>Festival do Camar\u00e3o<\/strong><strong>&nbsp;de Porto Belo<\/strong><\/p>\n\n\n\n<p><strong>Sexta-feira (10\/10)<\/strong><\/p>\n\n\n\n<p>18h: Abertura do pavilh\u00e3o&nbsp;<\/p>\n\n\n\n<p>20h: Cerim\u00f4nia de abertura&nbsp;<\/p>\n\n\n\n<p><em>Palco Arena:<\/em><\/p>\n\n\n\n<p>21h: Grupo Agora deu Samba&nbsp;<\/p>\n\n\n\n<p>23h: Michel Tel\u00f3&nbsp;&nbsp;<\/p>\n\n\n\n<p><strong>S\u00e1bado (11\/10)<\/strong><\/p>\n\n\n\n<p>11h: Abertura do pavilh\u00e3o&nbsp;<\/p>\n\n\n\n<p><em>Palco Gastron\u00f4mico<\/em><\/p>\n\n\n\n<p>13h: Apresenta\u00e7\u00e3o de B\u00e1rbara Damazio&nbsp;<\/p>\n\n\n\n<p><em>Palco Arena<\/em><\/p>\n\n\n\n<p>20h: Nego Joe feat Bruna Balbinot&nbsp;<\/p>\n\n\n\n<p>23h: Papas da L\u00edngua&nbsp;<\/p>\n\n\n\n<p><strong>Domingo (12\/10)<\/strong><\/p>\n\n\n\n<p>11h: Abertura do pavilh\u00e3o&nbsp;<\/p>\n\n\n\n<p><em>Palco Gastron\u00f4mico<\/em><\/p>\n\n\n\n<p>12h: Elis Cardoso&nbsp;<\/p>\n\n\n\n<p>15h: Show das cores (atra\u00e7\u00e3o infantil)&nbsp;<\/p>\n\n\n\n<p>17h: Banda Stone Jokes&nbsp;<\/p>\n\n\n\n<p><em>Palco Arena<\/em><\/p>\n\n\n\n<p>18h: DJ Monge&nbsp;<\/p>\n\n\n\n<p>20h: Show de Gustavo Mioto&nbsp;<\/p>\n\n\n\n<p><strong>Segunda-feira (13\/10)<\/strong>&nbsp;<\/p>\n\n\n\n<p>11h: Abertura do pavilh\u00e3o&nbsp;<\/p>\n\n\n\n<p>15h: Corte do bolo de anivers\u00e1rio do munic\u00edpio&nbsp;<\/p>\n\n\n\n<p><em>Palco Gastron\u00f4mico<\/em><\/p>\n\n\n\n<p>12h: Elis Cardoso&nbsp;<\/p>\n\n\n\n<p><em>Palco Arena<\/em><\/p>\n\n\n\n<p>18h: Lucca &amp; Jader&nbsp;<\/p>\n\n\n\n<p>20h: Show de Zez\u00e9 Di Camargo &amp; Luciano&nbsp;<\/p>\n\n\n\n<p><strong>Ter\u00e7a-feira (14\/10)<\/strong><\/p>\n\n\n\n<p>18h: Abertura do pavilh\u00e3o&nbsp;<\/p>\n\n\n\n<p><em>Palco Arena<\/em><\/p>\n\n\n\n<p>19h: Festival de talentos&nbsp;<\/p>\n\n\n\n<p>22h: Banda Rainha Musical&nbsp;<\/p>\n\n\n\n<p><strong>Quarta-feira (15\/10)<\/strong>&nbsp;<\/p>\n\n\n\n<p>18h: Abertura do pavilh\u00e3o&nbsp;<\/p>\n\n\n\n<p><em>Palco Arena<\/em><\/p>\n\n\n\n<p>20h: Stand-Up Comedy&nbsp;Man\u00e9 Darci&nbsp;<\/p>\n\n\n\n<p>21h: Banda Unicl\u00e3s&nbsp;<\/p>\n\n\n\n<p><strong>Quinta-feira (16\/10)<\/strong><\/p>\n\n\n\n<p>18h: Abertura do pavilh\u00e3o&nbsp;<\/p>\n\n\n\n<p><em>Palco Gastron\u00f4mico<\/em><\/p>\n\n\n\n<p>18h: Dj Toco&nbsp;<\/p>\n\n\n\n<p><em>Palco Arena<\/em><\/p>\n\n\n\n<p>19h: K entre N\u00f3s&nbsp;<\/p>\n\n\n\n<p>21h: DJ Guto Loureiro (noite de flashback)&nbsp;<\/p>\n\n\n\n<p><strong>Sexta-feira (17\/10)<\/strong><\/p>\n\n\n\n<p>18h: Abertura do pavilh\u00e3o&nbsp;<\/p>\n\n\n\n<p><em>Palco Gastron\u00f4mico<\/em><\/p>\n\n\n\n<p>19h30min: Grupo Candieiro&nbsp;<\/p>\n\n\n\n<p><em>Palco Arena<\/em><\/p>\n\n\n\n<p>21h: Lipe Machado&nbsp;<\/p>\n\n\n\n<p>23h: Show Traia V\u00e9ia&nbsp;<\/p>\n\n\n\n<p><strong>S\u00e1bado (18\/10)<\/strong><\/p>\n\n\n\n<p>11h: Abertura do pavilh\u00e3o&nbsp;<\/p>\n\n\n\n<p><em>Palco Gastron\u00f4mico<\/em><\/p>\n\n\n\n<p>12h: Pagode CDB&nbsp;<\/p>\n\n\n\n<p><em>Palco Arena<\/em><\/p>\n\n\n\n<p>20h: Banda F\u00f3rum &nbsp;<\/p>\n\n\n\n<p>23h: Show de Naiara Azevedo&nbsp;<\/p>\n\n\n\n<p><strong>Domingo (19\/10)<\/strong><\/p>\n\n\n\n<p>11h: Abertura do pavilh\u00e3o&nbsp;<\/p>\n\n\n\n<p>12h: Distribui\u00e7\u00e3o do maior risoto de frutos do mar do Brasil&nbsp;<\/p>\n\n\n\n<p><em>Palco Gastron\u00f4mico<\/em><\/p>\n\n\n\n<p>12h: Samba de B\u00e1rbara&nbsp;<\/p>\n\n\n\n<p>15h: Grupo Candeias&nbsp;<\/p>\n\n\n\n<p><em>Palco Arena<\/em><\/p>\n\n\n\n<p>18h: Junior Bonin&nbsp;<\/p>\n\n\n\n<p>20h: Show com Cezar &amp; Paulinho&nbsp;<\/p>\n","protected":false},"excerpt":{"rendered":"<p>Uma das festas de outubro de SC re\u00fane atra\u00e7\u00f5es culturais e experi\u00eancias gastron\u00f4micas em celebra\u00e7\u00e3o aos mais de 200 anos de tradi\u00e7\u00e3o pesqueira<\/p>\n","protected":false},"author":1,"featured_media":5928,"comment_status":"open","ping_status":"open","sticky":false,"template":"","format":"standard","meta":{"footnotes":""},"categories":[360],"tags":[27,79,371],"class_list":["post-5927","post","type-post","status-publish","format-standard","has-post-thumbnail","hentry","category-cultura-lazer","tag-diversao","tag-porto-belo-sc-2","tag-shows"],"_links":{"self":[{"href":"https:\/\/cidadenoar.com\/global\/wp-json\/wp\/v2\/posts\/5927","targetHints":{"allow":["GET"]}}],"collection":[{"href":"https:\/\/cidadenoar.com\/global\/wp-json\/wp\/v2\/posts"}],"about":[{"href":"https:\/\/cidadenoar.com\/global\/wp-json\/wp\/v2\/types\/post"}],"author":[{"embeddable":true,"href":"https:\/\/cidadenoar.com\/global\/wp-json\/wp\/v2\/users\/1"}],"replies":[{"embeddable":true,"href":"https:\/\/cidadenoar.com\/global\/wp-json\/wp\/v2\/comments?post=5927"}],"version-history":[{"count":1,"href":"https:\/\/cidadenoar.com\/global\/wp-json\/wp\/v2\/posts\/5927\/revisions"}],"predecessor-version":[{"id":5929,"href":"https:\/\/cidadenoar.com\/global\/wp-json\/wp\/v2\/posts\/5927\/revisions\/5929"}],"wp:featuredmedia":[{"embeddable":true,"href":"https:\/\/cidadenoar.com\/global\/wp-json\/wp\/v2\/media\/5928"}],"wp:attachment":[{"href":"https:\/\/cidadenoar.com\/global\/wp-json\/wp\/v2\/media?parent=5927"}],"wp:term":[{"taxonomy":"category","embeddable":true,"href":"https:\/\/cidadenoar.com\/global\/wp-json\/wp\/v2\/categories?post=5927"},{"taxonomy":"post_tag","embeddable":true,"href":"https:\/\/cidadenoar.com\/global\/wp-json\/wp\/v2\/tags?post=5927"}],"curies":[{"name":"wp","href":"https:\/\/api.w.org\/{rel}","templated":true}]}}