{"id":5948,"date":"2025-10-08T19:50:05","date_gmt":"2025-10-08T22:50:05","guid":{"rendered":"https:\/\/cidadenoar.com\/?p=5948"},"modified":"2025-10-08T19:50:08","modified_gmt":"2025-10-08T22:50:08","slug":"quanto-custa-contratar-um-advogado-e-por-que-essa-talvez-nao-seja-a-pergunta-certa","status":"publish","type":"post","link":"https:\/\/cidadenoar.com\/global\/geral\/quanto-custa-contratar-um-advogado-e-por-que-essa-talvez-nao-seja-a-pergunta-certa\/","title":{"rendered":"Quanto custa contratar um advogado? (E por que essa talvez n\u00e3o seja a pergunta certa)"},"content":{"rendered":"\n<p>Todo mundo que j\u00e1 passou por um problema jur\u00eddico conhece essa d\u00favida que aparece como um n\u00f3 na cabe\u00e7a:<br><strong>\u201cQuanto custa contratar um advogado?\u201d<\/strong><br><strong>\u201c\u00c9 certo ele cobrar consulta?\u201d<\/strong><br><strong>\u201cSer\u00e1 que vale a pena entrar com uma a\u00e7\u00e3o?\u201d<\/strong><\/p>\n\n\n\n<p>S\u00e3o perguntas leg\u00edtimas. Mas talvez, antes de buscar o pre\u00e7o, a gente precise entender o valor.<\/p>\n\n\n\n<h3 class=\"wp-block-heading\"><strong>Quando a dor aperta, a gente procura ajuda<\/strong><\/h3>\n\n\n\n<p>Pense em como agimos diante da dor f\u00edsica.<br>Voc\u00ea sente algo estranho, uma dor insistente, e marca uma consulta com o m\u00e9dico.<br>Voc\u00ea n\u00e3o pergunta o pre\u00e7o do rem\u00e9dio antes de ser examinado, ora, at\u00e9 porque o m\u00e9dico ainda nem sabe o que voc\u00ea tem.<br>Ele vai te ouvir, investigar, pedir exames, e s\u00f3 depois indicar o tratamento.<\/p>\n\n\n\n<p>Com o advogado \u00e9 igual.<br>Antes de qualquer n\u00famero, vem a escuta.<br>O advogado precisa entender o que aconteceu, o que voc\u00ea sente, quais documentos existem, o que j\u00e1 foi tentado, o que est\u00e1 em jogo.<\/p>\n\n\n\n<p>Afinal, o Direito n\u00e3o \u00e9 feito s\u00f3 de leis, \u00e9 feito de hist\u00f3rias. Pois atr\u00e1s de cada pessoa, existe uma hist\u00f3ria de vida, uma dor latente, um aperto do cora\u00e7\u00e3o e uma press\u00e3o na mente que precisa de al\u00edvio.<br>E nenhuma hist\u00f3ria \u00e9 igual \u00e0 outra.<\/p>\n\n\n\n<h3 class=\"wp-block-heading\"><strong>Por que o advogado cobra consulta<\/strong><\/h3>\n\n\n\n<p>Muita gente estranha o fato de alguns advogados cobrarem pela consulta.<br>Mas pense, a consulta \u00e9 o momento em que o profissional analisa seu caso, interpreta documentos, identifica caminhos poss\u00edveis e, muitas vezes, j\u00e1 resolve boa parte das suas d\u00favidas.<br>\u00c9 um ato t\u00e9cnico, \u00e9 um profissional, n\u00e3o um bate-papo informal, esse fica para os amigos.<\/p>\n\n\n\n<p>Da mesma forma que o m\u00e9dico cobra pela consulta mesmo que o paciente decida n\u00e3o fazer o tratamento ali, o advogado tamb\u00e9m pode cobrar pela an\u00e1lise, mesmo que decida n\u00e3o entrar com a a\u00e7\u00e3o.<br>Porque \u00e9 nesse momento que ele aplica anos de estudo e experi\u00eancia para entender o seu problema.<\/p>\n\n\n\n<p>O valor n\u00e3o \u00e9 pelo tempo, \u00e9 pelo conhecimento que esse tempo carrega.<\/p>\n\n\n\n<h3 class=\"wp-block-heading\"><strong>Nem toda dor tem o mesmo rem\u00e9dio<\/strong><\/h3>\n\n\n\n<p>Dois clientes podem chegar com situa\u00e7\u00f5es parecidas, uma demiss\u00e3o, por exemplo, e ainda assim, o tratamento jur\u00eddico ser\u00e1 completamente diferente.<br>Um pode ter direito a indeniza\u00e7\u00e3o, outro n\u00e3o.<br>Um pode resolver tudo em um acordo, outro precisar\u00e1 de processo.<\/p>\n\n\n\n<p>\u00c9 por isso que n\u00e3o existe tabela \u00fanica ou resposta autom\u00e1tica.<br>Cada caso \u00e9 um corpo diferente &#8211; e o advogado, antes de prescrever, precisa diagnosticar.<\/p>\n\n\n\n<h3 class=\"wp-block-heading\"><strong>O verdadeiro custo<\/strong><\/h3>\n\n\n\n<p><strong><mark style=\"background-color:#fcb900\" class=\"has-inline-color has-black-color\">Ent\u00e3o\u2026 quanto custa contratar um advogado?<\/mark><\/strong><\/p>\n\n\n\n<p>Custa o valor da paz.<br>Custa se ver livre das noites mal dormidas, das perguntas sem resposta, dos direitos que s\u00e3o seus, mas que ningu\u00e9m respeita.<br>Custa o al\u00edvio de saber que h\u00e1 algu\u00e9m preparado para lutar por voc\u00ea.<\/p>\n\n\n\n<p>O custo do advogado \u00e9 o pre\u00e7o da liberdade e da tranquilidade que vem quando voc\u00ea percebe que n\u00e3o est\u00e1 sozinho. Perceber que o seu problema tem solu\u00e7\u00e3o.<\/p>\n\n\n\n<h3 class=\"wp-block-heading\"><strong>Vale a pena entrar com uma a\u00e7\u00e3o?<\/strong><\/h3>\n\n\n\n<p>Depende.<br>E essa talvez seja a resposta mais honesta que algu\u00e9m possa te dar.<br>Entrar com uma a\u00e7\u00e3o faz sentido quando h\u00e1 direito, provas e um prop\u00f3sito claro.<br>E \u00e9 justamente o advogado quem vai te ajudar a enxergar isso.<\/p>\n\n\n\n<p>\u00c0s vezes, ele vai te orientar a seguir com o processo.<br>Outras, vai te mostrar que a briga pode custar mais do que render.<br>Mas em ambos os casos, ele te d\u00e1 o que ningu\u00e9m mais consegue oferecer: <strong>clareza.<\/strong><\/p>\n\n\n\n<h3 class=\"wp-block-heading\"><strong>Ent\u00e3o, \u00e9 caro contratar um advogado?<\/strong><\/h3>\n\n\n\n<p>Caro \u00e9 o preju\u00edzo de n\u00e3o entender seus direitos.<br>Caro \u00e9 o sil\u00eancio que vem quando voc\u00ea decide \u201cdeixar pra l\u00e1\u201d.<br>Caro \u00e9 ver a dor crescer por falta de cuidado.<\/p>\n\n\n\n<p>O advogado n\u00e3o vende promessas, o advogado te proporciona seguran\u00e7a.<br>E a seguran\u00e7a, assim como a sa\u00fade (ou qualquer outra coisa na vida), tem um pre\u00e7o, mas o custo de n\u00e3o t\u00ea-la \u00e9 sempre maior.<\/p>\n\n\n\n<p>No fim, a escolha \u00e9 sempre sua. Investir na solu\u00e7\u00e3o ou conviver com a incerteza.<\/p>\n\n\n\n<p>Quer refletir mais sobre o tema? Quer saber sobre os seus Direitos?<br>Leia outros artigos no meu perfil do <em>Cidades no Ar<\/em> e descubra como o conhecimento e a informa\u00e7\u00e3o pode ser o seu melhor investimento.<\/p>\n\n\n\n<p><strong>Ficou com d\u00favidas? <\/strong><br>Acompanhe o autor no Instagram \u2013 l\u00e1 o Direito \u00e9 direto, sem enrola\u00e7\u00e3o e do jeito que voc\u00ea entende!\u00a0<a href=\"http:\/\/instagram.com\/geovani.menezes\/\" target=\"_blank\" rel=\"noreferrer noopener\">@geovani.menezes<\/a>\u00a0(clique para seguir o autor no instagram).<\/p>\n\n\n\n<p><\/p>\n\n\n<div class=\"wp-block-post-author wp-duotone-unset-1\"><div class=\"wp-block-post-author__avatar\"><img decoding=\"async\" alt=\"Avatar photo\" src=\"http:\/\/cidadenoar.com\/wp-content\/uploads\/sites\/22\/2025\/04\/cropped-geov-48x48.jpeg\" srcset=\"http:\/\/cidadenoar.com\/wp-content\/uploads\/sites\/22\/2025\/04\/cropped-geov-96x96.jpeg 2x\" class=\"avatar avatar-48 photo\" height=\"48\" width=\"48\" title=\"\"><\/div><div class=\"wp-block-post-author__content\"><p class=\"wp-block-post-author__byline\"><strong>AUTOR<\/strong><\/p><p class=\"wp-block-post-author__name\">Geovani Menezes<\/p><\/div><\/div>\n\n\n<p><strong>Geovani Menezes <\/strong>\u00e9 advogado na Menezes Advocacia, atuando em causas trabalhistas e c\u00edveis. Geovani tamb\u00e9m \u00e9 mestrando em Ci\u00eancias Jur\u00eddicas e Bacharel em Direito pela Universidade Cesumar &#8211; UniCesumar (Campus Maring\u00e1\/PR), sendo bolsista do Programa de Suporte \u00e0 P\u00f3s-Gradua\u00e7\u00e3o de Institui\u00e7\u00f5es de Ensino Particulares (PROSUP\/CAPES). P\u00f3s graduado em Direito Notarial e Registral pelo Centro Universit\u00e1rio Cidade Verde &#8211; UniCV (Maring\u00e1\/PR). Pesquisador. Desenvolve pesquisas em direito com enfoque nas \u00e1reas de direitos da personalidade, desjudicializa\u00e7\u00e3o e acesso \u00e0 justi\u00e7a.<br><br>Geovani \u00e9 colunista do portal CidadeNoAr.com, autor da coluna Direito Notarial e Registral, na qual aborda temas relacionados aos cart\u00f3rios, direitos da personalidade e \u00e0 fun\u00e7\u00e3o cidad\u00e3 do extrajudicial.<br>Contato: geovani_menezes@hotmail.com.br.\u00a0<\/p>\n\n\n\n<p><\/p>\n\n\n\n<p><strong><em>Outros artigos do autor:<\/em><\/strong><\/p>\n\n\n\n<p><a href=\"https:\/\/cidadenoar.com\/geral\/quanto-willian-bonner-poderia-receber-de-fgts-e-rescisao-leia-aqui\/\">Quanto Willian Bonner poderia receber de FGTS e rescis\u00e3o? Leia aqui<\/a><\/p>\n\n\n\n<p><a href=\"https:\/\/cidadenoar.com\/opiniao\/estao-fazendo-pressao-para-eu-pedir-as-contas-e-agora\/\">Est\u00e3o fazendo press\u00e3o para eu pedir as contas: e agora?<\/a><\/p>\n\n\n\n<p><a href=\"https:\/\/cidadenoar.com\/geral\/trabalhador-rural-conheca-seus-direitos-e-fuja-de-pagamentos-por-fora\/\">Trabalhador Rural Conhe\u00e7a Seus Direitos e Fuja de Pagamentos \u201cPor Fora\u201d<\/a><\/p>\n\n\n\n<p><a href=\"https:\/\/cidadenoar.com\/geral\/primeiro-a-gente-ve-se-da-certo-depois-eu-te-registro\/\" data-type=\"link\" data-id=\"https:\/\/cidadenoar.com\/geral\/primeiro-a-gente-ve-se-da-certo-depois-eu-te-registro\/\">Primeiro a gente v\u00ea se d\u00e1 certo, depois eu te registro<\/a><\/p>\n\n\n\n<p><a href=\"https:\/\/cidadenoar.com\/geral\/o-que-fazer-quando-o-patrao-atrasa-o-salario\/\" data-type=\"link\" data-id=\"https:\/\/cidadenoar.com\/geral\/o-que-fazer-quando-o-patrao-atrasa-o-salario\/\">O que fazer quando o patr\u00e3o atrasa o sal\u00e1rio?<\/a><\/p>\n\n\n\n<p><a href=\"https:\/\/cidadenoar.com\/economia-negocios\/aviso-previo-cumprido-em-casa-sera-que-vale-mesmo-a-pena\/\" data-type=\"link\" data-id=\"https:\/\/cidadenoar.com\/economia-negocios\/aviso-previo-cumprido-em-casa-sera-que-vale-mesmo-a-pena\/\">Aviso pr\u00e9vio cumprido em casa: ser\u00e1 que vale mesmo a pena?<\/a><\/p>\n\n\n\n<p><strong><a href=\"https:\/\/cidadenoar.com\/2025\/06\/10\/humilhacoes-no-trabalho-nao-sao-normais-como-se-proteger\/\">Humilha\u00e7\u00f5es no trabalho n\u00e3o s\u00e3o normais: Como se proteger?<\/a><\/strong><\/p>\n\n\n\n<p><a href=\"https:\/\/cidadenoar.com\/2025\/05\/26\/patrao-pisou-na-bola-e-nao-depositou-seu-fgts-leia-aqui\/\"><strong>Patr\u00e3o pisou na bola e n\u00e3o depositou seu FGTS? Leia aqui.<\/strong><\/a><\/p>\n\n\n\n<p><strong><a href=\"https:\/\/cidadenoar.com\/2025\/05\/14\/trabalhador-rural-ta-pegando-no-pesado-sem-registro\/\">Trabalhador rural, t\u00e1 pegando no pesado sem registro?<\/a><\/strong><\/p>\n\n\n\n<p><a href=\"https:\/\/cidadenoar.com\/2025\/04\/25\/foi-demitido-saiba-seus-direitos-ou-se-cabe-indenizacao\/\" data-type=\"link\" data-id=\"https:\/\/cidadenoar.com\/2025\/04\/25\/foi-demitido-saiba-seus-direitos-ou-se-cabe-indenizacao\/\"><strong>FOI DEMITIDO? SAIBA SEUS DIREITOS \u2013 OU SE CABE INDENIZA\u00c7\u00c3O<\/strong><\/a><\/p>\n\n\n\n<p><strong><a href=\"https:\/\/cidadenoar.com\/2025\/04\/15\/posso-mudar-de-nome-so-porque-nao-gosto-o-caso-de-reinalda\/\">Posso mudar de nome s\u00f3 porque n\u00e3o gosto? O caso de REINALDA<\/a><\/strong><\/p>\n\n\n\n<p><\/p>\n\n\n\n<p><\/p>\n","protected":false},"excerpt":{"rendered":"<p>Este artigo responde, de forma leve e provocante, \u00e0s perguntas mais comuns sobre o valor dos honor\u00e1rios advocat\u00edcios, a cobran\u00e7a de consultas e o real custo de buscar ajuda jur\u00eddica. Uma reflex\u00e3o para quem acredita que contratar um advogado \u00e9 caro, sem perceber quanto custa n\u00e3o ter um.<\/p>\n","protected":false},"author":27,"featured_media":5950,"comment_status":"open","ping_status":"open","sticky":false,"template":"","format":"standard","meta":{"footnotes":""},"categories":[11,1,10],"tags":[334,270,406,214,646],"class_list":["post-5948","post","type-post","status-publish","format-standard","has-post-thumbnail","hentry","category-brasil","category-geral","category-opiniao","tag-advogado-responde","tag-direito","tag-direito-do-trabalhador","tag-direito-do-trabalho","tag-direito-notarial-e-registral"],"_links":{"self":[{"href":"https:\/\/cidadenoar.com\/global\/wp-json\/wp\/v2\/posts\/5948","targetHints":{"allow":["GET"]}}],"collection":[{"href":"https:\/\/cidadenoar.com\/global\/wp-json\/wp\/v2\/posts"}],"about":[{"href":"https:\/\/cidadenoar.com\/global\/wp-json\/wp\/v2\/types\/post"}],"author":[{"embeddable":true,"href":"https:\/\/cidadenoar.com\/global\/wp-json\/wp\/v2\/users\/27"}],"replies":[{"embeddable":true,"href":"https:\/\/cidadenoar.com\/global\/wp-json\/wp\/v2\/comments?post=5948"}],"version-history":[{"count":2,"href":"https:\/\/cidadenoar.com\/global\/wp-json\/wp\/v2\/posts\/5948\/revisions"}],"predecessor-version":[{"id":6267,"href":"https:\/\/cidadenoar.com\/global\/wp-json\/wp\/v2\/posts\/5948\/revisions\/6267"}],"wp:featuredmedia":[{"embeddable":true,"href":"https:\/\/cidadenoar.com\/global\/wp-json\/wp\/v2\/media\/5950"}],"wp:attachment":[{"href":"https:\/\/cidadenoar.com\/global\/wp-json\/wp\/v2\/media?parent=5948"}],"wp:term":[{"taxonomy":"category","embeddable":true,"href":"https:\/\/cidadenoar.com\/global\/wp-json\/wp\/v2\/categories?post=5948"},{"taxonomy":"post_tag","embeddable":true,"href":"https:\/\/cidadenoar.com\/global\/wp-json\/wp\/v2\/tags?post=5948"}],"curies":[{"name":"wp","href":"https:\/\/api.w.org\/{rel}","templated":true}]}}