{"id":5990,"date":"2025-10-07T14:07:04","date_gmt":"2025-10-07T17:07:04","guid":{"rendered":"https:\/\/cidadenoar.com\/?p=5990"},"modified":"2025-10-09T14:20:44","modified_gmt":"2025-10-09T17:20:44","slug":"grupo-pereira-segue-expansao-em-santa-catarina-com-inauguracao-de-nova-loja-do-supermercados-comper-nesta-quarta-feira-8","status":"publish","type":"post","link":"https:\/\/cidadenoar.com\/global\/geral\/grupo-pereira-segue-expansao-em-santa-catarina-com-inauguracao-de-nova-loja-do-supermercados-comper-nesta-quarta-feira-8\/","title":{"rendered":"Grupo Pereira segue expans\u00e3o em Santa Catarina com inaugura\u00e7\u00e3o de nova loja do Supermercados Comper nesta quarta-feira (8)"},"content":{"rendered":"\n<p>Ap\u00f3s as recentes inaugura\u00e7\u00f5es de tr\u00eas lojas Supermercados Comper no m\u00eas de setembro em Santa Catarina, nas cidades de Itapema, Bombinhas e Itaja\u00ed, o Grupo Pereira&nbsp;\u2014&nbsp;s\u00e9timo maior grupo supermercadista do Brasil (ranking ABRAS 2025)&nbsp;\u2014&nbsp;segue em forte ritmo de expans\u00e3o em seus estados de atua\u00e7\u00e3o com a inaugura\u00e7\u00e3o de mais uma loja no munic\u00edpio de Bombinhas, litoral do Norte de SC, nesta quarta-feira, 8 de outubro. A loja, a 5\u00aa unidade Comper no estado e a 35\u00aa da rede no Brasil, abre as portas ao p\u00fablico a partir das 8h. O novo Comper est\u00e1 localizado na Av. Falc\u00e3o, 637 &#8211; bairro Bombas, em Bombinhas.<br><br>Com&nbsp;<strong>150 empregos diretos<\/strong>, a loja, com cerca de 1.000 metros quadrados, ainda disp\u00f5e de algumas vagas em aberto para profissionais interessados em atuar em diferentes setores. H\u00e1 vagas dispon\u00edveis para cargos como operador de caixa, repositor e auxiliar de perec\u00edveis, por exemplo. Interessados devem ir \u00e0 loja levando documento pessoal com foto e, preferencialmente, portando curr\u00edculo atualizado impresso.<br><br>Um dos diferenciais desta opera\u00e7\u00e3o Comper \u00e9 o&nbsp;<strong>Boteco Gelado<\/strong>, instalado no estacionamento da loja, que garante os mesmos pre\u00e7os baixos encontrados no interior da loja mas com a agilidade e conforto de uma conveni\u00eancia, com as bebidas j\u00e1 geladas e prontas para o consumo. O estacionamento conta com 80 vagas.<br><br>O Comper Falc\u00e3o oferece aos clientes um mix de mais de 7.000 itens em diferentes categorias, incluindo diferenciais como rotisseria, adega, padaria, a\u00e7ougue de atendimento e produtos frescos (frutas, legumes e verduras) premium.<\/p>\n\n\n\n<p><strong>Ofertas e muita variedade<\/strong><\/p>\n\n\n\n<p>Al\u00e9m de variedade e qualidade no sortimento de produtos, o Supermercados Comper traz para essa nova loja Comper Falc\u00e3o o tradicional calend\u00e1rio de ofertas: Ter\u00e7a da Carne; Quarta e Quinta Verde (com promo\u00e7\u00f5es em todo o setor hortifr\u00fati); e Fim de Semana de Ofertas&nbsp;\u2014 com descontos em diversas categorias da loja.<\/p>\n\n\n\n<p>\u201cMesmo sendo uma loja mais compacta se comparada \u00e0 outras opera\u00e7\u00f5es da bandeira Supermercados Comper, o Comper Falc\u00e3o promete impressionar os consumidores da regi\u00e3o com o que trazemos de melhor para cada nova loja da rede: uma adega completa com r\u00f3tulos nacionais e importados, p\u00e3o quentinho saindo a toda hora na padaria, a\u00e7ougue com cortes especiais e atendimento personalizado, a facilidade e o sabor de pratos j\u00e1 prontos na nossa Rotisseria, um Hortifr\u00fati com uma completa sele\u00e7\u00e3o de frutas, legumes e verduras, uma grande oferta de itens para de beleza e higiene e tamb\u00e9m limpeza do lar, e a comodidade de um estacionamento amplo e coberto\u201d, destaca o Gerente de Marketing do Comper, Daniel Azzola.<\/p>\n\n\n\n<p><strong>Responsabilidade social<\/strong><\/p>\n\n\n\n<p>Com o valor que muitos anos atr\u00e1s era investido para a compra de fogos de artif\u00edcio para celebrar a inaugura\u00e7\u00e3o de uma nova loja \u2014 pr\u00e1tica descartada em prol da qualidade de vida de pessoas idosas, neurodivergentes e tamb\u00e9m pets como c\u00e3es e gatos \u2014, o Comper entregou um cheque no valor de R$ 2.000,00 para a AMA (Associa\u00e7\u00e3o de Pais e Amigos do Autista) de Bombinhas.<br>&nbsp;<\/p>\n\n\n\n<p>J\u00e1 a primeira entidade sem fins lucrativos da regi\u00e3o que ser\u00e1 beneficiada com o projeto Troco Solid\u00e1rio ser\u00e1 o Instituto Tartabinhas (Pesquisa e Educa\u00e7\u00e3o Ambiental para Preserva\u00e7\u00e3o da Biodiversidade de Bombinhas).<\/p>\n\n\n\n<p><strong>Pr\u00f3xima inaugura\u00e7\u00e3o<\/strong><\/p>\n\n\n\n<p>Ap\u00f3s esta inaugura\u00e7\u00e3o do Comper Falc\u00e3o nesta quarta-feira (08\/10), o Grupo Pereira j\u00e1 anunciou mais uma loja do Supermercados Comper a ser inaugurada em Santa Catarina, tamb\u00e9m em Bombinhas: ainda neste m\u00eas, prevista para o dia 22\/10, tamb\u00e9m no bairro Bombas, com a gera\u00e7\u00e3o de cerca de 170 empregos diretos.<\/p>\n\n\n\n<figure class=\"wp-block-image size-full is-resized\"><img fetchpriority=\"high\" decoding=\"async\" width=\"800\" height=\"450\" src=\"https:\/\/cidadenoar.com\/wp-content\/uploads\/sites\/22\/2025\/10\/unnamed-12.jpg\" alt=\"\" class=\"wp-image-5991\" style=\"width:555px;height:auto\" title=\"\" srcset=\"https:\/\/cidadenoar.com\/global\/wp-content\/uploads\/sites\/22\/2025\/10\/unnamed-12.jpg 800w, https:\/\/cidadenoar.com\/global\/wp-content\/uploads\/sites\/22\/2025\/10\/unnamed-12-300x169.jpg 300w, https:\/\/cidadenoar.com\/global\/wp-content\/uploads\/sites\/22\/2025\/10\/unnamed-12-768x432.jpg 768w\" sizes=\"(max-width: 800px) 100vw, 800px\" \/><\/figure>\n\n\n\n<p><strong>Sobre o Grupo Pereira:<\/strong><\/p>\n\n\n\n<p>Fundado em 1962, na cidade de Itaja\u00ed, em Santa Catarina, o Grupo Pereira completa 63 anos de hist\u00f3ria em 2025. Atualmente, conta com 22 mil funcion\u00e1rios nos estados de Mato Grosso, Mato Grosso do Sul, Goi\u00e1s, Santa Catarina, S\u00e3o Paulo, Rio Grande do Sul e no Distrito Federal.<br>&nbsp;<\/p>\n\n\n\n<p>O Grupo Pereira tem 174 unidades de neg\u00f3cio, incluindo 34 lojas da rede de supermercados Comper, 69 lojas do Fort Atacadista (atacarejo), 4 lojas Schmit, 18 unidades do restaurante Trudy\u2019s e uma steakhouse, 3 filiais do Atacado Bate Forte (atacadista de distribui\u00e7\u00e3o), 27 lojas SempreFort (varejo farmac\u00eautico), um Broker \u2013 distribuidor oficial da Nestl\u00e9 -, 5 ag\u00eancias de viagens, 2 postos de combust\u00edvel e um Centro de Distribui\u00e7\u00e3o. Al\u00e9m disso, o Grupo Pereira completa seu ecossistema de solu\u00e7\u00f5es ao incluir o bra\u00e7o log\u00edstico Perlog e os servi\u00e7os financeiros do Vuon, que inclui o private label Vuon Card, com mais de 1,5 milh\u00e3o de cart\u00f5es emitidos, al\u00e9m de gift cards, seguros e assist\u00eancia odontol\u00f3gica.<br>&nbsp;<\/p>\n\n\n\n<p>O Grupo Pereira \u00e9 o primeiro varejista brasileiro a ser contemplado com o selo CAFE (Certified Age Friendly Employer), concedido pelo norte-americano Age Friendly Institute a empresas que promovem a contrata\u00e7\u00e3o e reten\u00e7\u00e3o de funcion\u00e1rios 50+.<\/p>\n\n\n\n<figure class=\"wp-block-image size-large is-resized\"><img decoding=\"async\" width=\"576\" height=\"1024\" src=\"https:\/\/cidadenoar.com\/wp-content\/uploads\/sites\/22\/2025\/10\/unnamed-13-576x1024.jpg\" alt=\"\" class=\"wp-image-5992\" style=\"width:477px;height:auto\" title=\"\" srcset=\"https:\/\/cidadenoar.com\/global\/wp-content\/uploads\/sites\/22\/2025\/10\/unnamed-13-576x1024.jpg 576w, https:\/\/cidadenoar.com\/global\/wp-content\/uploads\/sites\/22\/2025\/10\/unnamed-13-169x300.jpg 169w, https:\/\/cidadenoar.com\/global\/wp-content\/uploads\/sites\/22\/2025\/10\/unnamed-13-768x1365.jpg 768w, https:\/\/cidadenoar.com\/global\/wp-content\/uploads\/sites\/22\/2025\/10\/unnamed-13.jpg 800w\" sizes=\"(max-width: 576px) 100vw, 576px\" \/><\/figure>\n","protected":false},"excerpt":{"rendered":"<p>Cidade de Bombinhas, no Litoral Norte de SC, ganha mais uma unidade Comper, com diferenciais como o Boteco Gelado; loja emprega 150 profissionais<\/p>\n","protected":false},"author":23,"featured_media":5993,"comment_status":"open","ping_status":"open","sticky":false,"template":"","format":"standard","meta":{"footnotes":""},"categories":[1],"tags":[713,624,211],"class_list":["post-5990","post","type-post","status-publish","format-standard","has-post-thumbnail","hentry","category-geral","tag-bombinhas","tag-comper","tag-grupo-pereira"],"_links":{"self":[{"href":"https:\/\/cidadenoar.com\/global\/wp-json\/wp\/v2\/posts\/5990","targetHints":{"allow":["GET"]}}],"collection":[{"href":"https:\/\/cidadenoar.com\/global\/wp-json\/wp\/v2\/posts"}],"about":[{"href":"https:\/\/cidadenoar.com\/global\/wp-json\/wp\/v2\/types\/post"}],"author":[{"embeddable":true,"href":"https:\/\/cidadenoar.com\/global\/wp-json\/wp\/v2\/users\/23"}],"replies":[{"embeddable":true,"href":"https:\/\/cidadenoar.com\/global\/wp-json\/wp\/v2\/comments?post=5990"}],"version-history":[{"count":1,"href":"https:\/\/cidadenoar.com\/global\/wp-json\/wp\/v2\/posts\/5990\/revisions"}],"predecessor-version":[{"id":5994,"href":"https:\/\/cidadenoar.com\/global\/wp-json\/wp\/v2\/posts\/5990\/revisions\/5994"}],"wp:featuredmedia":[{"embeddable":true,"href":"https:\/\/cidadenoar.com\/global\/wp-json\/wp\/v2\/media\/5993"}],"wp:attachment":[{"href":"https:\/\/cidadenoar.com\/global\/wp-json\/wp\/v2\/media?parent=5990"}],"wp:term":[{"taxonomy":"category","embeddable":true,"href":"https:\/\/cidadenoar.com\/global\/wp-json\/wp\/v2\/categories?post=5990"},{"taxonomy":"post_tag","embeddable":true,"href":"https:\/\/cidadenoar.com\/global\/wp-json\/wp\/v2\/tags?post=5990"}],"curies":[{"name":"wp","href":"https:\/\/api.w.org\/{rel}","templated":true}]}}