{"id":6006,"date":"2025-10-10T22:46:12","date_gmt":"2025-10-11T01:46:12","guid":{"rendered":"https:\/\/cidadenoar.com\/?p=6006"},"modified":"2025-10-14T21:59:06","modified_gmt":"2025-10-15T00:59:06","slug":"felipe-moraes-planejamento-14-anos-a-milhoes-a-historia-disciplina-transformam-vidas","status":"publish","type":"post","link":"https:\/\/cidadenoar.com\/global\/economia-negocios\/felipe-moraes-planejamento-14-anos-a-milhoes-a-historia-disciplina-transformam-vidas\/","title":{"rendered":"Felipe Moraes: do planejamento aos 14 anos \u00e0 gest\u00e3o de milh\u00f5es, a hist\u00f3ria que prova que disciplina e const\u00e2ncia transformam vidas"},"content":{"rendered":"\n<p>A trajet\u00f3ria de Felipe Moraes Pereira \u00e9 um exemplo de como disciplina, educa\u00e7\u00e3o e planejamento podem transformar uma origem humilde em um projeto profissional s\u00f3lido que hoje administra milh\u00f5es de reais para clientes diversos. S\u00f3cio-administrador da Up Investimentos e da Up Holding de Investimentos Ltda., Felipe construiu um caminho marcado por decis\u00f5es conscientes tomadas ainda na adolesc\u00eancia, forma\u00e7\u00e3o acad\u00eamica extensa e a busca por um modelo de neg\u00f3cios que permita acesso \u00e0 gest\u00e3o profissional de patrim\u00f4nio, mesmo para quem tem pouco para investir.<\/p>\n\n\n\n<p>A semente do planejamento<\/p>\n\n\n\n<p>Filho de uma m\u00e3e que o teve aos 14 anos, Felipe cresceu em um lar onde as dificuldades materiais eram rotina, mas onde a prioridade pela educa\u00e7\u00e3o era inegoci\u00e1vel. A frase que orientou sua inf\u00e2ncia, segundo ele conta, foi simples: &#8220;estudo, estudo, estudo&#8221;. Desde pequeno ele mostrou facilidade com n\u00fameros e, aos 14 anos, fez algo incomum para a idade: desenhou um plano de vida com metas patrimoniais e um horizonte claro, alcan\u00e7ar determinado patrim\u00f4nio aos 45 anos. Esse plano n\u00e3o ficou apenas no papel; serviu como b\u00fassola para escolhas de estudo, trabalho e investimento.<\/p>\n\n\n\n<p>Come\u00e7ar cedo fez diferen\u00e7a. Enquanto muitos da sua idade gastavam pequenas mesadas, Felipe guardava e fazia c\u00e1lculos simples sobre rendimento. Aos 18 anos, j\u00e1 com acesso a produtos financeiros al\u00e9m da poupan\u00e7a, migrou suas aplica\u00e7\u00f5es, e aos 19 comprou um terreno, construiu a casa e, dois anos depois, vendeu o im\u00f3vel com uma valoriza\u00e7\u00e3o superior a 100%. O lucro foi reinvestido e se tornou um alicerce inicial para empreendimentos posteriores.<\/p>\n\n\n\n<p>Forma\u00e7\u00e3o e constru\u00e7\u00e3o de autoridade<\/p>\n\n\n\n<p>A busca por conhecimento foi constante. Felipe soma, segundo relato, sete gradua\u00e7\u00f5es em \u00e1reas relacionadas \u00e0 gest\u00e3o e finan\u00e7as e seguiu para estudos de p\u00f3s-gradua\u00e7\u00e3o, incluindo mestrado. A combina\u00e7\u00e3o de v\u00e1rias forma\u00e7\u00f5es com experi\u00eancia pr\u00e1tica em empresas e neg\u00f3cios pr\u00f3prios deu a ele respaldo t\u00e9cnico e credibilidade junto a clientes e institui\u00e7\u00f5es.<\/p>\n\n\n\n<p>Ainda jovem, j\u00e1 ocupou posi\u00e7\u00f5es de gest\u00e3o. Aos 20 anos teve o primeiro cargo de lideran\u00e7a em uma grande empresa. Aos 23 abriu seu primeiro neg\u00f3cio no varejo e passou por fases intensas de trabalho e consultoria. Aos 28 tornou-se professor universit\u00e1rio, lecionando disciplinas como estat\u00edstica, gest\u00e3o financeira, custos, empreendedorismo e lideran\u00e7a. A doc\u00eancia o fez perceber uma limita\u00e7\u00e3o relevante: ensinar nem sempre equivale a transformar. Em sala de aula o aluno absorve uma parte do conte\u00fado; para muitos, o desafio \u00e9 colocar em pr\u00e1tica o que foi aprendido. Isso alimentou na pr\u00e1tica a busca por um modelo que unisse educa\u00e7\u00e3o, planejamento e execu\u00e7\u00e3o.<\/p>\n\n\n\n<p>Da consultoria ao modelo escal\u00e1vel<\/p>\n\n\n\n<p>No exerc\u00edcio da consultoria, Felipe enfrentou dois problemas pr\u00e1ticos. O primeiro foi o limite f\u00edsico do tempo: um consultor tem horas finitas e isso restringe quantas pessoas pode atender. O segundo foi o modelo de neg\u00f3cios de assessorias vinculadas a corretoras, que frequentemente imp\u00f5em metas e produtos que nem sempre servem ao melhor interesse do cliente. Essas constata\u00e7\u00f5es o levaram a desenhar uma solu\u00e7\u00e3o com duas frentes: assessoria personalizada para quem j\u00e1 tem patrim\u00f4nio elevado e um fundo de investimento para agrupar pequenos aportes e proporcionar gest\u00e3o profissional a quem tem menos recursos.<\/p>\n\n\n\n<p>A ideia central do fundo \u00e9 simples e poderosa. Ao juntar v\u00e1rios investidores com aportes modestos, a gestora passa a operar sobre um volume que permite acesso a produtos e estrat\u00e9gias antes restritos a grandes fortunas. O pequeno investidor deixa de ser um cliente isolado e passa a fazer parte de um cliente coletivo. Para Felipe, isso reduz custos, aumenta escala e torna vi\u00e1vel entregar gest\u00e3o profissional a um p\u00fablico muito maior.<\/p>\n\n\n\n<p>Transpar\u00eancia e governan\u00e7a como pilares<\/p>\n\n\n\n<p>Desde o in\u00edcio, Felipe enfatizou a import\u00e2ncia de operar dentro das regras e com transpar\u00eancia. Diferente de promessas em redes sociais, a <a href=\"https:\/\/www.upinvestimentos.com\" target=\"_blank\" rel=\"noreferrer noopener\">Up Investimentos<\/a> prioriza demonstrativos cont\u00e1beis p\u00fablicos, assinados por contador e auditor, al\u00e9m de cumprir exig\u00eancias regulat\u00f3rias. O investidor, diz Felipe, deve ter acesso ao balan\u00e7o do fundo, entender sua composi\u00e7\u00e3o e verificar a sa\u00fade do produto.<\/p>\n\n\n\n<p>Al\u00e9m disso, a empresa mant\u00e9m um atendimento humanizado. Ao contr\u00e1rio de bancos e plataformas digitais que oferecem pouco contato pessoal, a proposta \u00e9 que o cliente tenha um assessor e momentos peri\u00f3dicos de acompanhamento. Essa combina\u00e7\u00e3o de contabilidade aberta, auditoria e proximidade refor\u00e7a a <a href=\"https:\/\/cidadenoar.com\" target=\"_blank\" rel=\"noreferrer noopener\">credibilidade <\/a>da opera\u00e7\u00e3o, e \u00e9 parte do argumento para que pessoas de diferentes perfis confiem a gest\u00e3o de seus recursos \u00e0 Up.<\/p>\n\n\n\n<p>Resultados e ajustes na trajet\u00f3ria<\/p>\n\n\n\n<p>A pr\u00f3pria vida de Felipe ilustra os princ\u00edpios que aplica aos clientes. O plano tra\u00e7ado aos 14 anos foi revisado em dois momentos. Inicialmente com horizonte para os 45 anos, ele corrigiu o prazo e a meta duas vezes: antecipou o objetivo para os 40 anos e, em seguida, encurtou ainda mais o prazo enquanto aumentava a meta em cerca de cinco vezes. Essas revis\u00f5es foram poss\u00edveis por combina\u00e7\u00e3o de disciplina, aportes regulares e reinvestimento de ganhos. Para ele, metas financeiras n\u00e3o s\u00e3o est\u00e1ticas; evoluem conforme os resultados e as oportunidades.<\/p>\n\n\n\n<p>O resultado pr\u00e1tico desse percurso \u00e9 que a empresa, j\u00e1 estruturada com governan\u00e7a e credibilidade, administra hoje milh\u00f5es de reais para clientes variados. Esse dado \u00e9 utilizado por Felipe como demonstra\u00e7\u00e3o concreta de que planejamento e const\u00e2ncia podem levar qualquer pessoa a conquistas relevantes, independentemente da origem.<\/p>\n\n\n\n<p>Li\u00e7\u00f5es sobre risco, ativos e aposentadoria<\/p>\n\n\n\n<p>Felipe faz cr\u00edticas ponderadas a certezas do senso comum. Ele chama aten\u00e7\u00e3o para as limita\u00e7\u00f5es do investimento em im\u00f3veis quando o objetivo \u00e9 gerar renda passiva pura. Im\u00f3veis t\u00eam custos, impostos, taxas de administra\u00e7\u00e3o, per\u00edodos de vac\u00e2ncia, que corroem a rentabilidade. Em muitos casos, uma carteira diversificada e bem gerida oferece mais liquidez e melhor rela\u00e7\u00e3o entre retorno e risco.<\/p>\n\n\n\n<p>Outro ponto recorrente em suas falas \u00e9 a seguran\u00e7a da aposentadoria. Diante do envelhecimento populacional e das press\u00f5es sobre sistemas p\u00fablicos de previd\u00eancia, depender exclusivamente do regime p\u00fablico \u00e9 visto por ele como arriscado. Investir \u00e9, para Felipe, uma alternativa pr\u00e1tica para proteger o padr\u00e3o de vida no futuro.<\/p>\n\n\n\n<p>O custo pessoal e a mudan\u00e7a de ritmo<\/p>\n\n\n\n<p>A trajet\u00f3ria tamb\u00e9m traz um alerta. Em fases intensas, Felipe conta ter sofrido com problemas de sa\u00fade por excesso de trabalho, quando somava mestrado, consultorias, gest\u00e3o de empresas e doc\u00eancia. Hoje, a experi\u00eancia o levou a mudar a forma de trabalhar: delegar, estruturar processos e prezar por qualidade de vida. Essa mudan\u00e7a reflete uma li\u00e7\u00e3o importante para empreendedores e profissionais: \u00e9 poss\u00edvel escalar resultados sem sacrificar a sa\u00fade, desde que se administre o tempo e as prioridades.<\/p>\n\n\n\n<p>Uma mensagem dupla para p\u00fablicos distintos<\/p>\n\n\n\n<p>A mensagem final de Felipe \u00e9 voltada a dois p\u00fablicos. Para os jovens, o conselho \u00e9 come\u00e7ar cedo, mesmo com pequenos aportes, porque o tempo \u00e9 o maior aliado no efeito dos juros compostos. Para quem est\u00e1 mais perto da aposentadoria ou j\u00e1 maduro, a recomenda\u00e7\u00e3o \u00e9 avaliar ativos, realocar recursos e, quando poss\u00edvel, acelerar aportes para reduzir o per\u00edodo necess\u00e1rio at\u00e9 alcan\u00e7ar independ\u00eancia financeira.<\/p>\n\n\n\n<p>Conclus\u00e3o<\/p>\n\n\n\n<p>A hist\u00f3ria de Felipe Moraes Pereira re\u00fane elementos que a tornam inspiradora e pr\u00e1tica ao mesmo tempo: um planejamento tra\u00e7ado aos 14 anos, sete gradua\u00e7\u00f5es, mestrado, decis\u00f5es de investimento desde os 18 anos, uma carreira que passou por gest\u00e3o, varejo e doc\u00eancia, e, por fim, a constru\u00e7\u00e3o de um modelo de neg\u00f3cios que administra milh\u00f5es de reais. O recado principal \u00e9 claro: nem tudo depende de sorte; disciplina, m\u00e9todo e const\u00e2ncia constroem resultados. Para quem quer come\u00e7ar, a orienta\u00e7\u00e3o \u00e9 concreta: defina metas, revise-as com frequ\u00eancia, mantenha aportes regulares e procure transpar\u00eancia na gest\u00e3o. Na vis\u00e3o de Felipe, essa combina\u00e7\u00e3o transforma pequenas economias em patrim\u00f4nio real, tijolo por tijolo.<\/p>\n","protected":false},"excerpt":{"rendered":"<p>A hist\u00f3ria de Felipe Moraes Pereira re\u00fane elementos que a tornam inspiradora e pr\u00e1tica ao mesmo tempo: um planejamento tra\u00e7ado aos 14 anos, sete gradua\u00e7\u00f5es, mestrado, decis\u00f5es de investimento desde os 18 anos, uma carreira que passou por gest\u00e3o, varejo e doc\u00eancia, e, por fim, a constru\u00e7\u00e3o de um modelo de neg\u00f3cios que administra milh\u00f5es de reais. <\/p>\n","protected":false},"author":1,"featured_media":6007,"comment_status":"open","ping_status":"open","sticky":false,"template":"","format":"standard","meta":{"footnotes":""},"categories":[289],"tags":[36,31,52],"class_list":["post-6006","post","type-post","status-publish","format-standard","has-post-thumbnail","hentry","category-economia-negocios","tag-economia","tag-educacao","tag-empreendedorismo"],"_links":{"self":[{"href":"https:\/\/cidadenoar.com\/global\/wp-json\/wp\/v2\/posts\/6006","targetHints":{"allow":["GET"]}}],"collection":[{"href":"https:\/\/cidadenoar.com\/global\/wp-json\/wp\/v2\/posts"}],"about":[{"href":"https:\/\/cidadenoar.com\/global\/wp-json\/wp\/v2\/types\/post"}],"author":[{"embeddable":true,"href":"https:\/\/cidadenoar.com\/global\/wp-json\/wp\/v2\/users\/1"}],"replies":[{"embeddable":true,"href":"https:\/\/cidadenoar.com\/global\/wp-json\/wp\/v2\/comments?post=6006"}],"version-history":[{"count":4,"href":"https:\/\/cidadenoar.com\/global\/wp-json\/wp\/v2\/posts\/6006\/revisions"}],"predecessor-version":[{"id":6014,"href":"https:\/\/cidadenoar.com\/global\/wp-json\/wp\/v2\/posts\/6006\/revisions\/6014"}],"wp:featuredmedia":[{"embeddable":true,"href":"https:\/\/cidadenoar.com\/global\/wp-json\/wp\/v2\/media\/6007"}],"wp:attachment":[{"href":"https:\/\/cidadenoar.com\/global\/wp-json\/wp\/v2\/media?parent=6006"}],"wp:term":[{"taxonomy":"category","embeddable":true,"href":"https:\/\/cidadenoar.com\/global\/wp-json\/wp\/v2\/categories?post=6006"},{"taxonomy":"post_tag","embeddable":true,"href":"https:\/\/cidadenoar.com\/global\/wp-json\/wp\/v2\/tags?post=6006"}],"curies":[{"name":"wp","href":"https:\/\/api.w.org\/{rel}","templated":true}]}}