{"id":6051,"date":"2025-10-13T16:45:07","date_gmt":"2025-10-13T19:45:07","guid":{"rendered":"https:\/\/cidadenoar.com\/?p=6051"},"modified":"2025-10-14T17:01:56","modified_gmt":"2025-10-14T20:01:56","slug":"skincare-de-adulto-em-criancas-dermatologista-alerta-para-riscos-a-saude-e-ao-desenvolvimento","status":"publish","type":"post","link":"https:\/\/cidadenoar.com\/global\/saude-bem%e2%80%91estar\/skincare-de-adulto-em-criancas-dermatologista-alerta-para-riscos-a-saude-e-ao-desenvolvimento\/","title":{"rendered":"Skincare de adulto em crian\u00e7as: dermatologista alerta para riscos \u00e0 sa\u00fade e ao desenvolvimento"},"content":{"rendered":"\n<p>O fen\u00f4meno de crian\u00e7as e pr\u00e9-adolescentes utilizando produtos de skincare formulados para adultos tem ganhado destaque nas redes sociais, muitas vezes incentivado por influenciadores digitais e padr\u00f5es de beleza irreais. Especialistas alertam que essa pr\u00e1tica pode trazer consequ\u00eancias s\u00e9rias para a sa\u00fade e o desenvolvimento infantil.<\/p>\n\n\n\n<p>A Dra.&nbsp;<a href=\"http:\/\/instagram.com\/dra.deboracadore\" target=\"_blank\" rel=\"noreferrer noopener\">D\u00e9bora Cadore<\/a>, dermatologista, especialista em Medicina Capilar, Terapias Regenerativas e Gerenciamento do Envelhecimento, fundadora da&nbsp;<a href=\"https:\/\/www.instagram.com\/cadore.clinicadermatologica\/\" target=\"_blank\" rel=\"noreferrer noopener\">Cadore Cl\u00ednica Dermatol\u00f3gica<\/a>, em Florian\u00f3polis, explica que o uso de produtos adultos na inf\u00e2ncia \u00e9 preocupante. \u201c\u00c9 claro que existem cuidados que podem e devem ser adotados desde cedo, como filtro solar, repelentes e hidratantes espec\u00edficos para crian\u00e7as. Mas produtos com disruptores end\u00f3crinos e al\u00e9rgenos aumentam o risco de altera\u00e7\u00f5es hormonais, puberdade precoce, problemas de fertilidade e alergias de pele no futuro\u201d, alerta.<\/p>\n\n\n\n<h2 class=\"wp-block-heading\">Por que a pele das crian\u00e7as \u00e9 mais vulner\u00e1vel<\/h2>\n\n\n\n<p>A pele infantil possui caracter\u00edsticas pr\u00f3prias que a tornam mais sens\u00edvel do que a dos adultos. Por ser mais fina, ela absorve subst\u00e2ncias qu\u00edmicas com maior facilidade. \u201cMuitas das subst\u00e2ncias presentes em produtos adultos podem causar altera\u00e7\u00f5es hormonais e alergias em maior propor\u00e7\u00e3o do que nos adultos\u201d, destaca a especialista.<\/p>\n\n\n\n<p>Entre os componentes que representam maior risco est\u00e3o&nbsp;<strong>conservantes como parabenos<\/strong>, que podem mimetizar estrog\u00eanios;&nbsp;<strong>filtros solares qu\u00edmicos<\/strong>, como benzofenonas, que possuem atividade estrog\u00eanica e antiandrog\u00eanica; e&nbsp;<strong>plastificantes ou solventes<\/strong>, como ftalatos, presentes em fragr\u00e2ncias e esmaltes, associados a altera\u00e7\u00f5es reprodutivas. Produtos anti-idade ou com retinol e \u00e1cidos, embora n\u00e3o acelerem o envelhecimento da pele, ainda s\u00e3o desaconselhados para crian\u00e7as devido ao risco de irrita\u00e7\u00e3o e absor\u00e7\u00e3o de subst\u00e2ncias hormonais.<\/p>\n\n\n\n<p><strong>Riscos imediatos e a longo prazo<\/strong><\/p>\n\n\n\n<p>O uso cont\u00ednuo de cosm\u00e9ticos adultos pode gerar efeitos imediatos, como irrita\u00e7\u00f5es e alergias, e consequ\u00eancias a longo prazo. \u201cPuberdade precoce, altera\u00e7\u00f5es no eixo hormonal e na capacidade reprodutiva est\u00e3o entre os principais riscos. Al\u00e9m disso, quanto maior a exposi\u00e7\u00e3o a al\u00e9rgenos, maior a chance de desenvolver alergias futuras\u201d, explica Dra. D\u00e9bora.<\/p>\n\n\n\n<p>O impacto emocional tamb\u00e9m merece aten\u00e7\u00e3o. Muitos padr\u00f5es de beleza vistos em redes sociais s\u00e3o baseados em filtros ou maquiagem, criando ideais inating\u00edveis que podem gerar ansiedade e frustra\u00e7\u00e3o em crian\u00e7as e pr\u00e9-adolescentes.<\/p>\n\n\n\n<p><strong>Cuidados b\u00e1sicos e seguros para crian\u00e7as<\/strong><\/p>\n\n\n\n<p>Para crian\u00e7as e pr\u00e9-adolescentes, a recomenda\u00e7\u00e3o \u00e9 clara:&nbsp;<strong>fotoprotetor espec\u00edfico para a idade, repelentes adequados e hidratante quando necess\u00e1rio<\/strong>. O problema surge quando a exposi\u00e7\u00e3o a cosm\u00e9ticos adultos se torna cont\u00ednua.<\/p>\n\n\n\n<p>No caso de pr\u00e9-adolescentes com&nbsp;<strong>dermatoses como acne<\/strong>, a especialista recomenda avalia\u00e7\u00e3o individualizada por um dermatologista. Produtos mais espec\u00edficos, como sabonetes para pele oleosa, devem ser introduzidos somente sob orienta\u00e7\u00e3o profissional e conforme a necessidade da pele.<\/p>\n\n\n\n<p>Pais e respons\u00e1veis tamb\u00e9m devem observar sinais de rea\u00e7\u00e3o adversa, como coceira, vermelhid\u00e3o ou descama\u00e7\u00e3o. \u201cEm muitos casos, altera\u00e7\u00f5es hormonais n\u00e3o apresentam sinais vis\u00edveis, por isso a preven\u00e7\u00e3o \u00e9 ainda mais importante\u201d, completa&nbsp;<a href=\"https:\/\/instagram.com\/dra.deboracadore\" target=\"_blank\" rel=\"noreferrer noopener\">D\u00e9bora Cadore<\/a>.<\/p>\n\n\n\n<p><strong>Educa\u00e7\u00e3o e di\u00e1logo: preven\u00e7\u00e3o \u00e9 o melhor caminho<\/strong><\/p>\n\n\n\n<p>Mais eficaz do que proibir, \u00e9 manter uma&nbsp;<strong>comunica\u00e7\u00e3o aberta com as crian\u00e7as<\/strong>. \u201cConverse com elas, entenda a motiva\u00e7\u00e3o do interesse por skincare. Muitas vezes, buscam um ideal de beleza inating\u00edvel. Explique que haver\u00e1 tempo suficiente para esse tipo de preocupa\u00e7\u00e3o mais adiante e que o excesso pode trazer problemas s\u00e9rios\u201d, orienta a dermatologista.<\/p>\n\n\n\n<p>O acompanhamento m\u00e9dico garante seguran\u00e7a e orienta o uso correto de produtos conforme a necessidade individual. \u201cSe houver alguma quest\u00e3o na pele, leve a crian\u00e7a a um dermatologista \u2014 \u00e9 o profissional capacitado a prescrever produtos eficazes e seguros.\u201d<\/p>\n\n\n\n<p><strong>Quando procurar um dermatologista<\/strong><\/p>\n\n\n\n<p>O cuidado com a pele \u00e9 importante, mas precisa ser&nbsp;<strong>orientado por quem entende do assunto<\/strong>. Segundo a especialista, \u00e9 poss\u00edvel conscientizar os jovens sem alarmismo. \u201cO cuidado com a pele \u00e9 importante, afinal, ela \u00e9 o maior \u00f3rg\u00e3o do corpo, mas precisa ser orientado por quem entende do assunto: o m\u00e9dico dermatologista. O que parece inofensivo hoje pode trazer consequ\u00eancias futuras\u201d, refor\u00e7a.<\/p>\n\n\n\n<p><\/p>\n\n\n\n<figure class=\"wp-block-image size-large\"><img decoding=\"async\" src=\"https:\/\/jornaltribuna.com.br\/wp-content\/uploads\/2025\/10\/A-medica-dermatologista-Debora-Cadore-alerta-para-produtos-e-rotinas-de-skincare-em-criancas-e-adolescentes-foto-Luna-Zunino-683x1024.jpg\" alt=\"\" class=\"wp-image-165022\" title=\"\"><figcaption class=\"wp-element-caption\"><em>A m\u00e9dica dermatologista D\u00e9bora Cadore alerta para produtos e rotinas de skincare em crian\u00e7as e adolescentes (foto Luna Zunino)<\/em><\/figcaption><\/figure>\n\n\n\n<p><strong>Sobre a Dra. D\u00e9bora Cadore<\/strong><\/p>\n\n\n\n<p>D\u00e9bora Cadore \u00e9 m\u00e9dica dermatologista, CEO e diretora t\u00e9cnica da Cadore Cl\u00ednica Dermatol\u00f3gica, localizada na Casa Herc\u00edlio Luz (Acesso pelo P\u00e1tio Milano, bloco 3 &#8211; av. Mauro Ramos, 1512), Centro, Florian\u00f3polis. \u00c9 graduada pela Universidade Federal de Santa Catarina (UFSC), possui especializa\u00e7\u00e3o em Dermatologia pela Santa Casa de S\u00e3o Paulo e em Oncologia Cut\u00e2nea pelo A.C.Camargo Cancer Center. \u00c9 especialista em Medicina Capilar, Terapias Regenerativas e Gerenciamento do Envelhecimento.<\/p>\n\n\n\n<p>Realizou&nbsp;<em>fellowships<\/em>&nbsp;internacionais em cabelos, unhas, dermatoscopia digital e microscopia confocal na&nbsp;<em>Universit\u00e0 di Bologna<\/em>&nbsp;e na&nbsp;<em>University of Miami<\/em>, al\u00e9m da&nbsp;<em>University of Modena and Reggio Emilia<\/em>, na It\u00e1lia. Atua como preceptora da resid\u00eancia m\u00e9dica em dermatologia no Ambulat\u00f3rio de Cabelos e Unhas da UFSC.<\/p>\n\n\n\n<p>\u00c9 membro titular da Sociedade Brasileira de Dermatologia (SBD) e integra sociedades cient\u00edficas internacionais como a&nbsp;<em>International Dermoscopy Society<\/em>,&nbsp;<em>International Trichoscopy Society<\/em>,&nbsp;<em>American Hair Research Society<\/em>,&nbsp;<em>European Hair Research Society<\/em>&nbsp;e o&nbsp;<em>Council for Nail Disorders<\/em>.<\/p>\n\n\n\n<p>D\u00e9bora tamb\u00e9m \u00e9 autora de cap\u00edtulos de livros e artigos cient\u00edficos em publica\u00e7\u00f5es nacionais e internacionais, al\u00e9m de palestrante em congressos m\u00e9dicos no Brasil e no exterior.<\/p>\n","protected":false},"excerpt":{"rendered":"<p>O uso de produtos de skincare adultos por crian\u00e7as pode afetar horm\u00f4nios, causar alergias e prejudicar o desenvolvimento; dermatologista orienta cuidados seguros e espec\u00edficos para cada faixa et\u00e1ria<\/p>\n","protected":false},"author":23,"featured_media":6052,"comment_status":"open","ping_status":"open","sticky":false,"template":"","format":"standard","meta":{"footnotes":""},"categories":[19],"tags":[262,109,546],"class_list":["post-6051","post","type-post","status-publish","format-standard","has-post-thumbnail","hentry","category-saude-bemestar","tag-debora-cadore","tag-medicina","tag-skincare"],"_links":{"self":[{"href":"https:\/\/cidadenoar.com\/global\/wp-json\/wp\/v2\/posts\/6051","targetHints":{"allow":["GET"]}}],"collection":[{"href":"https:\/\/cidadenoar.com\/global\/wp-json\/wp\/v2\/posts"}],"about":[{"href":"https:\/\/cidadenoar.com\/global\/wp-json\/wp\/v2\/types\/post"}],"author":[{"embeddable":true,"href":"https:\/\/cidadenoar.com\/global\/wp-json\/wp\/v2\/users\/23"}],"replies":[{"embeddable":true,"href":"https:\/\/cidadenoar.com\/global\/wp-json\/wp\/v2\/comments?post=6051"}],"version-history":[{"count":1,"href":"https:\/\/cidadenoar.com\/global\/wp-json\/wp\/v2\/posts\/6051\/revisions"}],"predecessor-version":[{"id":6053,"href":"https:\/\/cidadenoar.com\/global\/wp-json\/wp\/v2\/posts\/6051\/revisions\/6053"}],"wp:featuredmedia":[{"embeddable":true,"href":"https:\/\/cidadenoar.com\/global\/wp-json\/wp\/v2\/media\/6052"}],"wp:attachment":[{"href":"https:\/\/cidadenoar.com\/global\/wp-json\/wp\/v2\/media?parent=6051"}],"wp:term":[{"taxonomy":"category","embeddable":true,"href":"https:\/\/cidadenoar.com\/global\/wp-json\/wp\/v2\/categories?post=6051"},{"taxonomy":"post_tag","embeddable":true,"href":"https:\/\/cidadenoar.com\/global\/wp-json\/wp\/v2\/tags?post=6051"}],"curies":[{"name":"wp","href":"https:\/\/api.w.org\/{rel}","templated":true}]}}