{"id":609,"date":"2023-09-15T00:00:43","date_gmt":"2023-09-15T03:00:43","guid":{"rendered":"https:\/\/sosnoticias.com.br\/noticia\/5687\/repam-brasil-realiza-lancamento-dos-livros-de-pe-justino-sarmento-ir-sebastiao-ferrarini-e-prof-marcilio-de-freitas"},"modified":"2024-12-04T20:13:46","modified_gmt":"2024-12-04T23:13:46","slug":"repam-brasil-realiza-lancamento-dos-livros-de-pe-justino-sarmento-ir-sebastiao-ferrarini-e-prof-marcilio-de-freitas","status":"publish","type":"post","link":"https:\/\/cidadenoar.com\/global\/brasil\/repam-brasil-realiza-lancamento-dos-livros-de-pe-justino-sarmento-ir-sebastiao-ferrarini-e-prof-marcilio-de-freitas\/","title":{"rendered":"REPAM-BRASIL realiza lan\u00e7amento dos Livros de Pe. Justino Sarmento, Ir. Sebasti\u00e3o Ferrarini e Prof. Marcilio de Freitas"},"content":{"rendered":"<div class=\"boxhtml_full\"><\/div>\n<p>IV Encontro de Ecoteologia e I Semana Teol\u00f3gica e Filos\u00f3fica realiza o lan\u00e7amento dos livros: Maristas na Amaz\u00f4nia Cuidando da Vida: Educa\u00e7\u00e3o, Pastoral, Cultura e Ecologia; A Festa das Frutas; Amaz\u00f4nia Sustentabilidade, Encantos e Esperan\u00e7as; e Nuances da Sustentabilidade Vis\u00f5es Fant\u00e1sticas da Amaz\u00f4nia. Nesta edi\u00e7\u00e3o, durante\u00a0 a programa\u00e7\u00e3o do encontro em Manaus, a RAPAM-Brasil anuncia as quatro obras que aprofundam as reflex\u00f5es teol\u00f3gicas de\u00a0 mission\u00e1rios que atuam na Amaz\u00f4nia brasileira.<\/p>\n<p>Professor Marc\u00edlio Freitas apresenta duas obras: \u201cAmaz\u00f4nia: Sustentabilidade, encantos e esperan\u00e7as\u201d, \u00e9 uma declara\u00e7\u00e3o de amor a esta fant\u00e1stica regi\u00e3o e aos seus povos. Ele foi organizado para as professoras, as crian\u00e7as, os jovens e a sociedade brasileira compreenderem as complexas dimens\u00f5es materiais e simb\u00f3licas e a import\u00e2ncia da Amaz\u00f4nia ao Brasil e o Mundo, na Era da sustentabilidade. Nesta obra, o autor d\u00e1 protagonismo aos agentes amaz\u00f4nicos e privilegia elementos antropom\u00f3rficos e princ\u00edpios morais geralmente n\u00e3o abordados nos estudos t\u00e9cnicos, que n\u00e3o espiritualizam os ambientes, as pessoas e as sociedades. Marc\u00edlio apresenta diversas vis\u00f5es etnogr\u00e1ficas amaz\u00f4nicas, mas sempre as contextualizando aos desafios civilizat\u00f3rios deste s\u00e9culo.<\/p>\n<p>\u201cNuances da sustentabilidade: vis\u00f5es fant\u00e1sticas da Amaz\u00f4nia\u201d \u00e9 um ensaio ficcional que esclarece e reafirma a complexidade e import\u00e2ncia da Amaz\u00f4nia para a humanidade. Por meio de macro cen\u00e1rios, a pr\u00f3pria Amaz\u00f4nia apresenta fragmentos etnogr\u00e1ficos que permeiam a sua vida plena, sequestrada pela sua coloniza\u00e7\u00e3o for\u00e7ada e a autocracia das rela\u00e7\u00f5es pol\u00edticas governamentais na regi\u00e3o.<\/p>\n<p>No livro de Irm\u00e3o Sebasti\u00e3o Ferrarini, \u201cMaristas na Amaz\u00f4nia Cuidando da Vida: Educa\u00e7\u00e3o, Pastoral, Cultura e Ecologia\u201d, o autor revela contempla\u00e7\u00f5es e informa\u00e7\u00f5es sobre a interatividade de dois ricos ecossistemas: o amaz\u00f4nico e o Marista. Os dedicados mission\u00e1rios e mission\u00e1rias, prenhes de uma vis\u00e3o do cuidado com as pessoas e o ambiente e dotados\/as de ricos instrumentais referentes a temas vitais, como educa\u00e7\u00e3o, evangeliza\u00e7\u00e3o, profissionaliza\u00e7\u00e3o e espiritualidade, estabelecem la\u00e7os de profunda amizade com a Amaz\u00f4nia, onde impera a pujan\u00e7a de sua rica sociobiodiversidade.<\/p>\n<p>Padre Justino Rezende lan\u00e7a o livro, \u201cA festa das frutas\u201d, que apresenta uma abordagem antropol\u00f3gica das cerim\u00f4nias rituais protagonizados pelos \u0244t\u00e3pinopona (Tuyuka) do alto rio Negro, noroeste amaz\u00f4nico. O palco dessa festa \u00e9 a regi\u00e3o fronteiri\u00e7a entre Brasil e Col\u00f4mbia, denominada de \u201ctri\u00e2ngulo tukano\u201d, constitu\u00edda pelos distritos de Pari-Cachoeira, Taracu\u00e1 e Iauaret\u00e9, no munic\u00edpio de S\u00e3o Gabriel da Cachoeira, Amazonas \u2013 Brasil.<\/p>\n<p>Os lan\u00e7amentos acontecem hoje quinta-feira (14\/09), \u00e0s 20h30 durante a\u00a0 programa\u00e7\u00e3o do IV Encontro de Ecoteologia e I Semana Teol\u00f3gica e Filos\u00f3fica, em Manaus (AM).<\/p>\n<p>___________<\/p>\n<p>Servi\u00e7o:<\/p>\n<p>Lan\u00e7amento dos Livros: Maristas na Amaz\u00f4nia Cuidando da Vida: Educa\u00e7\u00e3o, Pastoral, Cultura e Ecologia; A Festa das Frutas; Amaz\u00f4nia Sustentabilidade, Encantos e Esperan\u00e7as; e Nuances da Sustentabilidade Vis\u00f5es Fant\u00e1sticas da Amaz\u00f4nia<\/p>\n<p>Quando: 14 de setembro de 2023<\/p>\n<p>Hor\u00e1rio: \u00c0s 20h30<\/p>\n<p>Onde: Faculdade Cat\u00f3lica do Amazonas, em Manaus (AM).<\/p>\n<p>Este conte\u00fado foi distribu\u00eddo pela plataforma SALA DA NOT\u00cdCIA e elaborado\/criado pelo Assessor(a):<br \/>\nU | U<br \/>\nU<\/p>\n<p><img decoding=\"async\" src=\"http:\/\/sosnoticias.cidadenoar.com.br\/wp-content\/uploads\/sites\/16\/2024\/12\/repam-brasil-realiza-lancamento-dos-livros-de-pe-justino-sarmento-ir-sebastiao-ferrarini-e-prof-marcilio-de-freitas.png\" alt=\"\" title=\"\"><\/p>\n","protected":false},"excerpt":{"rendered":"<p>IV Encontro de Ecoteologia e I Semana Teol\u00f3gica e Filos\u00f3fica realiza o lan\u00e7amento dos livros: Maristas na Amaz\u00f4nia Cuidando da Vida: Educa\u00e7\u00e3o, Pastoral, Cultura e Ecologia; A Festa das Frutas; Amaz\u00f4nia Sustentabilidade, Encantos e Esperan\u00e7as; e Nuances da Sustentabilidade Vis\u00f5es Fant\u00e1sticas da Amaz\u00f4nia. Nesta edi\u00e7\u00e3o, durante\u00a0 a programa\u00e7\u00e3o do encontro em Manaus, a RAPAM-Brasil anuncia&#8230;<\/p>\n","protected":false},"author":1,"featured_media":0,"comment_status":"open","ping_status":"closed","sticky":false,"template":"","format":"standard","meta":{"footnotes":""},"categories":[11],"tags":[],"class_list":["post-609","post","type-post","status-publish","format-standard","hentry","category-brasil"],"_links":{"self":[{"href":"https:\/\/cidadenoar.com\/global\/wp-json\/wp\/v2\/posts\/609","targetHints":{"allow":["GET"]}}],"collection":[{"href":"https:\/\/cidadenoar.com\/global\/wp-json\/wp\/v2\/posts"}],"about":[{"href":"https:\/\/cidadenoar.com\/global\/wp-json\/wp\/v2\/types\/post"}],"author":[{"embeddable":true,"href":"https:\/\/cidadenoar.com\/global\/wp-json\/wp\/v2\/users\/1"}],"replies":[{"embeddable":true,"href":"https:\/\/cidadenoar.com\/global\/wp-json\/wp\/v2\/comments?post=609"}],"version-history":[{"count":0,"href":"https:\/\/cidadenoar.com\/global\/wp-json\/wp\/v2\/posts\/609\/revisions"}],"wp:attachment":[{"href":"https:\/\/cidadenoar.com\/global\/wp-json\/wp\/v2\/media?parent=609"}],"wp:term":[{"taxonomy":"category","embeddable":true,"href":"https:\/\/cidadenoar.com\/global\/wp-json\/wp\/v2\/categories?post=609"},{"taxonomy":"post_tag","embeddable":true,"href":"https:\/\/cidadenoar.com\/global\/wp-json\/wp\/v2\/tags?post=609"}],"curies":[{"name":"wp","href":"https:\/\/api.w.org\/{rel}","templated":true}]}}