{"id":610,"date":"2023-09-15T00:00:43","date_gmt":"2023-09-15T03:00:43","guid":{"rendered":"https:\/\/sosnoticias.com.br\/noticia\/5686\/biolab-apoia-encontro-despertando-a-sociedade-para-a-saude-do-cerebro"},"modified":"2024-12-04T20:13:40","modified_gmt":"2024-12-04T23:13:40","slug":"biolab-apoia-encontro-quotdespertando-a-sociedade-para-a-saude-do-cerebroquot","status":"publish","type":"post","link":"https:\/\/cidadenoar.com\/global\/brasil\/biolab-apoia-encontro-quotdespertando-a-sociedade-para-a-saude-do-cerebroquot\/","title":{"rendered":"Biolab apoia encontro &amp;quot;Despertando a Sociedade para a Sa\u00fade do C\u00e9rebro&amp;quot;"},"content":{"rendered":"<div class=\"boxhtml_full\"><\/div>\n<p>Refor\u00e7ando seu compromisso em promover qualidade de vida e tornar a sa\u00fade acess\u00edvel a todos, a Biolab \u00e9 patrocinadora do evento &#8220;Despertando a Sociedade para a Sa\u00fade do C\u00e9rebro&#8221;, que dissemina informa\u00e7\u00f5es atuais e relevantes para a popula\u00e7\u00e3o sobre a Doen\u00e7a de Alzheimer. O encontro \u00e9 aberto ao p\u00fablico e acontece no Teatro Gazeta, em S\u00e3o Paulo, no dia 16 de setembro, das 8h \u00e0s 13h. Com apoio ao evento, a empresa enfatiza a import\u00e2ncia de um olhar integral para os cuidados com a sa\u00fade do c\u00e9rebro ao lado de institui\u00e7\u00f5es que s\u00e3o refer\u00eancia no assunto.<\/p>\n<p>A Biolab, l\u00edder em diferentes especialidades, investe cada vez mais em op\u00e7\u00f5es de tratamentos para patologias que acometem o Sistema Nervoso Central (SNC) e a sa\u00fade mental, buscando formas de levar inova\u00e7\u00e3o por meio de medicamentos que melhorem a qualidade de vida dos pacientes.<\/p>\n<p>A cada dia, mais estudos s\u00e3o conduzidos com o objetivo de entender melhor os transtornos e doen\u00e7as que afetam o SNC. Essas descobertas podem contribuir positivamente e melhorar a qualidade de vida dos pacientes. E para a Biolab, estar ao lado das entidades apoiando a\u00e7\u00f5es como o \u2018Despertando a Sociedade para a Sa\u00fade do C\u00e9rebro\u2019 \u00e9 mais uma forma de ajudar a construir um caminho para que a popula\u00e7\u00e3o tenha longevidade e possa aproveit\u00e1-la da melhor forma.<\/p>\n<p>Com a participa\u00e7\u00e3o de pesquisadores e especialistas de refer\u00eancia nas \u00e1reas de neurologia cognitiva, gerontologia, neuropsicologia e sa\u00fade p\u00fablica, o evento contar\u00e1 com palestras, workshops e atividades interativas, al\u00e9m de informa\u00e7\u00f5es sobre as doen\u00e7as neurol\u00f3gicas. Para participar, inscreva-se no site: <a href=\"https:\/\/cadastro.metodosupera.com.br\/lp-2023-despertando-a-sociedade-5-edicao\" target=\"_blank\" rel=\"noopener\">https:\/\/cadastro.metodosupera.com.br\/lp-2023-despertando-a-sociedade-5-edicao<\/a>.<\/p>\n<p><b>Sobre a Biolab<\/b><\/p>\n<p>Promover um futuro com mais qualidade de vida requer uma busca incans\u00e1vel por tratamentos seguros e inovadores. Por isso, a Biolab, ind\u00fastria farmac\u00eautica brasileira fundada em 1997 e com presen\u00e7a internacional, investe em pesquisas para superar os crescentes desafios da sa\u00fade.<\/p>\n<p>Com nossos mais de 3.800 colaboradores e a 4\u00aa maior For\u00e7a de Vendas do Brasil, estamos entre as maiores farmac\u00eauticas do pa\u00eds, com lideran\u00e7a na cardiologia e atua\u00e7\u00e3o relevante em demais especialidades, como dermatologia, ginecologia, ortopedia, gastroenterologia, pediatria, cl\u00ednica m\u00e9dica e sistema nervoso central. Nossas linhas de neg\u00f3cio Biolab Gen\u00e9ricos, Avert Humana e Avert Sa\u00fade Animal contribuem com o nosso portf\u00f3lio de mais de 500 produtos. Todos com a qualidade e a confian\u00e7a que s\u00f3 a Biolab tem.<\/p>\n<p>Estamos em crescimento constante. S\u00e3o tr\u00eas unidades de produ\u00e7\u00e3o, al\u00e9m de um moderno complexo fabril em constru\u00e7\u00e3o. E n\u00e3o paramos por a\u00ed: no Canad\u00e1, somos a 1\u00aa farmac\u00eautica brasileira com um Centro de pesquisas e adquirimos a empresa Exzell Pharma para expandir nossa internacionaliza\u00e7\u00e3o. Juntos, estamos construindo o futuro.<\/p>\n<p>Viva a evolu\u00e7\u00e3o!<\/p>\n<p>Saiba mais em <a href=\"http:\/\/www.biolabfarma.com.br\" target=\"_blank\" rel=\"noopener\">www.biolabfarma.com.br<\/a> e nas nossas redes sociais @biolabfarmaceutica<\/p>\n<p>Este conte\u00fado foi distribu\u00eddo pela plataforma SALA DA NOT\u00cdCIA e elaborado\/criado pelo Assessor(a):<br \/>\nU | U<br \/>\nU<\/p>\n<p><img decoding=\"async\" src=\"http:\/\/sosnoticias.cidadenoar.com.br\/wp-content\/uploads\/sites\/16\/2024\/12\/biolab-apoia-encontro-quotdespertando-a-sociedade-para-a-saude-do-cerebroquot.png\" alt=\"\" title=\"\"><\/p>\n","protected":false},"excerpt":{"rendered":"<p>Refor\u00e7ando seu compromisso em promover qualidade de vida e tornar a sa\u00fade acess\u00edvel a todos, a Biolab \u00e9 patrocinadora do evento &#8220;Despertando a Sociedade para a Sa\u00fade do C\u00e9rebro&#8221;, que dissemina informa\u00e7\u00f5es atuais e relevantes para a popula\u00e7\u00e3o sobre a Doen\u00e7a de Alzheimer. O encontro \u00e9 aberto ao p\u00fablico e acontece no Teatro Gazeta, em&#8230;<\/p>\n","protected":false},"author":1,"featured_media":0,"comment_status":"open","ping_status":"closed","sticky":false,"template":"","format":"standard","meta":{"footnotes":""},"categories":[11],"tags":[],"class_list":["post-610","post","type-post","status-publish","format-standard","hentry","category-brasil"],"_links":{"self":[{"href":"https:\/\/cidadenoar.com\/global\/wp-json\/wp\/v2\/posts\/610","targetHints":{"allow":["GET"]}}],"collection":[{"href":"https:\/\/cidadenoar.com\/global\/wp-json\/wp\/v2\/posts"}],"about":[{"href":"https:\/\/cidadenoar.com\/global\/wp-json\/wp\/v2\/types\/post"}],"author":[{"embeddable":true,"href":"https:\/\/cidadenoar.com\/global\/wp-json\/wp\/v2\/users\/1"}],"replies":[{"embeddable":true,"href":"https:\/\/cidadenoar.com\/global\/wp-json\/wp\/v2\/comments?post=610"}],"version-history":[{"count":0,"href":"https:\/\/cidadenoar.com\/global\/wp-json\/wp\/v2\/posts\/610\/revisions"}],"wp:attachment":[{"href":"https:\/\/cidadenoar.com\/global\/wp-json\/wp\/v2\/media?parent=610"}],"wp:term":[{"taxonomy":"category","embeddable":true,"href":"https:\/\/cidadenoar.com\/global\/wp-json\/wp\/v2\/categories?post=610"},{"taxonomy":"post_tag","embeddable":true,"href":"https:\/\/cidadenoar.com\/global\/wp-json\/wp\/v2\/tags?post=610"}],"curies":[{"name":"wp","href":"https:\/\/api.w.org\/{rel}","templated":true}]}}