{"id":611,"date":"2023-09-15T00:00:43","date_gmt":"2023-09-15T03:00:43","guid":{"rendered":"https:\/\/sosnoticias.com.br\/noticia\/5685\/carreta-solidaria-que-prepara-refeicoes-e-lava-roupas-chega-ao-rs-nesta-quinta-feira"},"modified":"2024-12-04T20:13:23","modified_gmt":"2024-12-04T23:13:23","slug":"carreta-solidaria-que-prepara-refeicoes-e-lava-roupas-chega-ao-rs-nesta-quinta-feira","status":"publish","type":"post","link":"https:\/\/cidadenoar.com\/global\/brasil\/carreta-solidaria-que-prepara-refeicoes-e-lava-roupas-chega-ao-rs-nesta-quinta-feira\/","title":{"rendered":"Carreta solid\u00e1ria que prepara refei\u00e7\u00f5es e lava roupas chega ao RS nesta quinta-feira"},"content":{"rendered":"<div class=\"boxhtml_full\"><\/div>\n<p>Nesta quinta-feira (14), chega \u00e0 regi\u00e3o afetada pelas chuvas no Rio Grande do Sul a Carreta Solid\u00e1ria da Ag\u00eancia Adventista de Desenvolvimento e Recursos Assistenciais (ADRA). A unidade m\u00f3vel tem capacidade para preparar 4.500 refei\u00e7\u00f5es por dia, lavar at\u00e9 meia tonelada de roupas e oferecer atendimento psicol\u00f3gico \u00e0 comunidade. A carreta ficar\u00e1 em Mu\u00e7um, na Avenida Borges de Medeiros, 650, e os atendimentos gratuitos come\u00e7am ainda hoje, a partir das 16h.<\/p>\n<p>Nos \u00faltimos seis anos, a carreta solid\u00e1ria passou por dezenas de cidades brasileiras. Percorrendo as estradas do pa\u00eds, serviu mais de 200 mil refei\u00e7\u00f5es e lavou mais de 200 toneladas de roupas.<\/p>\n<p>Em Mu\u00e7um, inicialmente, a carreta fornecer\u00e1 refei\u00e7\u00f5es simples di\u00e1rias, como sopa, e at\u00e9 mesmo refei\u00e7\u00f5es completas com arroz, feij\u00e3o e prote\u00edna, al\u00e9m de lavar roupas e cobertores.<\/p>\n<p>A ag\u00eancia destaca que essa a\u00e7\u00e3o \u00e9 poss\u00edvel gra\u00e7as ao empenho das pessoas que realizam doa\u00e7\u00f5es.<\/p>\n<p><strong>Refor\u00e7o<\/strong><\/p>\n<p>No s\u00e1bado, aproximadamente 300 volunt\u00e1rios da ADRA atuaram na regi\u00e3o, com atividades programadas para toda a semana. A ADRA tem colaborado diretamente com a Defesa Civil, o corpo de bombeiros e demais autoridades locais, tornando-se um ponto de refer\u00eancia em aux\u00edlio \u00e0 regi\u00e3o. Como parte de uma a\u00e7\u00e3o imediata, a ADRA mobilizou recursos pr\u00f3prios para fornecer kits de limpeza e colch\u00f5es \u00e0s fam\u00edlias mais afetadas, al\u00e9m de \u00e1gua pot\u00e1vel.<\/p>\n<p>Desde domingo, 10, a ADRA Brasil conta com refor\u00e7o internacional, uma vez que a unidade m\u00f3vel do Uruguai j\u00e1 atua na cidade de Encantado.<\/p>\n<p><strong>Como ajudar?<\/strong><\/p>\n<p>Quem deseja contribuir com as a\u00e7\u00f5es da ADRA Brasil no Rio Grande do Sul pode fazer doa\u00e7\u00f5es via PIX pela chave <a class=\"__cf_email__\" href=\"https:\/\/sosnoticias.com.br\/cdn-cgi\/l\/email-protection\" data-cfemail=\"85e0e8e0f7e2e0ebe6ece4f6c5e4e1f7e4abeaf7e2abe7f7\" target=\"_blank\" rel=\"noopener\">[email\u00a0protected]<\/a> ou com cart\u00e3o de cr\u00e9dito pelo link: https:\/\/doacoes.adra.org.br\/SOS\/people\/new.<\/p>\n<p><strong>Como funciona?<\/strong><\/p>\n<p>O caminh\u00e3o adaptado, com 45 m\u00b2 de \u00e1rea \u00fatil, est\u00e1 dividido em tr\u00eas compartimentos: o primeiro \u00e9 destinado ao preparo de alimenta\u00e7\u00e3o quente, com capacidade para at\u00e9 1.500 refei\u00e7\u00f5es por turno; o segundo para lavagem e secagem de roupas, podendo entregar at\u00e9 500 quilos de roupa limpa por dia; e o terceiro \u00e9 voltado ao apoio psicol\u00f3gico.<\/p>\n<p>Este conte\u00fado foi distribu\u00eddo pela plataforma SALA DA NOT\u00cdCIA e elaborado\/criado pelo Assessor(a):<br \/>\nU | U<br \/>\nU<\/p>\n<p><img decoding=\"async\" src=\"http:\/\/sosnoticias.cidadenoar.com.br\/wp-content\/uploads\/sites\/16\/2024\/12\/carreta-solidaria-que-prepara-refeicoes-e-lava-roupas-chega-ao-rs-nesta-quinta-feira.jpg\" alt=\"\" title=\"\"><\/p>\n","protected":false},"excerpt":{"rendered":"<p>Nesta quinta-feira (14), chega \u00e0 regi\u00e3o afetada pelas chuvas no Rio Grande do Sul a Carreta Solid\u00e1ria da Ag\u00eancia Adventista de Desenvolvimento e Recursos Assistenciais (ADRA). A unidade m\u00f3vel tem capacidade para preparar 4.500 refei\u00e7\u00f5es por dia, lavar at\u00e9 meia tonelada de roupas e oferecer atendimento psicol\u00f3gico \u00e0 comunidade. A carreta ficar\u00e1 em Mu\u00e7um, na&#8230;<\/p>\n","protected":false},"author":1,"featured_media":0,"comment_status":"open","ping_status":"closed","sticky":false,"template":"","format":"standard","meta":{"footnotes":""},"categories":[11],"tags":[],"class_list":["post-611","post","type-post","status-publish","format-standard","hentry","category-brasil"],"_links":{"self":[{"href":"https:\/\/cidadenoar.com\/global\/wp-json\/wp\/v2\/posts\/611","targetHints":{"allow":["GET"]}}],"collection":[{"href":"https:\/\/cidadenoar.com\/global\/wp-json\/wp\/v2\/posts"}],"about":[{"href":"https:\/\/cidadenoar.com\/global\/wp-json\/wp\/v2\/types\/post"}],"author":[{"embeddable":true,"href":"https:\/\/cidadenoar.com\/global\/wp-json\/wp\/v2\/users\/1"}],"replies":[{"embeddable":true,"href":"https:\/\/cidadenoar.com\/global\/wp-json\/wp\/v2\/comments?post=611"}],"version-history":[{"count":0,"href":"https:\/\/cidadenoar.com\/global\/wp-json\/wp\/v2\/posts\/611\/revisions"}],"wp:attachment":[{"href":"https:\/\/cidadenoar.com\/global\/wp-json\/wp\/v2\/media?parent=611"}],"wp:term":[{"taxonomy":"category","embeddable":true,"href":"https:\/\/cidadenoar.com\/global\/wp-json\/wp\/v2\/categories?post=611"},{"taxonomy":"post_tag","embeddable":true,"href":"https:\/\/cidadenoar.com\/global\/wp-json\/wp\/v2\/tags?post=611"}],"curies":[{"name":"wp","href":"https:\/\/api.w.org\/{rel}","templated":true}]}}