{"id":6118,"date":"2025-10-15T15:55:00","date_gmt":"2025-10-15T18:55:00","guid":{"rendered":"https:\/\/cidadenoar.com\/?p=6118"},"modified":"2025-10-16T09:49:13","modified_gmt":"2025-10-16T12:49:13","slug":"bispo-bruno-leonardo-realiza-acao-especial-do-dia-das-criancas-e-leva-amor-e-esperanca-a-comunidades-carentes","status":"publish","type":"post","link":"https:\/\/cidadenoar.com\/global\/geral\/bispo-bruno-leonardo-realiza-acao-especial-do-dia-das-criancas-e-leva-amor-e-esperanca-a-comunidades-carentes\/","title":{"rendered":"Bispo Bruno Leonardo realiza a\u00e7\u00e3o especial do Dia das Crian\u00e7as e leva amor e esperan\u00e7a a comunidades carentes"},"content":{"rendered":"\n<p>O \u00faltimo domingo, 12 de outubro, foi marcado por um dia repleto de sorrisos, f\u00e9 e solidariedade. O Bispo Bruno Leonardo, conhecido por seu minist\u00e9rio dedicado ao amor ao pr\u00f3ximo e \u00e0 compaix\u00e3o, realizou mais uma edi\u00e7\u00e3o da tradicional festa do Dia das Crian\u00e7as, uma a\u00e7\u00e3o social que tem transformado vidas e se consolidado como um verdadeiro s\u00edmbolo de generosidade e f\u00e9 em a\u00e7\u00e3o.<\/p>\n\n\n\n<p>Com o cora\u00e7\u00e3o cheio de gratid\u00e3o, o bispo e sua equipe prepararam uma celebra\u00e7\u00e3o inesquec\u00edvel voltada para crian\u00e7as em situa\u00e7\u00e3o de vulnerabilidade social. A iniciativa levou n\u00e3o apenas brinquedos e alimentos, mas tamb\u00e9m mensagens de esperan\u00e7a, carinho e a presen\u00e7a do amor de Deus em cada detalhe. \u201cFoi um dia de muita alegria. Compramos muitos brinquedos para alegrar o cora\u00e7\u00e3o dos nossos pequeninos\u201d, celebrou o Bispo em v\u00eddeo publicado nas redes sociais.<\/p>\n\n\n<div class=\"wp-block-image\">\n<figure class=\"aligncenter size-full\"><img fetchpriority=\"high\" decoding=\"async\" width=\"502\" height=\"620\" src=\"http:\/\/cidadenoar.com\/wp-content\/uploads\/sites\/22\/2025\/10\/WhatsApp-Image-2025-10-16-at-09.15.35.jpeg\" alt=\"\" class=\"wp-image-6120\" title=\"\" srcset=\"https:\/\/cidadenoar.com\/global\/wp-content\/uploads\/sites\/22\/2025\/10\/WhatsApp-Image-2025-10-16-at-09.15.35.jpeg 502w, https:\/\/cidadenoar.com\/global\/wp-content\/uploads\/sites\/22\/2025\/10\/WhatsApp-Image-2025-10-16-at-09.15.35-243x300.jpeg 243w\" sizes=\"(max-width: 502px) 100vw, 502px\" \/><\/figure>\n<\/div>\n\n\n<p>Durante as semanas que antecederam o evento, o minist\u00e9rio se mobilizou intensamente. Volunt\u00e1rios participaram de mutir\u00f5es de arrecada\u00e7\u00e3o, organiza\u00e7\u00e3o e empacotamento dos presentes, demonstrando o poder da uni\u00e3o e da f\u00e9. Centenas de brinquedos novos foram adquiridos e separados com muito cuidado, bonecas, carrinhos, bolas, pel\u00facias, jogos educativos e tantos outros itens pensados para diferentes idades. Cada presente carregava a inten\u00e7\u00e3o de proporcionar n\u00e3o apenas divers\u00e3o, mas tamb\u00e9m um gesto de amor e dignidade \u00e0s crian\u00e7as atendidas.<\/p>\n\n\n\n<p>No dia da a\u00e7\u00e3o, a festa tomou conta de diversas comunidades carentes, reunindo meninos e meninas que, muitas vezes, n\u00e3o teriam condi\u00e7\u00f5es de comemorar a data. Al\u00e9m da entrega dos brinquedos, as crian\u00e7as participaram de momentos de louvor, brincadeiras e atividades interativas, sempre acompanhadas por uma atmosfera de alegria e f\u00e9. O Bispo Bruno Leonardo tamb\u00e9m compartilhou uma mensagem de f\u00e9 e valoriza\u00e7\u00e3o da inf\u00e2ncia, destacando que o cuidado com os pequenos \u00e9 uma forma de honrar o pr\u00f3prio Cristo.<\/p>\n\n\n\n<p>As m\u00e3es das crian\u00e7as tamb\u00e9m foram acolhidas e receberam cestas b\u00e1sicas, refor\u00e7ando o compromisso do minist\u00e9rio n\u00e3o apenas com o aux\u00edlio material, mas com o fortalecimento espiritual e emocional das fam\u00edlias. Para o Bispo, cada gesto de solidariedade \u00e9 uma oportunidade de demonstrar o verdadeiro Evangelho na pr\u00e1tica: \u201cQuando a gente estende a m\u00e3o, a gente revela o amor de Cristo. \u00c9 isso que o Evangelho nos ensina\u201d, afirmou emocionado.<\/p>\n\n\n<div class=\"wp-block-image\">\n<figure class=\"aligncenter size-full\"><img decoding=\"async\" width=\"505\" height=\"631\" src=\"http:\/\/cidadenoar.com\/wp-content\/uploads\/sites\/22\/2025\/10\/WhatsApp-Image-2025-10-16-at-09.19.36.jpeg\" alt=\"\" class=\"wp-image-6121\" title=\"\" srcset=\"https:\/\/cidadenoar.com\/global\/wp-content\/uploads\/sites\/22\/2025\/10\/WhatsApp-Image-2025-10-16-at-09.19.36.jpeg 505w, https:\/\/cidadenoar.com\/global\/wp-content\/uploads\/sites\/22\/2025\/10\/WhatsApp-Image-2025-10-16-at-09.19.36-240x300.jpeg 240w\" sizes=\"(max-width: 505px) 100vw, 505px\" \/><\/figure>\n<\/div>\n\n\n<p>Mais uma vez, o Dia das Crian\u00e7as se transformou em uma celebra\u00e7\u00e3o da solidariedade, da f\u00e9 e da empatia, deixando uma marca de amor nas comunidades alcan\u00e7adas. A Ele, toda honra, toda gl\u00f3ria e todo louvor!<\/p>\n\n\n\n<p>Acompanhe o Bispo nas redes sociais: @<a href=\"https:\/\/www.instagram.com\/bispobrunoleonardo\/#\" target=\"_blank\" rel=\"noopener\">bispobrunoleonardo<\/a><\/p>\n\n\n\n<p><\/p>\n","protected":false},"excerpt":{"rendered":"<p>O \u00faltimo domingo, 12 de outubro, foi marcado por um dia repleto de sorrisos, f\u00e9 e solidariedade. O Bispo Bruno Leonardo, conhecido por seu minist\u00e9rio dedicado ao amor ao pr\u00f3ximo e \u00e0 compaix\u00e3o, realizou mais uma edi\u00e7\u00e3o da tradicional festa do Dia das Crian\u00e7as, uma a\u00e7\u00e3o social que tem transformado vidas e se consolidado como&#8230;<\/p>\n","protected":false},"author":20,"featured_media":6122,"comment_status":"open","ping_status":"open","sticky":false,"template":"","format":"standard","meta":{"footnotes":""},"categories":[1],"tags":[],"class_list":["post-6118","post","type-post","status-publish","format-standard","has-post-thumbnail","hentry","category-geral"],"_links":{"self":[{"href":"https:\/\/cidadenoar.com\/global\/wp-json\/wp\/v2\/posts\/6118","targetHints":{"allow":["GET"]}}],"collection":[{"href":"https:\/\/cidadenoar.com\/global\/wp-json\/wp\/v2\/posts"}],"about":[{"href":"https:\/\/cidadenoar.com\/global\/wp-json\/wp\/v2\/types\/post"}],"author":[{"embeddable":true,"href":"https:\/\/cidadenoar.com\/global\/wp-json\/wp\/v2\/users\/20"}],"replies":[{"embeddable":true,"href":"https:\/\/cidadenoar.com\/global\/wp-json\/wp\/v2\/comments?post=6118"}],"version-history":[{"count":1,"href":"https:\/\/cidadenoar.com\/global\/wp-json\/wp\/v2\/posts\/6118\/revisions"}],"predecessor-version":[{"id":6123,"href":"https:\/\/cidadenoar.com\/global\/wp-json\/wp\/v2\/posts\/6118\/revisions\/6123"}],"wp:featuredmedia":[{"embeddable":true,"href":"https:\/\/cidadenoar.com\/global\/wp-json\/wp\/v2\/media\/6122"}],"wp:attachment":[{"href":"https:\/\/cidadenoar.com\/global\/wp-json\/wp\/v2\/media?parent=6118"}],"wp:term":[{"taxonomy":"category","embeddable":true,"href":"https:\/\/cidadenoar.com\/global\/wp-json\/wp\/v2\/categories?post=6118"},{"taxonomy":"post_tag","embeddable":true,"href":"https:\/\/cidadenoar.com\/global\/wp-json\/wp\/v2\/tags?post=6118"}],"curies":[{"name":"wp","href":"https:\/\/api.w.org\/{rel}","templated":true}]}}