{"id":612,"date":"2023-09-15T00:00:43","date_gmt":"2023-09-15T03:00:43","guid":{"rendered":"https:\/\/sosnoticias.com.br\/noticia\/5684\/porto-alegre-recebe-a-mostra-ecofalante-de-cinema"},"modified":"2024-12-04T20:13:34","modified_gmt":"2024-12-04T23:13:34","slug":"porto-alegre-recebe-a-mostra-ecofalante-de-cinema","status":"publish","type":"post","link":"https:\/\/cidadenoar.com\/global\/brasil\/porto-alegre-recebe-a-mostra-ecofalante-de-cinema\/","title":{"rendered":"Porto Alegre recebe a Mostra Ecofalante de Cinema"},"content":{"rendered":"<p><small id=\"v_data\">14\/09\/2023 \u00e0s 17h36min &#8211; Atualizada em 15\/09\/2023 \u00e0s 00h00min<\/small><\/p>\n<h4>de 14 a 20 de setembro<\/h4>\n<p>Atti Comunicacao<\/p>\n<p><small class=\"small\">Ecofalante<\/small><\/p>\n<div id=\"texto_release_format\">\n<div class=\"boxhtml_full\"><\/div>\n<p>Entre os dias\u00a0<u>14 e 20 de setembro, a cidade de Porto Alegre receber\u00e1 a itiner\u00e2ncia da 12\u00aa edi\u00e7\u00e3o da Mostra Ecofalante de Cinema,<\/u>\u00a0considerada como o mais importante evento audiovisual da Am\u00e9rica do Sul dedicado \u00e0s tem\u00e1ticas socioambientais. As exibi\u00e7\u00f5es de filmes acontecer\u00e3o na Cinemateca Capit\u00f3lio.<\/p>\n<div>Totalmente gratuita, a programa\u00e7\u00e3o contar\u00e1 com a exibi\u00e7\u00e3o de 18 filmes, incluindo obras premiadas em festivais nacionais e internacionais, destaques da edi\u00e7\u00e3o mais recente da Mostra Ecofalante em S\u00e3o Paulo e uma sess\u00e3o para o p\u00fablico infanto-juvenil. Tamb\u00e9m integra o evento um debate promovido pela Associa\u00e7\u00e3o Amigos da Cinemateca em torno do filme &#8220;I Heard It Through the Grapevine&#8221;, de Dick Fontaine e Pat Harley, no s\u00e1bado (16\/09), \u00e0s 19h.A abertura do evento ocorre na quarta-feira, 14\/09,\u00a0 \u00e0s 19h. Na ocasi\u00e3o, ser\u00e1 exibido o filme \u201cA Inven\u00e7\u00e3o do Outro\u201d, de Bruno Jorge, \u00faltimo vencedor do Festival de Cinema de Bras\u00edlia e que obteve os pr\u00eamios de j\u00fari e de p\u00fablico na 12\u00aa Mostra Ecofalante, realizada em S\u00e3o Paulo no m\u00eas de junho. O document\u00e1rio retrata a maior expedi\u00e7\u00e3o das \u00faltimas d\u00e9cadas na Amaz\u00f4nia realizada pela Funai e liderada pelo indigenista Bruno Pereira para tentar encontrar e estabelecer o primeiro contato com um grupo de ind\u00edgenas isolados da etnia dos Korubos, em estado de vulnerabilidade.<\/p>\n<p>A programa\u00e7\u00e3o completa da Mostra Ecofalante em Porto Alegre poder\u00e1 ser acessada em breve no site\u00a0<a href=\"https:\/\/ecofalante.org.br\/programacao\" target=\"_blank\" rel=\"noopener\" data-saferedirecturl=\"https:\/\/www.google.com\/url?q=https:\/\/ecofalante.org.br\/programacao&amp;source=gmail&amp;ust=1694809636220000&amp;usg=AOvVaw1bl84vaYZtm3HuDPMnsa15\">ecofalante.org.br\/programacao<\/a>.\n<\/div>\n<p>Este conte\u00fado foi distribu\u00eddo pela plataforma SALA DA NOT\u00cdCIA e elaborado\/criado pelo Assessor(a):<br \/>\nU | U<br \/>\nU<\/p>\n<\/div>\n<p><img decoding=\"async\" src=\"http:\/\/sosnoticias.cidadenoar.com.br\/wp-content\/uploads\/sites\/16\/2024\/12\/porto-alegre-recebe-a-mostra-ecofalante-de-cinema.png\" alt=\"\" title=\"\"><\/p>\n","protected":false},"excerpt":{"rendered":"<p>14\/09\/2023 \u00e0s 17h36min &#8211; Atualizada em 15\/09\/2023 \u00e0s 00h00min de 14 a 20 de setembro Atti Comunicacao Ecofalante Entre os dias\u00a014 e 20 de setembro, a cidade de Porto Alegre receber\u00e1 a itiner\u00e2ncia da 12\u00aa edi\u00e7\u00e3o da Mostra Ecofalante de Cinema,\u00a0considerada como o mais importante evento audiovisual da Am\u00e9rica do Sul dedicado \u00e0s tem\u00e1ticas socioambientais&#8230;.<\/p>\n","protected":false},"author":1,"featured_media":0,"comment_status":"open","ping_status":"closed","sticky":false,"template":"","format":"standard","meta":{"footnotes":""},"categories":[11],"tags":[],"class_list":["post-612","post","type-post","status-publish","format-standard","hentry","category-brasil"],"_links":{"self":[{"href":"https:\/\/cidadenoar.com\/global\/wp-json\/wp\/v2\/posts\/612","targetHints":{"allow":["GET"]}}],"collection":[{"href":"https:\/\/cidadenoar.com\/global\/wp-json\/wp\/v2\/posts"}],"about":[{"href":"https:\/\/cidadenoar.com\/global\/wp-json\/wp\/v2\/types\/post"}],"author":[{"embeddable":true,"href":"https:\/\/cidadenoar.com\/global\/wp-json\/wp\/v2\/users\/1"}],"replies":[{"embeddable":true,"href":"https:\/\/cidadenoar.com\/global\/wp-json\/wp\/v2\/comments?post=612"}],"version-history":[{"count":0,"href":"https:\/\/cidadenoar.com\/global\/wp-json\/wp\/v2\/posts\/612\/revisions"}],"wp:attachment":[{"href":"https:\/\/cidadenoar.com\/global\/wp-json\/wp\/v2\/media?parent=612"}],"wp:term":[{"taxonomy":"category","embeddable":true,"href":"https:\/\/cidadenoar.com\/global\/wp-json\/wp\/v2\/categories?post=612"},{"taxonomy":"post_tag","embeddable":true,"href":"https:\/\/cidadenoar.com\/global\/wp-json\/wp\/v2\/tags?post=612"}],"curies":[{"name":"wp","href":"https:\/\/api.w.org\/{rel}","templated":true}]}}