{"id":6132,"date":"2025-10-16T18:15:16","date_gmt":"2025-10-16T21:15:16","guid":{"rendered":"https:\/\/cidadenoar.com\/?p=6132"},"modified":"2025-10-16T18:15:20","modified_gmt":"2025-10-16T21:15:20","slug":"green-espetaculo-natalino-retorna-aos-palcos-em-novembro-na-capital-catarinense","status":"publish","type":"post","link":"https:\/\/cidadenoar.com\/global\/cultura-lazer\/green-espetaculo-natalino-retorna-aos-palcos-em-novembro-na-capital-catarinense\/","title":{"rendered":"Green, espet\u00e1culo natalino retorna aos palcos em novembro na capital catarinense"},"content":{"rendered":"\n<p>O mist\u00e9rio acabou! Ap\u00f3s suspense nas redes sociais, est\u00e3o oficialmente abertas as vendas de ingressos para o espet\u00e1culo \u201cGreen e o Presente de Natal\u201d, que retorna aos palcos em novembro para mais uma temporada m\u00e1gica e emocionante. A pe\u00e7a ser\u00e1 apresentada no Teatro Ademir Rosa (CIC), em Florian\u00f3polis no dia 30 de novembro, em duas sess\u00f5es: \u00e0s 15h e \u00e0s 18h. O espet\u00e1culo promete encantar p\u00fablicos de todas as idades com m\u00fasica ao vivo, personagens marcantes e muitas surpresas.<\/p>\n\n\n\n<p>Idealizado por Helton Luiz, que tamb\u00e9m interpreta o protagonista Green, o espet\u00e1culo j\u00e1 se firmou como um dos destaques do calend\u00e1rio cultural de fim de ano em Santa Catarina. A trama une humor, emo\u00e7\u00e3o e mensagens inspiradoras sobre o verdadeiro esp\u00edrito do Natal. Ao lado de Green, o ic\u00f4nico Papai Noel, vivido por Nelson F\u00e9lix, retorna com todo o carisma e sensibilidade que j\u00e1 conquistaram os catarinenses nas edi\u00e7\u00f5es anteriores.<\/p>\n\n\n\n<p>&#8220;<em>No ano passado, muita gente n\u00e3o conseguiu assistir. Em Conc\u00f3rdia, os ingressos esgotaram e cerca de 70 pessoas tiveram que voltar pra casa, o teatro j\u00e1 n\u00e3o comportava mais ningu\u00e9m. No CIC, foi preciso abrir uma sess\u00e3o extra. Ent\u00e3o, como voc\u00eas pediram&#8230; estamos de volta! Acredito que todos merecem se emocionar com essa criaturinha verde, com o Papai Noel, os Elfos e, claro, a nossa banda que executa as m\u00fasicas ao vivo<\/em>&#8220;, afirma Helton.<\/p>\n\n\n\n<p>Na trilha sonora ao vivo, destaque para a cantora Manoela Balan, refer\u00eancia na cena musical catarinense, com passagens pela Camerata Florian\u00f3polis e pela banda Freakout. Ela estar\u00e1 acompanhada por seus \u201celfos m\u00fasicos\u201d, com m\u00fasicas numa pegada de rock\u2019n roll e muita personalidade. A dire\u00e7\u00e3o musical \u00e9 do pr\u00f3prio Gui Tonial, e as coreografias levam a assinatura do talentoso Jamil Vigano.<\/p>\n\n\n\n<p>A montagem da pe\u00e7a tamb\u00e9m reafirma seu compromisso com a inclus\u00e3o e acessibilidade, mantendo a interpreta\u00e7\u00e3o em Libras em todas as sess\u00f5es, um diferencial que amplia a experi\u00eancia para toda a plateia, tornando o espet\u00e1culo ainda mais acolhedor e inesquec\u00edvel.<\/p>\n\n\n\n<p>Depois do sucesso absoluto de p\u00fablico nas edi\u00e7\u00f5es anteriores, a expectativa \u00e9 de sess\u00f5es esgotadas. Por isso, a produ\u00e7\u00e3o recomenda a compra antecipada dos ingressos, que j\u00e1 est\u00e3o dispon\u00edveis na plataforma Pensa no Evento.<\/p>\n\n\n\n<p>\u201cGreen e o Presente de Natal\u201d \u00e9 uma produ\u00e7\u00e3o independente, com apoio de Ibagy Im\u00f3veis, Supermercados Imperatriz, Brasil Atacadista e Escritol\u00e2ndia.<\/p>\n\n\n\n<p><strong><u>SERVI\u00c7O: \u201cGREEN E O PRESENTE DE NATAL\u201d<\/u><\/strong><\/p>\n\n\n\n<p><strong>DATA<\/strong>: 30 de novembro de 2025 (domingo)<\/p>\n\n\n\n<p><strong>LOCAL<\/strong>: Teatro Ademir Rosa (CIC)<\/p>\n\n\n\n<p><strong>SESS\u00d5ES<\/strong>: 15h e 18h<\/p>\n\n\n\n<p><strong>INGRESSOS<\/strong>:&nbsp;<a href=\"http:\/\/pensanoevento.com.br\/\" target=\"_blank\" rel=\"noreferrer noopener\">pensanoevento.com.br<\/a><\/p>\n\n\n\n<p><strong>INFORMA\u00c7\u00d5ES<\/strong>: @eusougreen<\/p>\n","protected":false},"excerpt":{"rendered":"<p>Com duas sess\u00f5es, elenco consagrado e trilha sonora ao vivo, pe\u00e7a promete encantar o p\u00fablico mais uma vez<\/p>\n","protected":false},"author":23,"featured_media":6133,"comment_status":"open","ping_status":"open","sticky":false,"template":"","format":"standard","meta":{"footnotes":""},"categories":[360],"tags":[727],"class_list":["post-6132","post","type-post","status-publish","format-standard","has-post-thumbnail","hentry","category-cultura-lazer","tag-green"],"_links":{"self":[{"href":"https:\/\/cidadenoar.com\/global\/wp-json\/wp\/v2\/posts\/6132","targetHints":{"allow":["GET"]}}],"collection":[{"href":"https:\/\/cidadenoar.com\/global\/wp-json\/wp\/v2\/posts"}],"about":[{"href":"https:\/\/cidadenoar.com\/global\/wp-json\/wp\/v2\/types\/post"}],"author":[{"embeddable":true,"href":"https:\/\/cidadenoar.com\/global\/wp-json\/wp\/v2\/users\/23"}],"replies":[{"embeddable":true,"href":"https:\/\/cidadenoar.com\/global\/wp-json\/wp\/v2\/comments?post=6132"}],"version-history":[{"count":2,"href":"https:\/\/cidadenoar.com\/global\/wp-json\/wp\/v2\/posts\/6132\/revisions"}],"predecessor-version":[{"id":6135,"href":"https:\/\/cidadenoar.com\/global\/wp-json\/wp\/v2\/posts\/6132\/revisions\/6135"}],"wp:featuredmedia":[{"embeddable":true,"href":"https:\/\/cidadenoar.com\/global\/wp-json\/wp\/v2\/media\/6133"}],"wp:attachment":[{"href":"https:\/\/cidadenoar.com\/global\/wp-json\/wp\/v2\/media?parent=6132"}],"wp:term":[{"taxonomy":"category","embeddable":true,"href":"https:\/\/cidadenoar.com\/global\/wp-json\/wp\/v2\/categories?post=6132"},{"taxonomy":"post_tag","embeddable":true,"href":"https:\/\/cidadenoar.com\/global\/wp-json\/wp\/v2\/tags?post=6132"}],"curies":[{"name":"wp","href":"https:\/\/api.w.org\/{rel}","templated":true}]}}