{"id":620,"date":"2023-09-13T00:02:34","date_gmt":"2023-09-13T03:02:34","guid":{"rendered":"https:\/\/sosnoticias.com.br\/noticia\/5674\/metrite-em-vacas-impacta-na-reproducao-leiteira-e-requer-atencao-dos-pecuaristas"},"modified":"2024-12-04T20:14:22","modified_gmt":"2024-12-04T23:14:22","slug":"metrite-em-vacas-impacta-na-reproducao-leiteira-e-requer-atencao-dos-pecuaristas","status":"publish","type":"post","link":"https:\/\/cidadenoar.com\/global\/brasil\/metrite-em-vacas-impacta-na-reproducao-leiteira-e-requer-atencao-dos-pecuaristas\/","title":{"rendered":"Metrite em vacas impacta na reprodu\u00e7\u00e3o leiteira e requer aten\u00e7\u00e3o dos pecuaristas"},"content":{"rendered":"<div class=\"boxhtml_full\"><\/div>\n<p>A metrite \u00e9 uma condi\u00e7\u00e3o inflamat\u00f3ria que afeta o endom\u00e9trio &#8211; revestimento interno do \u00fatero. Essa inflama\u00e7\u00e3o pode ser causada por diferentes fatores, como traumas durante o parto, infec\u00e7\u00f5es bacterianas ap\u00f3s o parto (puerp\u00e9rio), ou reten\u00e7\u00e3o de placenta. &#8220;Uma caracter\u00edstica importante do animal que apresenta a doen\u00e7a \u00e9 a queda na produ\u00e7\u00e3o de leite, que ocasiona um desequil\u00edbrio na produ\u00e7\u00e3o, e consequentemente, gera um grande preju\u00edzo financeiro para os produtores&#8221;, explica a\u00a0m\u00e9dica-veterin\u00e1ria Monique Hoffmann, coordenadora de produtos de grandes animais da Syntec.<\/p>\n<p>A inflama\u00e7\u00e3o do endom\u00e9trio pode acarretar diversos quadros que prejudicam a fertilidade e a capacidade de concep\u00e7\u00e3o e pode ser classificada em tr\u00eas tipos principais: metrite cl\u00ednica, metrite subcl\u00ednica e endometrite. \u201cOs sinais cl\u00ednicos mais observados incluem febre, descarga vaginal anormal (muitas vezes com odor desagrad\u00e1vel), redu\u00e7\u00e3o no apetite, diminui\u00e7\u00e3o na produ\u00e7\u00e3o de leite, apatia e outras manifesta\u00e7\u00f5es de doen\u00e7a. A vaca pode estar visivelmente doente e apresentar uma postura arqueada devido \u00e0 dor\u201d, alerta a veterin\u00e1ria.<\/p>\n<p>De acordo com Monique a presen\u00e7a de corrimento vaginal durante cerca de duas semanas ap\u00f3s o parto indica involu\u00e7\u00e3o uterina bem-sucedida. Por\u00e9m quando esse corrimento permanece al\u00e9m desse per\u00edodo e a descarga vaginal fica com mau odor e colora\u00e7\u00e3o alterada, e o animal apresenta febre, \u00e9 um sinal de alerta. Nesse caso, \u00e9 importante a necessidade de procurar o atendimento de um veterin\u00e1rio.<\/p>\n<p>O diagn\u00f3stico r\u00e1pido e o tratamento adequado s\u00e3o cruciais para minimizar os danos e manter a sa\u00fade reprodutiva do rebanho. \u201cO tratamento geralmente inclui a administra\u00e7\u00e3o de antibi\u00f3ticos e anti-inflamat\u00f3rios. A preven\u00e7\u00e3o tamb\u00e9m \u00e9 fundamental e envolve pr\u00e1ticas de manejo adequadas durante o parto e o per\u00edodo p\u00f3s-parto, como, garantir um ambiente limpo e higi\u00eanico, al\u00e9m de uma boa nutri\u00e7\u00e3o para fortalecer o sistema\u00a0imunol\u00f3gico&#8221;, finaliza\u00a0a coordenadora.<\/p>\n<p>Para auxiliar os produtores, a Syntec do Brasil\u00a0desenvolveu o\u00a0Gentomicin, um antibi\u00f3tico injet\u00e1vel de amplo espectro, formulado \u00e0 base de Sulfato de Gentamicina. Gentomicin \u00e9 recomendado para aves, bovinos, caprinos, equinos e su\u00ednos. Exerce uma maior a\u00e7\u00e3o contra\u00a0microrganismos\u00a0Gram-negativos e atua contra alguns microrganismos Gram-positivos, auxiliando em diversas infec\u00e7\u00f5es.<\/p>\n<p><strong>Sobre a Syntec<\/strong>\u00a0\u2013 A Syntec \u00e9 uma ind\u00fastria de produtos para sa\u00fade animal 100% brasileira com 18 anos de hist\u00f3ria e foco em medicamentos e suplementos veterin\u00e1rios de alta complexidade. Seu portf\u00f3lio \u00e9 amplo, incluindo terap\u00eauticos, especialidades, produtos para higiene e sa\u00fade, suplementos e, agora, vacinas animais. Para mais informa\u00e7\u00f5es acesse:\u00a0<a href=\"http:\/\/www.syntec.com.br\/\" target=\"_blank\" rel=\"noopener noreferrer\">www.syntec.com.br<\/a><\/p>\n<p>Este conte\u00fado foi distribu\u00eddo pela plataforma SALA DA NOT\u00cdCIA e elaborado\/criado pelo Assessor(a):<br \/>\nU | U<br \/>\nU<\/p>\n<p><img decoding=\"async\" src=\"http:\/\/sosnoticias.cidadenoar.com.br\/wp-content\/uploads\/sites\/16\/2024\/12\/metrite-em-vacas-impacta-na-reproducao-leiteira-e-requer-atencao-dos-pecuaristas.jpg\" alt=\"\" title=\"\"><\/p>\n","protected":false},"excerpt":{"rendered":"<p>A metrite \u00e9 uma condi\u00e7\u00e3o inflamat\u00f3ria que afeta o endom\u00e9trio &#8211; revestimento interno do \u00fatero. Essa inflama\u00e7\u00e3o pode ser causada por diferentes fatores, como traumas durante o parto, infec\u00e7\u00f5es bacterianas ap\u00f3s o parto (puerp\u00e9rio), ou reten\u00e7\u00e3o de placenta. &#8220;Uma caracter\u00edstica importante do animal que apresenta a doen\u00e7a \u00e9 a queda na produ\u00e7\u00e3o de leite, que&#8230;<\/p>\n","protected":false},"author":1,"featured_media":0,"comment_status":"closed","ping_status":"closed","sticky":false,"template":"","format":"standard","meta":{"footnotes":""},"categories":[11],"tags":[22],"class_list":["post-620","post","type-post","status-publish","format-standard","hentry","category-brasil","tag-brasil"],"_links":{"self":[{"href":"https:\/\/cidadenoar.com\/global\/wp-json\/wp\/v2\/posts\/620","targetHints":{"allow":["GET"]}}],"collection":[{"href":"https:\/\/cidadenoar.com\/global\/wp-json\/wp\/v2\/posts"}],"about":[{"href":"https:\/\/cidadenoar.com\/global\/wp-json\/wp\/v2\/types\/post"}],"author":[{"embeddable":true,"href":"https:\/\/cidadenoar.com\/global\/wp-json\/wp\/v2\/users\/1"}],"replies":[{"embeddable":true,"href":"https:\/\/cidadenoar.com\/global\/wp-json\/wp\/v2\/comments?post=620"}],"version-history":[{"count":0,"href":"https:\/\/cidadenoar.com\/global\/wp-json\/wp\/v2\/posts\/620\/revisions"}],"wp:attachment":[{"href":"https:\/\/cidadenoar.com\/global\/wp-json\/wp\/v2\/media?parent=620"}],"wp:term":[{"taxonomy":"category","embeddable":true,"href":"https:\/\/cidadenoar.com\/global\/wp-json\/wp\/v2\/categories?post=620"},{"taxonomy":"post_tag","embeddable":true,"href":"https:\/\/cidadenoar.com\/global\/wp-json\/wp\/v2\/tags?post=620"}],"curies":[{"name":"wp","href":"https:\/\/api.w.org\/{rel}","templated":true}]}}