{"id":6201,"date":"2025-10-20T11:28:01","date_gmt":"2025-10-20T14:28:01","guid":{"rendered":"https:\/\/cidadenoar.com\/?p=6201"},"modified":"2025-10-20T12:29:52","modified_gmt":"2025-10-20T15:29:52","slug":"rodada-de-negocios-em-itajai-supera-expectativas-e-consolida-se-como-palco-de-oportunidades-para-a-construcao-civil","status":"publish","type":"post","link":"https:\/\/cidadenoar.com\/global\/economia-negocios\/rodada-de-negocios-em-itajai-supera-expectativas-e-consolida-se-como-palco-de-oportunidades-para-a-construcao-civil\/","title":{"rendered":"Rodada de Neg\u00f3cios em Itaja\u00ed Supera Expectativas e Consolida-se como Palco de Oportunidades para a Constru\u00e7\u00e3o Civil"},"content":{"rendered":"\n<p>A cidade de Itaja\u00ed (SC) foi o ponto de encontro de empres\u00e1rios, fornecedores e profissionais da constru\u00e7\u00e3o civil na \u00faltima quinta-feira, 16 de outubro de 2025. O Hotel Sandri sediou mais uma edi\u00e7\u00e3o de sucesso da Rodada de Neg\u00f3cios da Cadeia Produtiva da Constru\u00e7\u00e3o Civil, que se consolidou como uma plataforma essencial para a gera\u00e7\u00e3o de neg\u00f3cios e fortalecimento do setor na regi\u00e3o.<\/p>\n\n\n\n<p>Realizado pela Amato Neg\u00f3cios, com o apoio do Sinduscon <a href=\"https:\/\/itajai.cidadenoar.com\" target=\"_blank\" rel=\"noreferrer noopener\">Itaja\u00ed<\/a>, o evento cumpriu com maestria seu principal objetivo: promover conex\u00f5es estrat\u00e9gicas e gerar neg\u00f3cios reais entre compradores e fornecedores de um dos setores que mais crescem em <a href=\"https:\/\/santacatarina.cidadenoar.com\" target=\"_blank\" rel=\"noreferrer noopener\">Santa Catarina<\/a>. Durante todo o dia, os corredores e salas de reuni\u00e3o do hotel vibraram com a energia de negocia\u00e7\u00f5es e networking qualificado.<\/p>\n\n\n\n<p>O formato din\u00e2mico, com reuni\u00f5es presenciais pr\u00e9-agendadas de aproximadamente 10 minutos, foi novamente o grande destaque, permitindo que os participantes otimizassem seu tempo ao m\u00e1ximo. Fornecedores tiveram a chance de apresentar seus produtos, servi\u00e7os e inova\u00e7\u00f5es diretamente para um p\u00fablico de compradores altamente qualificado, resultando em um ambiente f\u00e9rtil para parcerias imediatas e futuras.<\/p>\n\n\n\n<p><strong>A Voz dos Participantes: Efici\u00eancia e Novas Descobertas<\/strong><\/p>\n\n\n\n<p>O sucesso de um evento como este \u00e9 medido, principalmente, pela satisfa\u00e7\u00e3o de quem participa. E os depoimentos colhidos ao final do dia pintam um quadro de resultados concretos e grande otimismo. Para muitos, a rodada foi uma oportunidade \u00fanica de encontrar solu\u00e7\u00f5es inovadoras.<\/p>\n\n\n\n<p>&#8220;Foi muito boa&#8221;, resumiu Lucas, do Brava Beach Group. &#8220;No final, a gente conheceu um fornecedor ali que nem imaginava e ficamos bastante tempo com ele batendo papo, porque foi algo bem revolucion\u00e1rio&#8221;. Sua colega, Jana\u00edna, complementou: &#8220;Para n\u00f3s foi bem produtivo, conhecemos bastantes fornecedores novos&#8221;.<\/p>\n\n\n\n<p>A percep\u00e7\u00e3o de que o evento &#8220;encurta caminhos&#8221; foi um ponto comum. Andr\u00e9 do Grupo Krona destacou a import\u00e2ncia estrat\u00e9gica do formato. &#8220;A gente tem acesso aqui a um p\u00fablico muito qualificado, compradores de grandes empresas. Em vez de bater em 50 portas, a gente vem em um local e consegue fazer isso em um \u00fanico dia&#8221;, afirmou.<\/p>\n\n\n\n<p>Para os veteranos do evento, o valor se renova a cada edi\u00e7\u00e3o. &#8220;\u00c9 a segunda vez que eu participo&#8221;, contou Glauber, gestor de obras da Stasun. &#8220;Gostei da primeira participa\u00e7\u00e3o, e essa tamb\u00e9m n\u00e3o est\u00e1 ficando para tr\u00e1s. T\u00f4 gostando bastante, fazendo bastante contato, e j\u00e1 fechamos algumas parcerias aqui&#8221;.<\/p>\n\n\n\n<p><strong>Construindo Relacionamentos S\u00f3lidos<\/strong><\/p>\n\n\n\n<p>Al\u00e9m de novos neg\u00f3cios, a rodada se provou um espa\u00e7o fundamental para fortalecer la\u00e7os comerciais existentes e entender novas demandas do mercado. A recorr\u00eancia de participantes de peso demonstra a relev\u00e2ncia do encontro.<\/p>\n\n\n\n<p>&#8220;Essa \u00e9 a terceira vez que eu t\u00f4 participando&#8221;, disse Juliana, da construtora Roga. &#8220;\u00c9 uma oportunidade legal para a gente conhecer novos parceiros e desenvolver parcerias. Para n\u00f3s, \u00e9 muito gratificante sermos convidados sempre, vemos os fornecedores querendo atender a Roga&#8221;. A sensa\u00e7\u00e3o de reconhecimento foi compartilhada por sua colega, Naiara: &#8220;\u00c9 muito gratificante para n\u00f3s sermos reconhecidos nesses eventos pelos nossos fornecedores&#8221;.<\/p>\n\n\n\n<p>Lu\u00eds, que tamb\u00e9m participou do evento, refor\u00e7ou essa vis\u00e3o. &#8220;Das vezes que eu participei, j\u00e1 saiu v\u00e1rios neg\u00f3cios, bem interessante. \u00c9 uma chance de buscar novidades e refor\u00e7ar a parceria com fornecedores com que a gente j\u00e1 vem trabalhando. Principalmente as novidades. Voc\u00ea v\u00ea fornecedores com solu\u00e7\u00f5es novas, muito mais baratas e funcionais&#8221;, avaliou.<\/p>\n\n\n\n<p><strong>Vis\u00e3o dos Fornecedores: Neg\u00f3cios na Ponta da Agulha<\/strong><\/p>\n\n\n\n<p>Do lado de quem vende, a experi\u00eancia foi igualmente positiva. A oportunidade de falar diretamente com tomadores de decis\u00e3o acelera processos e gera resultados palp\u00e1veis.<\/p>\n\n\n\n<p>&#8220;Est\u00e1 sendo muito boa, muito positiva&#8221;, comentou David, da MMK Brasil. &#8220;Estamos percebendo um movimento do mercado, de construtoras comprando mais. E j\u00e1 temos neg\u00f3cios na bala da agulha para serem finalizados&#8221;. Seu colega, Thiago, elogiou a praticidade: &#8220;Foram v\u00e1rias construtoras com f\u00e1cil acesso para a gente conversar. Com dinamismo, numa tarde s\u00f3, conversamos com todo mundo&#8221;.<\/p>\n\n\n\n<p>Maur\u00edcio de Carvalho, da Carvalho Solu\u00e7\u00f5es Construtivas Predial, saiu com a agenda cheia. &#8220;Prospectamos muitos neg\u00f3cios em permuta com a\u00e7o, peguei tamb\u00e9m uma representa\u00e7\u00e3o da MMK e entramos com uma linha nova de compensado direto de f\u00e1brica&#8221;, detalhou, mostrando a diversidade de oportunidades geradas.<\/p>\n\n\n\n<p>At\u00e9 mesmo para quem estava participando pela primeira vez, a experi\u00eancia foi enriquecedora. &#8220;T\u00f4 achando bem interessante. \u00c9 a primeira vez que eu t\u00f4 participando, ent\u00e3o, t\u00e1 sendo bastante \u00fatil para o meu aprendizado&#8221;, disse N\u00fabia, da Amalfi.<\/p>\n\n\n\n<p>Com um dia repleto de intera\u00e7\u00f5es produtivas, almo\u00e7o de confraterniza\u00e7\u00e3o e um coffee break para encerrar, a Rodada de Neg\u00f3cios da Constru\u00e7\u00e3o Civil 2025 reafirmou sua posi\u00e7\u00e3o como um evento indispens\u00e1vel no calend\u00e1rio do setor. A organiza\u00e7\u00e3o da <a href=\"https:\/\/cidadenoar.com\/economia-negocios\/modelo-de-sucesso-rodadas-de-negocios-se-consolidam-como-ferramenta-estrategica-para-a-construcao-civil\/\" data-type=\"post\" data-id=\"5651\">Amato Neg\u00f3cios<\/a> mais uma vez demonstrou que, com o formato certo e as pessoas certas, um \u00fanico dia pode transformar o rumo de muitas empresas. Como a pr\u00f3pria equipe organizadora refor\u00e7a, &#8220;neg\u00f3cio bom se fecha com atitude. E esse foi o espa\u00e7o ideal para quem quis fazer acontecer&#8221;.<\/p>\n","protected":false},"excerpt":{"rendered":"<p>Evento organizado pela Amato Consultoria, em parceria com o Sinduscon Itaja\u00ed, reuniu construtoras e fornecedores em um dia intenso de reuni\u00f5es estrat\u00e9gicas, gerando parcerias e recebendo feedback positivo sobre a agilidade e efic\u00e1cia do formato.<\/p>\n","protected":false},"author":1,"featured_media":6204,"comment_status":"open","ping_status":"open","sticky":false,"template":"","format":"standard","meta":{"footnotes":""},"categories":[289],"tags":[529,52,56,580],"class_list":["post-6201","post","type-post","status-publish","format-standard","has-post-thumbnail","hentry","category-economia-negocios","tag-construcao-civil","tag-empreendedorismo","tag-itajai-sc","tag-rodada-de-negocios"],"_links":{"self":[{"href":"https:\/\/cidadenoar.com\/global\/wp-json\/wp\/v2\/posts\/6201","targetHints":{"allow":["GET"]}}],"collection":[{"href":"https:\/\/cidadenoar.com\/global\/wp-json\/wp\/v2\/posts"}],"about":[{"href":"https:\/\/cidadenoar.com\/global\/wp-json\/wp\/v2\/types\/post"}],"author":[{"embeddable":true,"href":"https:\/\/cidadenoar.com\/global\/wp-json\/wp\/v2\/users\/1"}],"replies":[{"embeddable":true,"href":"https:\/\/cidadenoar.com\/global\/wp-json\/wp\/v2\/comments?post=6201"}],"version-history":[{"count":3,"href":"https:\/\/cidadenoar.com\/global\/wp-json\/wp\/v2\/posts\/6201\/revisions"}],"predecessor-version":[{"id":6206,"href":"https:\/\/cidadenoar.com\/global\/wp-json\/wp\/v2\/posts\/6201\/revisions\/6206"}],"wp:featuredmedia":[{"embeddable":true,"href":"https:\/\/cidadenoar.com\/global\/wp-json\/wp\/v2\/media\/6204"}],"wp:attachment":[{"href":"https:\/\/cidadenoar.com\/global\/wp-json\/wp\/v2\/media?parent=6201"}],"wp:term":[{"taxonomy":"category","embeddable":true,"href":"https:\/\/cidadenoar.com\/global\/wp-json\/wp\/v2\/categories?post=6201"},{"taxonomy":"post_tag","embeddable":true,"href":"https:\/\/cidadenoar.com\/global\/wp-json\/wp\/v2\/tags?post=6201"}],"curies":[{"name":"wp","href":"https:\/\/api.w.org\/{rel}","templated":true}]}}