{"id":6266,"date":"2025-10-23T15:29:43","date_gmt":"2025-10-23T18:29:43","guid":{"rendered":"https:\/\/cidadenoar.com\/?p=6266"},"modified":"2025-10-23T15:35:44","modified_gmt":"2025-10-23T18:35:44","slug":"produto-com-defeito-apos-a-garantia-o-que-fazer","status":"publish","type":"post","link":"https:\/\/cidadenoar.com\/global\/geral\/produto-com-defeito-apos-a-garantia-o-que-fazer\/","title":{"rendered":"Produto com defeito ap\u00f3s a garantia: o que fazer?"},"content":{"rendered":"\n<p><\/p>\n\n\n\n<p>Voc\u00ea j\u00e1 comprou um produto, usou por meses e, quando a garantia acabou, ele simplesmente parou de funcionar?<\/p>\n\n\n\n<p>Imagine que voc\u00ea adquiriu um eletrodom\u00e9stico novo, e durante o per\u00edodo de uso tudo parecia perfeito. Passados alguns meses da garantia, um defeito aparece, impossibilitando o uso do aparelho. Muitas pessoas acreditam que, nesse momento, n\u00e3o h\u00e1 mais direitos a serem exigidos. Por\u00e9m, o C\u00f3digo de Defesa do Consumidor (CDC) garante prote\u00e7\u00e3o tamb\u00e9m contra os chamados defeitos oculto<strong>s<\/strong>, <strong>aqueles problemas que<\/strong> n\u00e3o eram aparentes no momento da compra e <strong>s\u00f3 se manifestam depois<\/strong>.<\/p>\n\n\n\n<p>Nesses casos, o fornecedor ainda \u00e9 respons\u00e1vel pelo reparo, substitui\u00e7\u00e3o ou at\u00e9 reembolso do produto. A lei entende que a responsabilidade n\u00e3o se extingue simplesmente porque a garantia oficial venceu.<\/p>\n\n\n\n<p>O prazo para reclamar come\u00e7a justamente <strong>quando o defeito se manifesta<\/strong>, e n\u00e3o quando voc\u00ea comprou o produto. Isso significa que voc\u00ea n\u00e3o precisa aceitar que um bem de qualidade inferior prejudique seu direito como consumidor.<\/p>\n\n\n\n<p><strong>O que fazer:<\/strong><\/p>\n\n\n\n<ul class=\"wp-block-list\">\n<li><strong>Re\u00fana provas:<\/strong> guarde notas fiscais, tire fotos, grave v\u00eddeos do produto defeituoso e mantenha registros de mensagens ou protocolos de atendimento. Sempre que poss\u00edvel, registre suas liga\u00e7\u00f5es com o fornecedor.<\/li>\n\n\n\n<li><strong>Notifique o fornecedor:<\/strong> formalize a reclama\u00e7\u00e3o, preferencialmente por escrito, detalhando o defeito e a situa\u00e7\u00e3o.<\/li>\n\n\n\n<li><strong>Exija seus direitos:<\/strong> solicite conserto, substitui\u00e7\u00e3o do produto ou reembolso, conforme previsto no C\u00f3digo de Defesa do Consumidor.<\/li>\n<\/ul>\n\n\n\n<p><strong>Lembre-se:<\/strong> o prazo para reclamar come\u00e7a <strong>quando o defeito \u00e9 identificado<\/strong>, n\u00e3o na data da compra. Estar informado e organizado \u00e9 a melhor forma de proteger seu bolso e garantir que seus direitos sejam respeitados.<\/p>\n\n\n\n<hr class=\"wp-block-separator has-alpha-channel-opacity\" \/>\n\n\n\n<p><\/p>\n\n\n\n<p>Outro ponto relevante \u00e9 que a solu\u00e7\u00e3o n\u00e3o se limita apenas \u00e0 substitui\u00e7\u00e3o do produto. Dependendo do caso, o consumidor pode exigir <strong>o conserto do item, abatimento proporcional do pre\u00e7o ou at\u00e9 mesmo a devolu\u00e7\u00e3o do valor pago<\/strong>. O CDC prev\u00ea essas alternativas justamente para garantir que o consumidor n\u00e3o seja prejudicado por problemas que fogem de sua responsabilidade.<\/p>\n\n\n\n<p>Vale lembrar que <strong>o fornecedor n\u00e3o pode se eximir de responsabilidades sob a justificativa de que o produto est\u00e1 fora da garantia<\/strong>. A lei brasileira entende que defeitos ocultos comprometem a confian\u00e7a do consumidor, e cabe ao fornecedor reparar a situa\u00e7\u00e3o de maneira adequada.<\/p>\n\n\n\n<p>Por fim, conhecimento \u00e9 poder. Consumidores bem informados t\u00eam mais chances de resolver conflitos de forma r\u00e1pida e eficiente, evitando preju\u00edzos financeiros e aborrecimentos. Se voc\u00ea j\u00e1 passou por uma situa\u00e7\u00e3o semelhante ou conhece algu\u00e9m que enfrentou problemas com produtos ap\u00f3s a garantia, compartilhe este conte\u00fado. Saber que h\u00e1 respaldo legal faz diferen\u00e7a e fortalece a prote\u00e7\u00e3o de todos.<\/p>\n\n\n\n<p>Lembre-se: seus direitos n\u00e3o expiram com a garantia. Sempre que houver d\u00favida sobre como agir, <strong>busque orienta\u00e7\u00e3o jur\u00eddica especializada<\/strong>. Estar preparado \u00e9 a melhor forma de garantir que o seu consumo seja seguro e justo.<\/p>\n\n\n\n<p><\/p>\n\n\n\n<p><\/p>\n\n\n\n<p><strong>Ficou com d\u00favidas? <\/strong><br>Acompanhe o autor no Instagram \u2013 l\u00e1 o Direito \u00e9 direto, sem enrola\u00e7\u00e3o e do jeito que voc\u00ea entende!&nbsp;<a href=\"http:\/\/instagram.com\/geovani.menezes\/\" target=\"_blank\" rel=\"noreferrer noopener\">@geovani.menezes<\/a>&nbsp;(clique para seguir o autor no instagram).<\/p>\n\n\n\n<p><\/p>\n\n\n<div class=\"wp-block-post-author wp-duotone-unset-1\"><div class=\"wp-block-post-author__avatar\"><img decoding=\"async\" alt=\"Avatar photo\" src=\"http:\/\/cidadenoar.com\/wp-content\/uploads\/sites\/22\/2025\/04\/cropped-geov-48x48.jpeg\" srcset=\"http:\/\/cidadenoar.com\/wp-content\/uploads\/sites\/22\/2025\/04\/cropped-geov-96x96.jpeg 2x\" class=\"avatar avatar-48 photo\" height=\"48\" width=\"48\" title=\"\"><\/div><div class=\"wp-block-post-author__content\"><p class=\"wp-block-post-author__byline\"><strong>AUTOR<\/strong><\/p><p class=\"wp-block-post-author__name\">Geovani Menezes<\/p><\/div><\/div>\n\n\n<p><strong>Geovani Menezes <\/strong>\u00e9 advogado na Menezes Advocacia, atuando em causas trabalhistas e c\u00edveis. Geovani tamb\u00e9m \u00e9 mestrando em Ci\u00eancias Jur\u00eddicas e Bacharel em Direito pela Universidade Cesumar &#8211; UniCesumar (Campus Maring\u00e1\/PR), sendo bolsista do Programa de Suporte \u00e0 P\u00f3s-Gradua\u00e7\u00e3o de Institui\u00e7\u00f5es de Ensino Particulares (PROSUP\/CAPES). P\u00f3s graduado em Direito Notarial e Registral pelo Centro Universit\u00e1rio Cidade Verde &#8211; UniCV (Maring\u00e1\/PR). Pesquisador. Desenvolve pesquisas em direito com enfoque nas \u00e1reas de direitos da personalidade, desjudicializa\u00e7\u00e3o e acesso \u00e0 justi\u00e7a.<br><br>Geovani \u00e9 colunista do portal CidadeNoAr.com, autor da coluna Direito Notarial e Registral, na qual aborda temas relacionados aos cart\u00f3rios, direitos da personalidade e \u00e0 fun\u00e7\u00e3o cidad\u00e3 do extrajudicial.<br>Contato: geovani_menezes@hotmail.com.br.&nbsp;<\/p>\n\n\n\n<p><\/p>\n\n\n\n<p><\/p>\n\n\n<h1 class=\"wp-block-site-title\"><a href=\"https:\/\/cidadenoar.com\/global\" target=\"_self\" rel=\"home\">CIDADENOAR.COM<\/a><\/h1>\n\n<div class=\"wp-block-post-excerpt\"><p class=\"wp-block-post-excerpt__excerpt\">Voc\u00ea j\u00e1 comprou um produto, usou por meses e, quando a garantia acabou, ele simplesmente parou de funcionar? Ent\u00e3o leia esse artigo! <\/p><\/div>\n\n\n<p><\/p>\n","protected":false},"excerpt":{"rendered":"<p>Voc\u00ea j\u00e1 comprou um produto, usou por meses e, quando a garantia acabou, ele simplesmente parou de funcionar? Ent\u00e3o leia esse artigo!<\/p>\n","protected":false},"author":27,"featured_media":6268,"comment_status":"open","ping_status":"open","sticky":false,"template":"","format":"standard","meta":{"footnotes":""},"categories":[11,1,10],"tags":[359,754,334,270,753],"class_list":["post-6266","post","type-post","status-publish","format-standard","has-post-thumbnail","hentry","category-brasil","category-geral","category-opiniao","tag-advogado","tag-advogado-especialista","tag-advogado-responde","tag-direito","tag-direito-do-consumidor"],"_links":{"self":[{"href":"https:\/\/cidadenoar.com\/global\/wp-json\/wp\/v2\/posts\/6266","targetHints":{"allow":["GET"]}}],"collection":[{"href":"https:\/\/cidadenoar.com\/global\/wp-json\/wp\/v2\/posts"}],"about":[{"href":"https:\/\/cidadenoar.com\/global\/wp-json\/wp\/v2\/types\/post"}],"author":[{"embeddable":true,"href":"https:\/\/cidadenoar.com\/global\/wp-json\/wp\/v2\/users\/27"}],"replies":[{"embeddable":true,"href":"https:\/\/cidadenoar.com\/global\/wp-json\/wp\/v2\/comments?post=6266"}],"version-history":[{"count":5,"href":"https:\/\/cidadenoar.com\/global\/wp-json\/wp\/v2\/posts\/6266\/revisions"}],"predecessor-version":[{"id":6370,"href":"https:\/\/cidadenoar.com\/global\/wp-json\/wp\/v2\/posts\/6266\/revisions\/6370"}],"wp:featuredmedia":[{"embeddable":true,"href":"https:\/\/cidadenoar.com\/global\/wp-json\/wp\/v2\/media\/6268"}],"wp:attachment":[{"href":"https:\/\/cidadenoar.com\/global\/wp-json\/wp\/v2\/media?parent=6266"}],"wp:term":[{"taxonomy":"category","embeddable":true,"href":"https:\/\/cidadenoar.com\/global\/wp-json\/wp\/v2\/categories?post=6266"},{"taxonomy":"post_tag","embeddable":true,"href":"https:\/\/cidadenoar.com\/global\/wp-json\/wp\/v2\/tags?post=6266"}],"curies":[{"name":"wp","href":"https:\/\/api.w.org\/{rel}","templated":true}]}}