{"id":6322,"date":"2025-10-24T20:27:20","date_gmt":"2025-10-24T23:27:20","guid":{"rendered":"https:\/\/cidadenoar.com\/?p=6322"},"modified":"2025-10-24T20:27:22","modified_gmt":"2025-10-24T23:27:22","slug":"carol-spengler-uma-trajetoria-de-reinvencao-proposito-e-paixao-por-viajar","status":"publish","type":"post","link":"https:\/\/cidadenoar.com\/global\/geral\/carol-spengler-uma-trajetoria-de-reinvencao-proposito-e-paixao-por-viajar\/","title":{"rendered":"Carol Spengler: uma trajet\u00f3ria de reinven\u00e7\u00e3o, prop\u00f3sito e paix\u00e3o por viajar"},"content":{"rendered":"\n<p>Empres\u00e1ria e fundadora da Fibratur Turismo, Carolina Augusta Spengler comemora, em 2025, 39 anos de carreira no setor de turismo e 30 anos \u00e0 frente da empresa que criou. Aos 56 anos, ela celebra n\u00e3o apenas uma trajet\u00f3ria profissional s\u00f3lida, mas tamb\u00e9m uma fase de vida marcada por recome\u00e7os conscientes e uma nova perspectiva sobre o tempo e as escolhas.<\/p>\n\n\n\n<p>Carol construiu a Fibratur com base em valores que continuam norteando sua caminhada: sensibilidade, aten\u00e7\u00e3o aos detalhes e o desejo de proporcionar experi\u00eancias marcantes por meio das viagens. Com sede em Florian\u00f3polis, a ag\u00eancia tornou-se uma das mais respeitadas de Santa Catarina, atendendo clientes que buscam desde roteiros culturais at\u00e9 viagens corporativas.<\/p>\n\n\n\n<p>Nos \u00faltimos anos, ela atravessou desafios pessoais importantes, um diagn\u00f3stico de c\u00e2ncer, que a convidaram a rever prioridades e olhar para si com mais aten\u00e7\u00e3o. Nesse processo, encontrou for\u00e7a na f\u00e9, na fam\u00edlia e no autocuidado, redescobrindo formas de viver com mais leveza e consci\u00eancia. \u201cHoje meu foco est\u00e1 na qualidade de vida. Continuo envolvida com o que amo: criar roteiros, planejar novas experi\u00eancias e acompanhar de perto o que acontece no setor\u201d, afirma.<\/p>\n\n\n\n<p>Inspirada por tudo o que viveu, Carol escreveu a \u201cCarta de Despedida \u00e0 Antiga Carolina\u201d, um texto pessoal onde compartilha reflex\u00f5es sobre mudan\u00e7a, gratid\u00e3o e amadurecimento. Nele, fala sobre deixar para tr\u00e1s antigos h\u00e1bitos e iniciar uma nova fase com mais equil\u00edbrio e clareza.<\/p>\n\n\n\n<p>A empres\u00e1ria segue ativa na Fibratur e se mostra grata por contar com o apoio da equipe, da fam\u00edlia e dos amigos. Ao lado do marido e do filho, valoriza cada momento, mantendo o entusiasmo por aquilo que sempre moveu sua vida: viajar, empreender e estar presente nas boas parcerias.<\/p>\n\n\n\n<p><strong>Sobre a Fibratur<\/strong><\/p>\n\n\n\n<p>Fundada em 1995, a Fibratur Turismo \u00e9 uma ag\u00eancia especializada em viagens nacionais e internacionais de lazer e neg\u00f3cios.<\/p>\n\n\n\n<p>Com atendimento personalizado e solu\u00e7\u00f5es completas, a ag\u00eancia tornou-se refer\u00eancia em Santa Catarina pela excel\u00eancia, seguran\u00e7a e consultoria de ponta a ponta, atendendo desde empresas que investem alto em viagens corporativas at\u00e9 roteiros exclusivos de experi\u00eancias, cultura e incentivo.<\/p>\n\n\n\n<p>Mais do que uma ag\u00eancia, a Fibratur representa o olhar humano, detalhista e apaixonado de sua fundadora, uma mulher que fez da sua pr\u00f3pria hist\u00f3ria um exemplo de coragem, f\u00e9 e amor pela vida.<\/p>\n","protected":false},"excerpt":{"rendered":"<p>O relato de tr\u00eas d\u00e9cadas \u00e0 frente da Fibratur e uma vida marcada por prop\u00f3sito, reinven\u00e7\u00e3o e paix\u00e3o pelo que faz<\/p>\n","protected":false},"author":23,"featured_media":6323,"comment_status":"open","ping_status":"open","sticky":false,"template":"","format":"standard","meta":{"footnotes":""},"categories":[1],"tags":[766,408,767],"class_list":["post-6322","post","type-post","status-publish","format-standard","has-post-thumbnail","hentry","category-geral","tag-carol-spengler","tag-turismo","tag-viagens"],"_links":{"self":[{"href":"https:\/\/cidadenoar.com\/global\/wp-json\/wp\/v2\/posts\/6322","targetHints":{"allow":["GET"]}}],"collection":[{"href":"https:\/\/cidadenoar.com\/global\/wp-json\/wp\/v2\/posts"}],"about":[{"href":"https:\/\/cidadenoar.com\/global\/wp-json\/wp\/v2\/types\/post"}],"author":[{"embeddable":true,"href":"https:\/\/cidadenoar.com\/global\/wp-json\/wp\/v2\/users\/23"}],"replies":[{"embeddable":true,"href":"https:\/\/cidadenoar.com\/global\/wp-json\/wp\/v2\/comments?post=6322"}],"version-history":[{"count":2,"href":"https:\/\/cidadenoar.com\/global\/wp-json\/wp\/v2\/posts\/6322\/revisions"}],"predecessor-version":[{"id":6325,"href":"https:\/\/cidadenoar.com\/global\/wp-json\/wp\/v2\/posts\/6322\/revisions\/6325"}],"wp:featuredmedia":[{"embeddable":true,"href":"https:\/\/cidadenoar.com\/global\/wp-json\/wp\/v2\/media\/6323"}],"wp:attachment":[{"href":"https:\/\/cidadenoar.com\/global\/wp-json\/wp\/v2\/media?parent=6322"}],"wp:term":[{"taxonomy":"category","embeddable":true,"href":"https:\/\/cidadenoar.com\/global\/wp-json\/wp\/v2\/categories?post=6322"},{"taxonomy":"post_tag","embeddable":true,"href":"https:\/\/cidadenoar.com\/global\/wp-json\/wp\/v2\/tags?post=6322"}],"curies":[{"name":"wp","href":"https:\/\/api.w.org\/{rel}","templated":true}]}}