{"id":636,"date":"2023-12-15T10:38:30","date_gmt":"2023-12-15T13:38:30","guid":{"rendered":"https:\/\/sosnoticias.com.br\/noticia\/5719\/comunidade-social-medic-em-curitiba-safari-da-saude-na-scolla"},"modified":"2024-12-04T20:11:16","modified_gmt":"2024-12-04T23:11:16","slug":"comunidade-social-medic-em-curitiba-safari-da-saude-na-scolla","status":"publish","type":"post","link":"https:\/\/cidadenoar.com\/global\/saude-bem%e2%80%91estar\/comunidade-social-medic-em-curitiba-safari-da-saude-na-scolla\/","title":{"rendered":"Comunidade Social Medic em Curitiba: Saf\u00e1ri da Sa\u00fade\u00a0na\u00a0Scolla"},"content":{"rendered":"<p><small id=\"v_data\">15\/12\/2023 \u00e0s 15h06min &#8211; Atualizada em 15\/12\/2023 \u00e0s 10h36min<\/small><\/p>\n<h4><\/h4>\n<p>SUAIMPRENSA &#8211; sosnoticias.com.br<\/p>\n<div id=\"texto_release_format\">\n<div>No \u00faltimo dia 8, uma turma de empreendedores do marketing m\u00e9dico de v\u00e1rios estados do Brasil, se aventuraram em renomadas empresas do setor, na capital do Paran\u00e1, em busca de inspira\u00e7\u00e3o e aprendizados pr\u00e1ticos.Esta jornada \u00fanica, na sua primeira edi\u00e7\u00e3o em Curitiba, conhecida como &#8220;Saf\u00e1ri da Sa\u00fade&#8221;, foi estrategicamente organizada pela Comunidade Social Medic, com o intuito de proporcionar uma imers\u00e3o profunda em estrat\u00e9gias inovadores nas redes sociais.<\/p>\n<p>Ao longo do Saf\u00e1ri, a Comunidade foi recebida calorosamente pelas equipes de sa\u00fade, onde apresentaram seus modelos de atendimento ao paciente, al\u00e9m de claro, explorar todo o empreendimento.<\/p>\n<p>Cada participante foi desafiado a observar, explorar e destacar aspectos muitas vezes negligenciados no setor m\u00e9dico. A proposta fundamental \u00e9 desenvolver a\u00e7\u00f5es inovadoras por meio de estrat\u00e9gias personalizadas para as redes sociais, com foco no paciente.<\/p>\n<p>O ponto de partida para esse saf\u00e1ri foi no Eco Medical Center, seguido por uma visita \u00e0 CEMOC &#8211; Centro de Microcirurgia Ocular de Curitiba e Hospital Union. Al\u00e9m disso, os participantes tamb\u00e9m fizeram sua jornada na Scolla Centro de Treinamento Cir\u00fargico e Unicred, uma Cooperativa de Cr\u00e9dito exclusivo para M\u00e9dicos.<\/p>\n<p>A ideia do Saf\u00e1ri surgiu a partir da resposta positiva nos encontros semanais que a Comunidade Social Medic possui, onde cada membro se torna um especialista em posicionamento m\u00e9dico.<\/p>\n<p>Os participantes destacaram a import\u00e2ncia do evento em proporcionar novas ideias, contatos e inspira\u00e7\u00e3o para as suas ag\u00eancias de marketing m\u00e9dico.<\/p>\n<p>O sucesso desta iniciativa, j\u00e1 motiva e planeja a realiza\u00e7\u00e3o de novas edi\u00e7\u00f5es do Saf\u00e1ri da Sa\u00fade, abrindo turmas e roteiros para uma participa\u00e7\u00e3o mais ampla.<\/p>\n<p>Em um mundo empresarial cada vez mais din\u00e2mico, eventos como o Saf\u00e1ri da Sa\u00fade tornam-se primordiais para empreendedores em busca de diferencia\u00e7\u00e3o, inova\u00e7\u00e3o e conex\u00f5es inovadoras. Essa jornada por renomados empreendimentos curitibanos, n\u00e3o foi apenas uma experi\u00eancia \u00fanica, mas uma plataforma para a incuba\u00e7\u00e3o de ideias transformadoras e pr\u00e1ticas para projetos de posicionamento m\u00e9dico.<\/p>\n<p>Somos muito gratos a cada um que participou e inspirou este Saf\u00e1ri da Sa\u00fade. Estamos imensamente felizes e realizados por contribuir para essa iniciativa que fortalece o esp\u00edrito empreendedor. Essa experi\u00eancia \u00fanica nos impulsionou a novos horizontes, e esperamos ansiosos por futuras jornadas.<\/p>\n<p>Gratid\u00e3o \u00e0 toda equipe da Scolla Centro de Treinamento Cir\u00fargico<\/p>\n<p>Sites: \u00a0 <a href=\"https:\/\/scolla.com.br\/\" target=\"_blank\" rel=\"noopener\">https:\/\/scolla.com.br\/<\/a><br \/>\n<a href=\"https:\/\/comunidadesocialmedic.com\/\" target=\"_blank\" rel=\"noopener\">https:\/\/comunidadesocialmedic.com\/<\/a><\/p>\n<\/div>\n<\/div>\n<p><img decoding=\"async\" src=\"http:\/\/sosnoticias.cidadenoar.com.br\/wp-content\/uploads\/sites\/16\/2024\/12\/comunidade-social-medic-em-curitiba-safari-da-saude-na-scolla.jpg\" alt=\"\" title=\"\"><\/p>\n","protected":false},"excerpt":{"rendered":"<p>15\/12\/2023 \u00e0s 15h06min &#8211; Atualizada em 15\/12\/2023 \u00e0s 10h36min SUAIMPRENSA &#8211; sosnoticias.com.br No \u00faltimo dia 8, uma turma de empreendedores do marketing m\u00e9dico de v\u00e1rios estados do Brasil, se aventuraram em renomadas empresas do setor, na capital do Paran\u00e1, em busca de inspira\u00e7\u00e3o e aprendizados pr\u00e1ticos.Esta jornada \u00fanica, na sua primeira edi\u00e7\u00e3o em Curitiba, conhecida&#8230;<\/p>\n","protected":false},"author":1,"featured_media":0,"comment_status":"closed","ping_status":"closed","sticky":false,"template":"","format":"standard","meta":{"footnotes":""},"categories":[19],"tags":[23],"class_list":["post-636","post","type-post","status-publish","format-standard","hentry","category-saude-bemestar","tag-saude"],"_links":{"self":[{"href":"https:\/\/cidadenoar.com\/global\/wp-json\/wp\/v2\/posts\/636","targetHints":{"allow":["GET"]}}],"collection":[{"href":"https:\/\/cidadenoar.com\/global\/wp-json\/wp\/v2\/posts"}],"about":[{"href":"https:\/\/cidadenoar.com\/global\/wp-json\/wp\/v2\/types\/post"}],"author":[{"embeddable":true,"href":"https:\/\/cidadenoar.com\/global\/wp-json\/wp\/v2\/users\/1"}],"replies":[{"embeddable":true,"href":"https:\/\/cidadenoar.com\/global\/wp-json\/wp\/v2\/comments?post=636"}],"version-history":[{"count":0,"href":"https:\/\/cidadenoar.com\/global\/wp-json\/wp\/v2\/posts\/636\/revisions"}],"wp:attachment":[{"href":"https:\/\/cidadenoar.com\/global\/wp-json\/wp\/v2\/media?parent=636"}],"wp:term":[{"taxonomy":"category","embeddable":true,"href":"https:\/\/cidadenoar.com\/global\/wp-json\/wp\/v2\/categories?post=636"},{"taxonomy":"post_tag","embeddable":true,"href":"https:\/\/cidadenoar.com\/global\/wp-json\/wp\/v2\/tags?post=636"}],"curies":[{"name":"wp","href":"https:\/\/api.w.org\/{rel}","templated":true}]}}