{"id":6369,"date":"2025-10-29T16:41:05","date_gmt":"2025-10-29T19:41:05","guid":{"rendered":"https:\/\/cidadenoar.com\/?p=6369"},"modified":"2025-10-29T16:41:09","modified_gmt":"2025-10-29T19:41:09","slug":"erros-que-custam-caro-situacoes-que-podem-levar-a-demissao-por-justa-causa","status":"publish","type":"post","link":"https:\/\/cidadenoar.com\/global\/geral\/erros-que-custam-caro-situacoes-que-podem-levar-a-demissao-por-justa-causa\/","title":{"rendered":"Erros que Custam Caro: Situa\u00e7\u00f5es que Podem Levar \u00e0 Demiss\u00e3o por Justa Causa"},"content":{"rendered":"\n<p>A demiss\u00e3o por justa causa \u00e9 uma das medidas mais severas previstas na Consolida\u00e7\u00e3o das Leis do Trabalho (CLT). Ela acontece quando o empregador comprova que o empregado cometeu uma falta grave, capaz de romper a confian\u00e7a necess\u00e1ria para a continuidade do v\u00ednculo.<\/p>\n\n\n\n<p>Diferente das demais formas de rescis\u00e3o, esse tipo de demiss\u00e3o retira uma s\u00e9rie de direitos do trabalhador e pode gerar impacto direto em sua vida profissional e reputa\u00e7\u00e3o.<\/p>\n\n\n\n<h4 class=\"wp-block-heading\">Quais s\u00e3o os principais motivos que levam \u00e0 justa causa?<\/h4>\n\n\n\n<p>O artigo 482 da CLT elenca v\u00e1rias situa\u00e7\u00f5es que podem justificar a demiss\u00e3o por justa causa. A seguir, explicamos as mais comuns, com exemplos pr\u00e1ticos.<\/p>\n\n\n\n<p><strong>1. Ato de improbidade:<\/strong> refere-se a comportamentos desonestos, como furtar objetos da empresa, adulterar documentos ou manipular valores do caixa. Por exemplo, um funcion\u00e1rio que desvia produtos do estoque para uso pr\u00f3prio est\u00e1 cometendo um ato de improbidade.<\/p>\n\n\n\n<p><strong>2. Insubordina\u00e7\u00e3o e indisciplina:<\/strong> ocorre quando o trabalhador desobedece ordens diretas ou descumpre regras internas. Imagine um empregado que se recusa repetidamente a cumprir ordens leg\u00edtimas de seu superior ou que ignora normas de seguran\u00e7a obrigat\u00f3rias. Essa conduta pode levar \u00e0 justa causa.<\/p>\n\n\n\n<p><strong>3. Abandono de emprego:<\/strong> caracteriza-se pela aus\u00eancia injustificada por longo per\u00edodo, geralmente acima de 30 dias, e pela inten\u00e7\u00e3o de n\u00e3o retornar ao trabalho. Um exemplo \u00e9 o trabalhador que deixa de comparecer sem aviso, n\u00e3o apresenta atestado e n\u00e3o responde aos contatos da empresa.<\/p>\n\n\n\n<p><strong>4. Embriaguez habitual ou em servi\u00e7o:<\/strong> quando o funcion\u00e1rio se apresenta embriagado durante o expediente, colocando em risco a pr\u00f3pria integridade ou a dos colegas. Por exemplo, um motorista de transporte coletivo que \u00e9 flagrado dirigindo sob efeito de \u00e1lcool pode ser dispensado por justa causa.<\/p>\n\n\n\n<p><strong>5. Ofensas f\u00edsicas ou morais:<\/strong> agress\u00f5es, sejam verbais ou f\u00edsicas, contra colegas, superiores ou clientes, tamb\u00e9m configuram motivo. Um caso comum \u00e9 o de um atendente que discute e ofende um cliente ou um colega de trabalho durante o expediente.<\/p>\n\n\n\n<p><strong>6. Neglig\u00eancia ou mau desempenho reiterado:<\/strong> quando o trabalhador demonstra falta de zelo, desinteresse ou realiza suas fun\u00e7\u00f5es de forma descuidada de maneira constante. Um exemplo seria o operador de m\u00e1quina que, por descuido repetido, causa danos a equipamentos da empresa.<\/p>\n\n\n\n<p><strong>7. Viola\u00e7\u00e3o de segredo da empresa:<\/strong> ocorre quando o empregado divulga informa\u00e7\u00f5es confidenciais, como projetos, estrat\u00e9gias ou dados de clientes. Se um funcion\u00e1rio repassa dados sigilosos de um novo produto para um concorrente, por exemplo, ele poder\u00e1 ser demitido por justa causa.<\/p>\n\n\n\n<p>Todas essas situa\u00e7\u00f5es devem ser comprovadas pela empresa, e a penalidade deve ser proporcional \u00e0 gravidade da falta. De mais a mais, \u00e9 importante que o trabalhador tenha a chance de se defender, j\u00e1 que a justa causa &#8220;mancha&#8221; o hist\u00f3rico profissional e pode dificultar novas contrata\u00e7\u00f5es.<\/p>\n\n\n\n<h4 class=\"wp-block-heading\">Quais direitos o trabalhador perde nessa modalidade de demiss\u00e3o?<\/h4>\n\n\n\n<p>Ao ser demitido por justa causa, o trabalhador perde boa parte das verbas rescis\u00f3rias. O<strong> trabalhador perde o direito ao aviso pr\u00e9vio, 13\u00ba sal\u00e1rio proporcional, f\u00e9rias proporcionais, ao saque do FGTS e \u00e0 multa de 40% do Fundo de Garantia, al\u00e9m do seguro-desemprego<\/strong>.<\/p>\n\n\n\n<p>O que permanece garantido s\u00e3o apenas o <strong>saldo de sal\u00e1rio<\/strong> (pelos dias efetivamente trabalhados no m\u00eas da dispensa) e as <strong>f\u00e9rias vencidas<\/strong>, caso existam, com o adicional de um ter\u00e7o constitucional.<\/p>\n\n\n\n<p><\/p>\n\n\n\n<p><strong>ATEN\u00c7\u00c3O TRABALHADOR!<\/strong><\/p>\n\n\n\n<p>A demiss\u00e3o por justa causa \u00e9 uma medida extrema e deve ser aplicada apenas quando h\u00e1 provas claras e irrefut\u00e1veis da falta cometida. Tanto empregadores quanto empregados devem compreender suas obriga\u00e7\u00f5es e direitos para manter uma rela\u00e7\u00e3o de trabalho saud\u00e1vel, pautada pela \u00e9tica e pela confian\u00e7a m\u00fatua.<\/p>\n\n\n\n<p>Em caso de d\u00favida sobre a legalidade da dispensa, o trabalhador pode procurar o sindicato da categoria ou consultar um advogado trabalhista para avaliar se a justa causa foi realmente aplicada de forma correta.<\/p>\n\n\n\n<p><strong>Ficou com d\u00favidas? Entre em contato conosco!<\/strong><\/p>\n\n\n\n<p>Acompanhe o autor no Instagram \u2013 l\u00e1 o Direito \u00e9 direto, sem enrola\u00e7\u00e3o e do jeito que voc\u00ea entende!\u00a0<a href=\"http:\/\/instagram.com\/geovani.menezes\/\" target=\"_blank\" rel=\"noreferrer noopener\">@geovani.menezes<\/a>\u00a0(clique para seguir o autor no instagram).<\/p>\n\n\n\n<p><\/p>\n\n\n<div class=\"wp-block-post-author wp-duotone-unset-1\"><div class=\"wp-block-post-author__avatar\"><img decoding=\"async\" alt=\"Avatar photo\" src=\"http:\/\/cidadenoar.com\/wp-content\/uploads\/sites\/22\/2025\/04\/cropped-geov-48x48.jpeg\" srcset=\"http:\/\/cidadenoar.com\/wp-content\/uploads\/sites\/22\/2025\/04\/cropped-geov-96x96.jpeg 2x\" class=\"avatar avatar-48 photo\" height=\"48\" width=\"48\" title=\"\"><\/div><div class=\"wp-block-post-author__content\"><p class=\"wp-block-post-author__byline\"><strong>AUTOR<\/strong><\/p><p class=\"wp-block-post-author__name\">Geovani Menezes<\/p><\/div><\/div>\n\n\n<p><strong>Geovani Menezes <\/strong>\u00e9 advogado na Menezes Advocacia, atuando em causas trabalhistas e c\u00edveis. Geovani tamb\u00e9m \u00e9 mestrando em Ci\u00eancias Jur\u00eddicas e Bacharel em Direito pela Universidade Cesumar &#8211; UniCesumar (Campus Maring\u00e1\/PR), sendo bolsista do Programa de Suporte \u00e0 P\u00f3s-Gradua\u00e7\u00e3o de Institui\u00e7\u00f5es de Ensino Particulares (PROSUP\/CAPES). P\u00f3s graduado em Direito Notarial e Registral pelo Centro Universit\u00e1rio Cidade Verde &#8211; UniCV (Maring\u00e1\/PR). Pesquisador. Desenvolve pesquisas em direito com enfoque nas \u00e1reas de direitos da personalidade, desjudicializa\u00e7\u00e3o e acesso \u00e0 justi\u00e7a.<br><br>Geovani \u00e9 colunista do portal CidadeNoAr.com, autor da coluna Direito Notarial e Registral, na qual aborda temas relacionados aos cart\u00f3rios, direitos da personalidade e \u00e0 fun\u00e7\u00e3o cidad\u00e3 do extrajudicial.<br>Contato: geovani_menezes@hotmail.com.br.\u00a0<\/p>\n\n\n\n<p><\/p>\n","protected":false},"excerpt":{"rendered":"<p>Diferente das demais formas de rescis\u00e3o, esse tipo de demiss\u00e3o retira uma s\u00e9rie de direitos do trabalhador e pode gerar impacto direto em sua vida profissional e reputa\u00e7\u00e3o. Entenda a Demiss\u00e3o por Justa Causa<\/p>\n","protected":false},"author":27,"featured_media":6371,"comment_status":"open","ping_status":"open","sticky":false,"template":"","format":"standard","meta":{"footnotes":""},"categories":[11,1,10],"tags":[359,334,544,773,270,772],"class_list":["post-6369","post","type-post","status-publish","format-standard","has-post-thumbnail","hentry","category-brasil","category-geral","category-opiniao","tag-advogado","tag-advogado-responde","tag-advogado-trabalhista","tag-demissao-por-justa-causa","tag-direito","tag-direitos-do-trabalhador"],"_links":{"self":[{"href":"https:\/\/cidadenoar.com\/global\/wp-json\/wp\/v2\/posts\/6369","targetHints":{"allow":["GET"]}}],"collection":[{"href":"https:\/\/cidadenoar.com\/global\/wp-json\/wp\/v2\/posts"}],"about":[{"href":"https:\/\/cidadenoar.com\/global\/wp-json\/wp\/v2\/types\/post"}],"author":[{"embeddable":true,"href":"https:\/\/cidadenoar.com\/global\/wp-json\/wp\/v2\/users\/27"}],"replies":[{"embeddable":true,"href":"https:\/\/cidadenoar.com\/global\/wp-json\/wp\/v2\/comments?post=6369"}],"version-history":[{"count":3,"href":"https:\/\/cidadenoar.com\/global\/wp-json\/wp\/v2\/posts\/6369\/revisions"}],"predecessor-version":[{"id":6440,"href":"https:\/\/cidadenoar.com\/global\/wp-json\/wp\/v2\/posts\/6369\/revisions\/6440"}],"wp:featuredmedia":[{"embeddable":true,"href":"https:\/\/cidadenoar.com\/global\/wp-json\/wp\/v2\/media\/6371"}],"wp:attachment":[{"href":"https:\/\/cidadenoar.com\/global\/wp-json\/wp\/v2\/media?parent=6369"}],"wp:term":[{"taxonomy":"category","embeddable":true,"href":"https:\/\/cidadenoar.com\/global\/wp-json\/wp\/v2\/categories?post=6369"},{"taxonomy":"post_tag","embeddable":true,"href":"https:\/\/cidadenoar.com\/global\/wp-json\/wp\/v2\/tags?post=6369"}],"curies":[{"name":"wp","href":"https:\/\/api.w.org\/{rel}","templated":true}]}}