{"id":6375,"date":"2025-10-29T18:40:14","date_gmt":"2025-10-29T21:40:14","guid":{"rendered":"https:\/\/cidadenoar.com\/?p=6375"},"modified":"2025-10-29T18:40:17","modified_gmt":"2025-10-29T21:40:17","slug":"fort-atacadista-realiza-semana-f-com-ofertas-especiais","status":"publish","type":"post","link":"https:\/\/cidadenoar.com\/global\/economia-negocios\/fort-atacadista-realiza-semana-f-com-ofertas-especiais\/","title":{"rendered":"Fort Atacadista realiza &#8216;Semana F&#8217; com ofertas especiais"},"content":{"rendered":"\n<p>O Fort Atacadista, rede de atacarejo do Grupo Pereira, promove, entre os dias 30 de outubro e 6 de novembro, a &#8220;<strong>Semana F&#8221;<\/strong>, uma grande a\u00e7\u00e3o promocional com ofertas especiais em todos os setores da loja. Durante uma semana, consumidores poder\u00e3o aproveitar descontos agressivos em centenas de produtos em uma iniciativa que refor\u00e7a o compromisso da rede com economia, variedade e qualidade.<\/p>\n\n\n\n<p>Com a chamada&nbsp;<strong>\u201cMuito mais dias de Compra Fort\u201d<\/strong>, a Semana F amplia o sucesso do tradicional \u201cDia F\u201d, que ocorre sempre no primeiro s\u00e1bado de cada m\u00eas, quando toda a loja entra com as maiores promo\u00e7\u00f5es do m\u00eas, oferecendo mais dias de ofertas e mais flexibilidade no hor\u00e1rio das compras. A a\u00e7\u00e3o busca proporcionar uma experi\u00eancia de compra mais confort\u00e1vel e vantajosa aos clientes, ampliando a promo\u00e7\u00e3o e oferecendo, assim, mais dias para garantir as ofertas que eram concentradas no Dia F.&nbsp;<\/p>\n\n\n\n<p>\u201cA Semana F vai ocorrer todo dia 30 do m\u00eas, um grande evento do nosso planejamento comercial e reflete o compromisso do Fort Atacadista com o consumidor. \u00c9 uma oportunidade para refor\u00e7ar nossa rela\u00e7\u00e3o de confian\u00e7a com os clientes e oferecer ainda mais economia, variedade e qualidade\u201d, destaca Silvia Marquez, gestora de marketing do Fort Atacadista.<\/p>\n\n\n\n<figure class=\"wp-block-image size-full\"><img fetchpriority=\"high\" decoding=\"async\" width=\"708\" height=\"353\" src=\"https:\/\/cidadenoar.com\/wp-content\/uploads\/sites\/22\/2025\/10\/image-1.png\" alt=\"\" class=\"wp-image-6376\" title=\"\" srcset=\"https:\/\/cidadenoar.com\/global\/wp-content\/uploads\/sites\/22\/2025\/10\/image-1.png 708w, https:\/\/cidadenoar.com\/global\/wp-content\/uploads\/sites\/22\/2025\/10\/image-1-300x150.png 300w\" sizes=\"(max-width: 708px) 100vw, 708px\" \/><\/figure>\n","protected":false},"excerpt":{"rendered":"<p>A\u00e7\u00e3o promocional ter\u00e1 in\u00edcio todo dia 30 com pre\u00e7os atrativos em todas as lojas no pa\u00eds<\/p>\n","protected":false},"author":23,"featured_media":6377,"comment_status":"open","ping_status":"open","sticky":false,"template":"","format":"standard","meta":{"footnotes":""},"categories":[289],"tags":[112,164,774],"class_list":["post-6375","post","type-post","status-publish","format-standard","has-post-thumbnail","hentry","category-economia-negocios","tag-fort-atacadista","tag-promocao","tag-semana-f"],"_links":{"self":[{"href":"https:\/\/cidadenoar.com\/global\/wp-json\/wp\/v2\/posts\/6375","targetHints":{"allow":["GET"]}}],"collection":[{"href":"https:\/\/cidadenoar.com\/global\/wp-json\/wp\/v2\/posts"}],"about":[{"href":"https:\/\/cidadenoar.com\/global\/wp-json\/wp\/v2\/types\/post"}],"author":[{"embeddable":true,"href":"https:\/\/cidadenoar.com\/global\/wp-json\/wp\/v2\/users\/23"}],"replies":[{"embeddable":true,"href":"https:\/\/cidadenoar.com\/global\/wp-json\/wp\/v2\/comments?post=6375"}],"version-history":[{"count":2,"href":"https:\/\/cidadenoar.com\/global\/wp-json\/wp\/v2\/posts\/6375\/revisions"}],"predecessor-version":[{"id":6379,"href":"https:\/\/cidadenoar.com\/global\/wp-json\/wp\/v2\/posts\/6375\/revisions\/6379"}],"wp:featuredmedia":[{"embeddable":true,"href":"https:\/\/cidadenoar.com\/global\/wp-json\/wp\/v2\/media\/6377"}],"wp:attachment":[{"href":"https:\/\/cidadenoar.com\/global\/wp-json\/wp\/v2\/media?parent=6375"}],"wp:term":[{"taxonomy":"category","embeddable":true,"href":"https:\/\/cidadenoar.com\/global\/wp-json\/wp\/v2\/categories?post=6375"},{"taxonomy":"post_tag","embeddable":true,"href":"https:\/\/cidadenoar.com\/global\/wp-json\/wp\/v2\/tags?post=6375"}],"curies":[{"name":"wp","href":"https:\/\/api.w.org\/{rel}","templated":true}]}}