{"id":6443,"date":"2025-10-31T21:12:03","date_gmt":"2025-11-01T00:12:03","guid":{"rendered":"https:\/\/cidadenoar.com\/?p=6443"},"modified":"2025-10-31T21:12:06","modified_gmt":"2025-11-01T00:12:06","slug":"palhoca-recebe-programas-sociais-da-arteris-voltados-a-saude-bem-estar-e-seguranca-dos-caminhoneiros-alem-de-acoes-culturais-a-comunidade","status":"publish","type":"post","link":"https:\/\/cidadenoar.com\/global\/cultura-lazer\/palhoca-recebe-programas-sociais-da-arteris-voltados-a-saude-bem-estar-e-seguranca-dos-caminhoneiros-alem-de-acoes-culturais-a-comunidade\/","title":{"rendered":"Palho\u00e7a recebe programas sociais da Arteris voltados \u00e0 sa\u00fade, bem-estar e seguran\u00e7a dos caminhoneiros, al\u00e9m de a\u00e7\u00f5es culturais \u00e0 comunidade"},"content":{"rendered":"\n<p>Ap\u00f3s o sucesso dos programas sociais que beneficiaram quase 11 mil pessoas, a Arteris, uma das principais gestoras de infraestrutura rodovi\u00e1ria do Brasil, realiza a segunda temporada do \u201cEstrada Viva\u201d e do \u201cEduca\u00e7\u00e3o e Arte em Movimento\u201d, em Palho\u00e7a, entre os dias 04 e 08 de novembro.<\/p>\n\n\n\n<p>Patrocinado pela companhia, o<strong> <\/strong>Programa \u201cEstrada Viva\u201d ocorre, nos dias <strong>04, 05 e 06 de novembro,<\/strong> no Ponto Parada e Descanso da Arteris (PPD), localizado na BR 101, km 220 (sentido sul), oferecendo servi\u00e7os gratuitos de sa\u00fade e bem-estar a caminhoneiros e caminhoneiras, al\u00e9m de atividades voltadas \u00e0 seguran\u00e7a nas rodovias. Em alinhamento com os Objetivos de Desenvolvimento Sustent\u00e1vel (ODS) da ONU, especialmente o ODS 3 (Sa\u00fade e Bem-Estar), e a estrat\u00e9gia de Sustentabilidade, o objetivo n\u00e3o \u00e9 apenas melhorar a qualidade de vida dos profissionais, mas tamb\u00e9m contribuir para um tr\u00e2nsito mais seguro, reduzindo acidentes e fatalidades nas estradas.&nbsp;<\/p>\n\n\n\n<figure class=\"wp-block-gallery has-nested-images columns-default is-cropped wp-block-gallery-1 is-layout-flex wp-block-gallery-is-layout-flex\">\n<figure class=\"wp-block-image size-large\"><img decoding=\"async\" data-id=\"299544\" src=\"https:\/\/visornoticias.com.br\/wp-content\/uploads\/2025\/10\/Acao-Saude-768x1024.jpg\" alt=\"\" class=\"wp-image-299544\" title=\"\"><figcaption class=\"wp-element-caption\">A\u00e7\u00e3o voltada a caminhoneiros e caminhoneiras tem servi\u00e7os gratuitos de sa\u00fade e bem-estar &#8211; Foto: Divulga\u00e7\u00e3o<\/figcaption><\/figure>\n\n\n\n<figure class=\"wp-block-image size-large\"><img decoding=\"async\" data-id=\"299545\" src=\"https:\/\/visornoticias.com.br\/wp-content\/uploads\/2025\/10\/cabeleleiro-1-768x1024.jpg\" alt=\"\" class=\"wp-image-299545\" title=\"\"><figcaption class=\"wp-element-caption\">A\u00e7\u00e3o voltada a caminhoneiros e caminhoneiras tem servi\u00e7os gratuitos de sa\u00fade e bem-estar &#8211; Foto: Divulga\u00e7\u00e3o<\/figcaption><\/figure>\n<\/figure>\n\n\n\n<p>A Arteris tamb\u00e9m desenvolver\u00e1 a\u00e7\u00f5es do programa \u201cEduca\u00e7\u00e3o e Arte em Movimento\u201d, que tem como objetivo fomentar o espa\u00e7o escolar como um local de cria\u00e7\u00e3o e viv\u00eancia art\u00edstica. Nos dias <strong>06 e 07 de novembro<\/strong>, alunos da Escola B\u00e1sica Municipal Professor Osmar Ant\u00f4nio Vieira participar\u00e3o de a\u00e7\u00f5es l\u00fadicas, art\u00edsticas e pedag\u00f3gicas gratuitas na unidade.&nbsp; Durante as atividades propostas, o estudante poder\u00e1 aprender &#8211; por meio de linguagens art\u00edsticas, de forma l\u00fadica e divertida &#8211; sobre temas relacionados \u00e0 cidadania, cuidados no tr\u00e2nsito, preserva\u00e7\u00e3o ambiental e a valoriza\u00e7\u00e3o da cultura.&nbsp;<\/p>\n\n\n<div class=\"wp-block-image\">\n<figure class=\"aligncenter size-large is-resized\"><img decoding=\"async\" src=\"https:\/\/visornoticias.com.br\/wp-content\/uploads\/2025\/10\/Escola--1024x683.jpg\" alt=\"\" class=\"wp-image-299536\" style=\"width:auto;height:500px\" title=\"\"><figcaption class=\"wp-element-caption\">Nos dias 6 e 7 de novembro, a Arteris promover\u00e1 uma a\u00e7\u00e3o pedag\u00f3gica na EEB Prof. Osmar Ant\u00f4nio Vieira, em Palho\u00e7a &#8211; Foto: Divulga\u00e7\u00e3o<\/figcaption><\/figure>\n<\/div>\n\n\n<p>E, para a comunidade em geral, no <strong>dia 08 de novembro,<\/strong> no Parque da Barra do Ariri\u00fa, ser\u00e1 realizado o Show Brasil, com artistas renomados e com carreiras voltadas \u00e0 pesquisa das culturas tradicionais e populares. Jessica Borges, Sofia Baroukh e Leandro Medina levar\u00e3o, para o p\u00fablico, cl\u00e1ssicos da m\u00fasica de v\u00e1rios cantos do pa\u00eds, al\u00e9m de can\u00e7\u00f5es autorais inspiradas nessas pesquisas. Com repert\u00f3rio composto por Forr\u00f3, Bai\u00e3o, Samba, Sertanejo, Guar\u00e2nia, Carimb\u00f3 e outros, o show traz forma\u00e7\u00e3o de trio, explorando a intera\u00e7\u00e3o com o p\u00fablico. Divertido e curioso \u00e9 um programa para todas as idades se embalarem nos ritmos brasileiros.<\/p>\n\n\n<div class=\"wp-block-image\">\n<figure class=\"aligncenter size-large is-resized\"><img decoding=\"async\" src=\"https:\/\/visornoticias.com.br\/wp-content\/uploads\/2025\/10\/DSC08477-1024x683.jpg\" alt=\"\" class=\"wp-image-299537\" style=\"width:auto;height:500px\" title=\"\"><figcaption class=\"wp-element-caption\">No dia 8 de novembro (s\u00e1bado), o Parque da Barra do Ariri\u00fa receber\u00e1 shows com artistas renomados e estilos musicais diversos. O evento \u00e9 gratuito e aberto ao p\u00fablico &#8211; Foto: Divulga\u00e7\u00e3o<\/figcaption><\/figure>\n<\/div>\n\n\n<p>Desenvolvido pelo Instituto Caju, este programa \u00e9 realizado por meio da Lei de Incentivo \u00e0 Cultura (Lei Rouanet), do Minist\u00e9rio da Cultura do Governo Federal. Tem parceria com o Sest Senat, Prefeitura de Palho\u00e7a, por meio das secretarias de Educa\u00e7\u00e3o, Sa\u00fade e Cultura, e a Pol\u00edcia Rodovi\u00e1ria Federal<\/p>\n\n\n\n<p>\u201cTemos um trabalho cont\u00ednuo de conscientiza\u00e7\u00e3o junto \u00e0s comunidades, estudantes e usu\u00e1rios das nossas rodovias, refor\u00e7ando nosso compromisso com um tr\u00e2nsito mais seguro e humanizado. Tanto o \u201cEstrada Viva\u201d quanto o \u201cEduca\u00e7\u00e3o e Arte em Movimento\u201d fazem parte dessas a\u00e7\u00f5es, que visam preservar o que temos de mais valioso: a vida\u201d, explica Luiza Di Giacomo Mariutti, coordenadora de Diversidade e Responsabilidade Social da Arteris.&nbsp;&nbsp;<\/p>\n\n\n\n<p><strong>Servi\u00e7o:<\/strong><\/p>\n\n\n\n<p><strong>PROGRAMA \u201cESTRADA VIVA\u201d: A\u00c7\u00d5ES PARA CAMINHONEIROS E CAMINHONEIRAS<\/strong><br><strong>Dias 04, 05 e 06 de novembro<\/strong><br><strong>Das 12h \u00e0s 19h<\/strong><br><strong>Local: Ponto de Parada e Descanso da Arteris (PPD), localizado na BR 101, km 220 &#8211; sentido sul<\/strong><\/p>\n\n\n\n<p>Servi\u00e7os e atividades oferecidos gratuitamente:<\/p>\n\n\n\n<ul class=\"wp-block-list\">\n<li>Espa\u00e7o Beleza (corte de cabelo, barba, manicure, pedicure e massagem);<\/li>\n\n\n\n<li>Espa\u00e7o Sa\u00fade (servi\u00e7os como aferi\u00e7\u00e3o de press\u00e3o arterial e batimentos card\u00edacos, testes r\u00e1pidos de HIV, s\u00edfilis e hepatites B e C e vacinas para H1N1, Covid-19, T\u00e9tano, Rub\u00e9ola, Hepatite B e Febre Amarela, orienta\u00e7\u00e3o de enfermagem, entre outros);<\/li>\n\n\n\n<li>Espa\u00e7o Relaxamento e Leitura;<\/li>\n\n\n\n<li>Espa\u00e7o Bem-Estar (massagem, fisioterapia, atendimento psicol\u00f3gico e nutricional)<\/li>\n\n\n\n<li>Programa na M\u00e3o Certa (preven\u00e7\u00e3o e enfrentamento da explora\u00e7\u00e3o sexual contra crian\u00e7as e adolescentes);<\/li>\n\n\n\n<li>Atividades com \u00f3culos que simulam embriaguez, sonol\u00eancia e uso de entorpecentes nas estradas;<\/li>\n\n\n\n<li>Ouvidoria em Movimento (canal de atendimento para receber sugest\u00f5es, elogios, reclama\u00e7\u00f5es e den\u00fancias dos caminhoneiros);<\/li>\n\n\n\n<li>Orienta\u00e7\u00f5es para combate ao ass\u00e9dio contra mulheres&nbsp;<\/li>\n\n\n\n<li>Divulga\u00e7\u00e3o de vagas (RH da Arteris);<\/li>\n\n\n\n<li>Me adota (resgate e doa\u00e7\u00e3o de animais).&nbsp;<\/li>\n<\/ul>\n\n\n\n<p><\/p>\n\n\n\n<p><strong>PROGRAMA \u201cEDUCA\u00c7\u00c3O E ARTE EM MOVIMENTO\u201d: A\u00c7\u00d5ES PARA COMUNIDADE ESCOLAR<\/strong><br><strong>Dias 06 e 07 de novembro<\/strong><br><strong>Das 08h \u00e0s 16h30<\/strong><br><strong>Local: Escola B\u00e1sica Municipal Professor Osmar Ant\u00f4nio Vieira<\/strong><br><strong>Rua Vidal Proc\u00f3pio Lohn, 1081 \u2013 Nova Palho\u00e7a<\/strong><\/p>\n\n\n\n<p>Atividades gratuitas:<\/p>\n\n\n\n<ul class=\"wp-block-list\">\n<li>Conta\u00e7\u00e3o de hist\u00f3ria;<\/li>\n\n\n\n<li>Corpo e movimento;<\/li>\n\n\n\n<li>Gincana;<\/li>\n\n\n\n<li>Produ\u00e7\u00e3o pl\u00e1stica.<\/li>\n<\/ul>\n\n\n\n<p><\/p>\n\n\n\n<p><strong>PROGRAMA \u201cEDUCA\u00c7\u00c3O E ARTE EM MOVIMENTO\u201d: A\u00c7\u00c3O PARA A POPULA\u00c7\u00c3O<\/strong><br><strong>Dia 08 de novembro<\/strong><br><strong>16h<\/strong><br><strong>Local: Parque da Barra do Ariri\u00fa<\/strong><br><strong>Rua Bahuan Fernandes Rochinski, Barra do Ariri\u00fa, Palho\u00e7a, SC<\/strong><\/p>\n\n\n\n<p>Atividade gratuita:<\/p>\n\n\n\n<ul class=\"wp-block-list\">\n<li>Show Brasil I\u00e1 I\u00e1, com repert\u00f3rio que percorre a cultura de nosso pa\u00eds, com os artistas Camila Borges, Leandro Medina e Sofia Baroukh.<\/li>\n<\/ul>\n","protected":false},"excerpt":{"rendered":"<p>Ser\u00e3o oferecidas mais de 30 atividades gratuitas durante o Programa Estrada Viva, refor\u00e7ando o compromisso da companhia em promover um tr\u00e2nsito mais seguro <\/p>\n","protected":false},"author":23,"featured_media":6444,"comment_status":"open","ping_status":"open","sticky":false,"template":"","format":"standard","meta":{"footnotes":""},"categories":[360],"tags":[],"class_list":["post-6443","post","type-post","status-publish","format-standard","has-post-thumbnail","hentry","category-cultura-lazer"],"_links":{"self":[{"href":"https:\/\/cidadenoar.com\/global\/wp-json\/wp\/v2\/posts\/6443","targetHints":{"allow":["GET"]}}],"collection":[{"href":"https:\/\/cidadenoar.com\/global\/wp-json\/wp\/v2\/posts"}],"about":[{"href":"https:\/\/cidadenoar.com\/global\/wp-json\/wp\/v2\/types\/post"}],"author":[{"embeddable":true,"href":"https:\/\/cidadenoar.com\/global\/wp-json\/wp\/v2\/users\/23"}],"replies":[{"embeddable":true,"href":"https:\/\/cidadenoar.com\/global\/wp-json\/wp\/v2\/comments?post=6443"}],"version-history":[{"count":2,"href":"https:\/\/cidadenoar.com\/global\/wp-json\/wp\/v2\/posts\/6443\/revisions"}],"predecessor-version":[{"id":6446,"href":"https:\/\/cidadenoar.com\/global\/wp-json\/wp\/v2\/posts\/6443\/revisions\/6446"}],"wp:featuredmedia":[{"embeddable":true,"href":"https:\/\/cidadenoar.com\/global\/wp-json\/wp\/v2\/media\/6444"}],"wp:attachment":[{"href":"https:\/\/cidadenoar.com\/global\/wp-json\/wp\/v2\/media?parent=6443"}],"wp:term":[{"taxonomy":"category","embeddable":true,"href":"https:\/\/cidadenoar.com\/global\/wp-json\/wp\/v2\/categories?post=6443"},{"taxonomy":"post_tag","embeddable":true,"href":"https:\/\/cidadenoar.com\/global\/wp-json\/wp\/v2\/tags?post=6443"}],"curies":[{"name":"wp","href":"https:\/\/api.w.org\/{rel}","templated":true}]}}