{"id":6449,"date":"2025-11-03T11:03:21","date_gmt":"2025-11-03T14:03:21","guid":{"rendered":"https:\/\/cidadenoar.com\/?p=6449"},"modified":"2025-11-03T11:03:27","modified_gmt":"2025-11-03T14:03:27","slug":"fort-atacadista-amplia-servicos-e-reinaugura-primeira-loja-da-rede-em-joinville","status":"publish","type":"post","link":"https:\/\/cidadenoar.com\/global\/economia-negocios\/fort-atacadista-amplia-servicos-e-reinaugura-primeira-loja-da-rede-em-joinville\/","title":{"rendered":"Fort Atacadista amplia servi\u00e7os e reinaugura primeira loja da rede, em Joinville"},"content":{"rendered":"\n<p>O Fort Atacadista, rede de atacarejo do Grupo Pereira, reinaugurou na \u00faltima quarta-feira, 29 de outubro, a loja localizada no bairro Bucarein, em Joinville. Primeira unidade do Fort inaugurada na cidade h\u00e1 26 anos, a loja passou por um amplo processo de moderniza\u00e7\u00e3o e reabriu ao p\u00fablico com novos servi\u00e7os, mais conforto e uma experi\u00eancia de compra aprimorada.<\/p>\n\n\n\n<p>A unidade recebeu melhorias estruturais em diversos setores, com destaque para a amplia\u00e7\u00e3o do estacionamento, que passou de 220 para 420 vagas, e para a instala\u00e7\u00e3o de seis caixas de autoatendimento. Tamb\u00e9m foram adicionados novos setores e categorias de venda, como o A\u00e7ougue Carne Fresca, a Padaria Fort e o Restaurante Trudy\u2019s, que ocupa uma \u00e1rea de 600m\u00b2.<\/p>\n\n\n\n<p>Al\u00e9m das novidades, a loja recebeu troca completa de equipamentos e mobili\u00e1rio, incluindo novos racks, g\u00f4ndolas e balc\u00f5es de frios e congelados. O quadro de colaboradores tamb\u00e9m cresceu, passando de 220 para&nbsp;<strong>275 funcion\u00e1rios,<\/strong>&nbsp;o que representa um aumento de aproximadamente 30% a 40%.<\/p>\n\n\n\n<p>\u201cA loja do Bucarein tem um valor simb\u00f3lico e muito expressivo para o Fort Atacadista, justamente por ter sido a primeira unidade de um atacarejo inaugurada pelo Grupo Pereira &#8211; em tempos em que este modelo nem era conhecido, sendo pioneiro no Sul do Brasil. Agora, com essa moderniza\u00e7\u00e3o e amplia\u00e7\u00e3o, entregamos \u00e0 maior cidade de Santa Catarina uma loja ainda mais completa, moderna e preparada para atender com ainda mais qualidade \u00e0s necessidades do p\u00fablico local\u201d, afirma Silvia Marquez, gerente de marketing do Fort Atacadista.<\/p>\n\n\n\n<p>Com a reinaugura\u00e7\u00e3o, o Fort Atacadista refor\u00e7a sua presen\u00e7a em Joinville e segue investindo em melhorias em todas as suas unidades, com um olhar especial para Santa Catarina, estado onde o Grupo Pereira nasceu e mant\u00e9m grande parte de suas opera\u00e7\u00f5es.<\/p>\n\n\n\n<figure class=\"wp-block-image size-large\"><img fetchpriority=\"high\" decoding=\"async\" width=\"1024\" height=\"684\" src=\"https:\/\/cidadenoar.com\/wp-content\/uploads\/sites\/22\/2025\/11\/Fort-Atacadista-Bucarein-em-Joinville-reinaugurou-com-melhorias-e-novas-operacoes-Divulgacao-2-1024x684.jpg\" alt=\"\" class=\"wp-image-6451\" title=\"\" srcset=\"https:\/\/cidadenoar.com\/global\/wp-content\/uploads\/sites\/22\/2025\/11\/Fort-Atacadista-Bucarein-em-Joinville-reinaugurou-com-melhorias-e-novas-operacoes-Divulgacao-2-1024x684.jpg 1024w, https:\/\/cidadenoar.com\/global\/wp-content\/uploads\/sites\/22\/2025\/11\/Fort-Atacadista-Bucarein-em-Joinville-reinaugurou-com-melhorias-e-novas-operacoes-Divulgacao-2-300x200.jpg 300w, https:\/\/cidadenoar.com\/global\/wp-content\/uploads\/sites\/22\/2025\/11\/Fort-Atacadista-Bucarein-em-Joinville-reinaugurou-com-melhorias-e-novas-operacoes-Divulgacao-2-768x513.jpg 768w, https:\/\/cidadenoar.com\/global\/wp-content\/uploads\/sites\/22\/2025\/11\/Fort-Atacadista-Bucarein-em-Joinville-reinaugurou-com-melhorias-e-novas-operacoes-Divulgacao-2-1536x1027.jpg 1536w, https:\/\/cidadenoar.com\/global\/wp-content\/uploads\/sites\/22\/2025\/11\/Fort-Atacadista-Bucarein-em-Joinville-reinaugurou-com-melhorias-e-novas-operacoes-Divulgacao-2-600x400.jpg 600w, https:\/\/cidadenoar.com\/global\/wp-content\/uploads\/sites\/22\/2025\/11\/Fort-Atacadista-Bucarein-em-Joinville-reinaugurou-com-melhorias-e-novas-operacoes-Divulgacao-2.jpg 1616w\" sizes=\"(max-width: 1024px) 100vw, 1024px\" \/><\/figure>\n","protected":false},"excerpt":{"rendered":"<p>Unidade do bairro Bucarein, a primeira loja da bandeira de atacarejo do Grupo Pereira, inaugurada h\u00e1 26 anos, foi reinaugurada nesta quarta-feira (29) com melhorias na infraestrutura e novidades na opera\u00e7\u00e3o<\/p>\n","protected":false},"author":23,"featured_media":6450,"comment_status":"open","ping_status":"open","sticky":false,"template":"","format":"standard","meta":{"footnotes":""},"categories":[289],"tags":[112,778],"class_list":["post-6449","post","type-post","status-publish","format-standard","has-post-thumbnail","hentry","category-economia-negocios","tag-fort-atacadista","tag-reinaugura"],"_links":{"self":[{"href":"https:\/\/cidadenoar.com\/global\/wp-json\/wp\/v2\/posts\/6449","targetHints":{"allow":["GET"]}}],"collection":[{"href":"https:\/\/cidadenoar.com\/global\/wp-json\/wp\/v2\/posts"}],"about":[{"href":"https:\/\/cidadenoar.com\/global\/wp-json\/wp\/v2\/types\/post"}],"author":[{"embeddable":true,"href":"https:\/\/cidadenoar.com\/global\/wp-json\/wp\/v2\/users\/23"}],"replies":[{"embeddable":true,"href":"https:\/\/cidadenoar.com\/global\/wp-json\/wp\/v2\/comments?post=6449"}],"version-history":[{"count":2,"href":"https:\/\/cidadenoar.com\/global\/wp-json\/wp\/v2\/posts\/6449\/revisions"}],"predecessor-version":[{"id":6453,"href":"https:\/\/cidadenoar.com\/global\/wp-json\/wp\/v2\/posts\/6449\/revisions\/6453"}],"wp:featuredmedia":[{"embeddable":true,"href":"https:\/\/cidadenoar.com\/global\/wp-json\/wp\/v2\/media\/6450"}],"wp:attachment":[{"href":"https:\/\/cidadenoar.com\/global\/wp-json\/wp\/v2\/media?parent=6449"}],"wp:term":[{"taxonomy":"category","embeddable":true,"href":"https:\/\/cidadenoar.com\/global\/wp-json\/wp\/v2\/categories?post=6449"},{"taxonomy":"post_tag","embeddable":true,"href":"https:\/\/cidadenoar.com\/global\/wp-json\/wp\/v2\/tags?post=6449"}],"curies":[{"name":"wp","href":"https:\/\/api.w.org\/{rel}","templated":true}]}}