{"id":6466,"date":"2025-11-04T12:47:15","date_gmt":"2025-11-04T15:47:15","guid":{"rendered":"https:\/\/cidadenoar.com\/?p=6466"},"modified":"2025-11-04T12:53:00","modified_gmt":"2025-11-04T15:53:00","slug":"prudencio-neto-e-anfitriao-de-comitiva-alema-durante-visita-institucional-em-brusque","status":"publish","type":"post","link":"https:\/\/cidadenoar.com\/global\/guia-local\/prudencio-neto-e-anfitriao-de-comitiva-alema-durante-visita-institucional-em-brusque\/","title":{"rendered":"Prud\u00eancio Neto \u00e9 anfitri\u00e3o de comitiva alem\u00e3 durante visita institucional em Brusque"},"content":{"rendered":"\n<p>O ex-prefeito de Brusque, Roberto Prud\u00eancio Neto, junto do pai, o Comendador de Guabiruba e o inventor da urna eletr\u00f4nica, Carlos Prud\u00eancio, receberam na resid\u00eancia da fam\u00edlia Prud\u00eancio, nesta sexta-feira, 31, o prefeito de Karlsdorf-Neuthard, Harold Weschenfelder, e sua esposa, Helga, al\u00e9m de Ragnar Watteroth, tamb\u00e9m integrante da comitiva alem\u00e3. Participou ainda da visita o&nbsp; presidente da Badisch-S\u00fcdbrasilianische Gesellschaft (BSG), Valdir Riffel, que acompanhou a delega\u00e7\u00e3o durante a celebra\u00e7\u00e3o dos 10 anos da coopera\u00e7\u00e3o clim\u00e1tica entre as cidades co-irm\u00e3s.<\/p>\n\n\n\n<p>No lado brasileiro da alian\u00e7a, o ex-prefeito de Brusque foi uma figura central nas articula\u00e7\u00f5es do acordo assinado em 2015, durante sua gest\u00e3o, com a comitiva alem\u00e3 liderada por Christoph Schnaudigel. Fizeram parte daquela comitiva o ent\u00e3o prefeito de Karlsdorf-Neuthard, Sven Weigt, e o ex-prefeito Egon Klefenz \u2014 amigo de longa data de Carlos Prud\u00eancio e da fam\u00edlia.<\/p>\n\n\n\n<p>A rela\u00e7\u00e3o entre as fam\u00edlias Prud\u00eancio e Weschenfelder, por\u00e9m, \u00e9 ainda mais antiga \u2014 remonta \u00e0 inf\u00e2ncia de Roberto, que passava as f\u00e9rias na casa da fam\u00edlia Weschenfelder, na Alemanha. Desde ent\u00e3o, os la\u00e7os de amizade e coopera\u00e7\u00e3o se mant\u00eam vivos e sinceros, fortalecendo-se ao longo das d\u00e9cadas por meio de visitas rec\u00edprocas e de uma rela\u00e7\u00e3o de confian\u00e7a constru\u00edda entre gera\u00e7\u00f5es.<\/p>\n\n\n\n<p>\u201cEntre tantos encontros nos \u00faltimos trinta anos, o mais marcante ocorre quando plantamos esta semente que hoje tem solidez em projetos de inova\u00e7\u00e3o, meio ambiente, educa\u00e7\u00e3o e desenvolvimento urbano. Este acordo institucional e cultural \u00e9 muito importante para o desenvolvimento do munic\u00edpio, com frutos que perpetuar\u00e3o nas pr\u00f3ximas gera\u00e7\u00f5es&#8221;, comenta Prud\u00eancio Neto.&nbsp;<\/p>\n","protected":false},"excerpt":{"rendered":"<p>Agenda celebra dez anos de acordo assinado com as cidades co-irm\u00e3s, Brusque e Karlsdorf-Neuthard, quando ex-prefeito foi figura central nas articula\u00e7\u00f5es do lado brasileiro <\/p>\n","protected":false},"author":23,"featured_media":6470,"comment_status":"open","ping_status":"open","sticky":false,"template":"","format":"standard","meta":{"footnotes":""},"categories":[488],"tags":[200,783,115],"class_list":["post-6466","post","type-post","status-publish","format-standard","has-post-thumbnail","hentry","category-guia-local","tag-brusque","tag-cidade","tag-meio-ambiente"],"_links":{"self":[{"href":"https:\/\/cidadenoar.com\/global\/wp-json\/wp\/v2\/posts\/6466","targetHints":{"allow":["GET"]}}],"collection":[{"href":"https:\/\/cidadenoar.com\/global\/wp-json\/wp\/v2\/posts"}],"about":[{"href":"https:\/\/cidadenoar.com\/global\/wp-json\/wp\/v2\/types\/post"}],"author":[{"embeddable":true,"href":"https:\/\/cidadenoar.com\/global\/wp-json\/wp\/v2\/users\/23"}],"replies":[{"embeddable":true,"href":"https:\/\/cidadenoar.com\/global\/wp-json\/wp\/v2\/comments?post=6466"}],"version-history":[{"count":1,"href":"https:\/\/cidadenoar.com\/global\/wp-json\/wp\/v2\/posts\/6466\/revisions"}],"predecessor-version":[{"id":6468,"href":"https:\/\/cidadenoar.com\/global\/wp-json\/wp\/v2\/posts\/6466\/revisions\/6468"}],"wp:featuredmedia":[{"embeddable":true,"href":"https:\/\/cidadenoar.com\/global\/wp-json\/wp\/v2\/media\/6470"}],"wp:attachment":[{"href":"https:\/\/cidadenoar.com\/global\/wp-json\/wp\/v2\/media?parent=6466"}],"wp:term":[{"taxonomy":"category","embeddable":true,"href":"https:\/\/cidadenoar.com\/global\/wp-json\/wp\/v2\/categories?post=6466"},{"taxonomy":"post_tag","embeddable":true,"href":"https:\/\/cidadenoar.com\/global\/wp-json\/wp\/v2\/tags?post=6466"}],"curies":[{"name":"wp","href":"https:\/\/api.w.org\/{rel}","templated":true}]}}