{"id":6518,"date":"2025-11-06T16:20:10","date_gmt":"2025-11-06T19:20:10","guid":{"rendered":"https:\/\/cidadenoar.com\/?p=6518"},"modified":"2025-11-06T16:20:14","modified_gmt":"2025-11-06T19:20:14","slug":"trabalhador-sofre-choque-eletrico-violento-em-londrina-quem-responde-por-isso","status":"publish","type":"post","link":"https:\/\/cidadenoar.com\/global\/geral\/trabalhador-sofre-choque-eletrico-violento-em-londrina-quem-responde-por-isso\/","title":{"rendered":"Trabalhador sofre choque el\u00e9trico violento em Londrina. Quem responde por isso?"},"content":{"rendered":"\n<p>Era uma manh\u00e3 comum em Londrina. O som das obras, o movimento dos pedreiros, a rotina que segue sem pausa. Entre eles, um trabalhador de cerca de 50 anos, rec\u00e9m-contratado como auxiliar de pedreiro, subia \u00e0 laje para mais um dia de servi\u00e7o. Em poucos segundos, o que era apenas mais um turno de trabalho transformou-se em trag\u00e9dia: um choque el\u00e9trico violento o fez perder os sentidos, deixando-o com suspeita de les\u00e3o na coluna e comprometimento neurol\u00f3gico (fonte <a href=\"https:\/\/taroba.com.br\/noticias\/cidade\/homem-sofre-grave-acidente-de-trabalho-ao-levar-choque-eletrico-em-londrina#:~:text=Um%20homem%20de%20cerca%20de,e%20do%20SAMU%20foram%20acionadas.\" data-type=\"link\" data-id=\"https:\/\/taroba.com.br\/noticias\/cidade\/homem-sofre-grave-acidente-de-trabalho-ao-levar-choque-eletrico-em-londrina#:~:text=Um%20homem%20de%20cerca%20de,e%20do%20SAMU%20foram%20acionadas.\" target=\"_blank\" rel=\"noopener\">Jornal Tabor\u00e1<\/a>).<\/p>\n\n\n\n<p>Hist\u00f3rias como essa, infelizmente, n\u00e3o s\u00e3o raras. Mas elas nos fazem refletir, <strong>at\u00e9 que ponto o ambiente de trabalho no Brasil \u00e9 realmente seguro?<\/strong> <strong>Quantas dessas situa\u00e7\u00f5es poderiam ser evitadas com medidas simples de preven\u00e7\u00e3o e treinamento adequado?<\/strong><\/p>\n\n\n\n<p>No Direito do Trabalho, a resposta \u00e9 clara, e o dever \u00e9 objetivo: <strong>cabe ao empregador garantir condi\u00e7\u00f5es seguras e adequadas ao exerc\u00edcio da atividade<\/strong>. O artigo 7\u00ba, inciso XXII, da Constitui\u00e7\u00e3o Federal e as normas regulamentadoras do Minist\u00e9rio do Trabalho n\u00e3o deixam margem para d\u00favidas: o trabalhador tem direito \u00e0 redu\u00e7\u00e3o dos riscos ocupacionais, e o empregador, a obriga\u00e7\u00e3o de prevenir, orientar e fiscalizar.<\/p>\n\n\n\n<p>O acidente de Londrina escancara a realidade de milhares de profissionais que atuam na constru\u00e7\u00e3o civil sem o devido preparo, muitas vezes sem equipamentos de prote\u00e7\u00e3o individual (EPIs), sem treinamento t\u00e9cnico e, em alguns casos, sem sequer compreender os riscos da atividade que executam. E quando a preven\u00e7\u00e3o falha, o que resta \u00e9 o amparo jur\u00eddico, que busca, na repara\u00e7\u00e3o, o que deveria ter sido garantido pela precau\u00e7\u00e3o.<\/p>\n\n\n\n<p>Mais do que uma quest\u00e3o legal, a seguran\u00e7a no trabalho \u00e9 um compromisso humano e social. Investir em treinamento e prote\u00e7\u00e3o n\u00e3o \u00e9 custo, \u00e9 valoriza\u00e7\u00e3o. \u00c9 compreender que cada trabalhador \u00e9 mais do que uma for\u00e7a de produ\u00e7\u00e3o: \u00e9 uma vida, uma hist\u00f3ria, uma fam\u00edlia que espera o retorno seguro ao fim do dia.<\/p>\n\n\n\n<p>O caso de Londrina n\u00e3o deve ser apenas mais uma manchete, deve ser um chamado \u00e0 responsabilidade. Porque proteger o trabalhador \u00e9 proteger o pr\u00f3prio sentido do trabalho.<\/p>\n\n\n\n<p><\/p>\n\n\n\n<p><strong>Quais s\u00e3o os direitos do trabalhador em casos de acidente de trabalho?<\/strong><\/p>\n\n\n\n<p>O trabalhador que sofre um acidente durante o exerc\u00edcio de sua fun\u00e7\u00e3o tem uma s\u00e9rie de direitos assegurados por lei, entre eles:<\/p>\n\n\n\n<ul class=\"wp-block-list\">\n<li><strong>Emiss\u00e3o da CAT (Comunica\u00e7\u00e3o de Acidente de Trabalho):<\/strong> documento obrigat\u00f3rio que deve ser emitido pelo empregador para registrar oficialmente o acidente;<\/li>\n\n\n\n<li><strong>Aux\u00edlio-doen\u00e7a acident\u00e1rio (B91):<\/strong> benef\u00edcio pago pelo INSS ao trabalhador afastado por mais de 15 dias em raz\u00e3o do acidente;<\/li>\n\n\n\n<li><strong>Estabilidade provis\u00f3ria:<\/strong> garantia de emprego por 12 meses ap\u00f3s o retorno ao trabalho, prevista no artigo 118 da Lei n\u00ba 8.213\/91;<\/li>\n\n\n\n<li><strong>Dep\u00f3sitos do FGTS durante o afastamento:<\/strong> o empregador deve continuar recolhendo o FGTS enquanto durar o afastamento;<\/li>\n\n\n\n<li><strong>Indeniza\u00e7\u00e3o por danos morais e materiais:<\/strong> quando comprovada a responsabilidade do empregador pela falta de seguran\u00e7a ou neglig\u00eancia;<\/li>\n\n\n\n<li><strong>Reabilita\u00e7\u00e3o profissional:<\/strong> o trabalhador tem direito a programas de reabilita\u00e7\u00e3o para reinser\u00e7\u00e3o no mercado de trabalho, se necess\u00e1rio.<\/li>\n<\/ul>\n\n\n\n<p><\/p>\n\n\n\n<p><strong>Ficou com d\u00favidas sobre seus direitos trabalhistas ou sobre como agir em caso de acidente de trabalho?<\/strong> Entre em contato conosco e receba uma orienta\u00e7\u00e3o especializada. Informa\u00e7\u00e3o \u00e9 o primeiro passo para garantir justi\u00e7a e seguran\u00e7a no ambiente de trabalho.<\/p>\n\n\n\n<p><strong>Ficou com d\u00favidas? Entre em contato conosco!<\/strong><\/p>\n\n\n\n<p>Acompanhe o autor no Instagram \u2013 l\u00e1 o Direito \u00e9 direto, sem enrola\u00e7\u00e3o e do jeito que voc\u00ea entende!&nbsp;<a href=\"http:\/\/instagram.com\/geovani.menezes\/\" target=\"_blank\" rel=\"noreferrer noopener\">@geovani.menezes<\/a>&nbsp;(clique para seguir o autor no instagram).<\/p>\n\n\n\n<p><\/p>\n\n\n<div class=\"wp-block-post-author wp-duotone-unset-1\"><div class=\"wp-block-post-author__avatar\"><img decoding=\"async\" alt=\"Avatar photo\" src=\"http:\/\/cidadenoar.com\/wp-content\/uploads\/sites\/22\/2025\/04\/cropped-geov-48x48.jpeg\" srcset=\"http:\/\/cidadenoar.com\/wp-content\/uploads\/sites\/22\/2025\/04\/cropped-geov-96x96.jpeg 2x\" class=\"avatar avatar-48 photo\" height=\"48\" width=\"48\" title=\"\"><\/div><div class=\"wp-block-post-author__content\"><p class=\"wp-block-post-author__byline\"><strong>AUTOR<\/strong><\/p><p class=\"wp-block-post-author__name\">Geovani Menezes<\/p><\/div><\/div>\n\n\n<p><strong>Geovani Menezes <\/strong>\u00e9 advogado na Menezes Advocacia, atuando em causas trabalhistas e c\u00edveis. Geovani tamb\u00e9m \u00e9 mestrando em Ci\u00eancias Jur\u00eddicas e Bacharel em Direito pela Universidade Cesumar &#8211; UniCesumar (Campus Maring\u00e1\/PR), sendo bolsista do Programa de Suporte \u00e0 P\u00f3s-Gradua\u00e7\u00e3o de Institui\u00e7\u00f5es de Ensino Particulares (PROSUP\/CAPES). P\u00f3s graduado em Direito Notarial e Registral pelo Centro Universit\u00e1rio Cidade Verde &#8211; UniCV (Maring\u00e1\/PR). Pesquisador. Desenvolve pesquisas em direito com enfoque nas \u00e1reas de direitos da personalidade, desjudicializa\u00e7\u00e3o e acesso \u00e0 justi\u00e7a.<br><br>Geovani \u00e9 colunista do portal CidadeNoAr.com, autor da coluna Direito Notarial e Registral, na qual aborda temas relacionados aos cart\u00f3rios, direitos da personalidade e \u00e0 fun\u00e7\u00e3o cidad\u00e3 do extrajudicial.<br>Contato: geovani_menezes@hotmail.com.br.&nbsp;<\/p>\n\n\n\n<p><\/p>\n\n\n\n<p><strong><em>Outros artigos do autor:<\/em><\/strong><\/p>\n\n\n\n<p><a href=\"https:\/\/cidadenoar.com\/geral\/quanto-willian-bonner-poderia-receber-de-fgts-e-rescisao-leia-aqui\/\">Quanto Willian Bonner poderia receber de FGTS e rescis\u00e3o? Leia aqui<\/a><\/p>\n\n\n\n<p><a href=\"https:\/\/cidadenoar.com\/opiniao\/estao-fazendo-pressao-para-eu-pedir-as-contas-e-agora\/\">Est\u00e3o fazendo press\u00e3o para eu pedir as contas: e agora?<\/a><\/p>\n\n\n\n<p><a href=\"https:\/\/cidadenoar.com\/geral\/trabalhador-rural-conheca-seus-direitos-e-fuja-de-pagamentos-por-fora\/\">Trabalhador Rural Conhe\u00e7a Seus Direitos e Fuja de Pagamentos \u201cPor Fora\u201d<\/a><\/p>\n\n\n\n<p><a href=\"https:\/\/cidadenoar.com\/geral\/primeiro-a-gente-ve-se-da-certo-depois-eu-te-registro\/\" data-type=\"link\" data-id=\"https:\/\/cidadenoar.com\/geral\/primeiro-a-gente-ve-se-da-certo-depois-eu-te-registro\/\">Primeiro a gente v\u00ea se d\u00e1 certo, depois eu te registro<\/a><\/p>\n\n\n\n<p><a href=\"https:\/\/cidadenoar.com\/geral\/o-que-fazer-quando-o-patrao-atrasa-o-salario\/\" data-type=\"link\" data-id=\"https:\/\/cidadenoar.com\/geral\/o-que-fazer-quando-o-patrao-atrasa-o-salario\/\">O que fazer quando o patr\u00e3o atrasa o sal\u00e1rio?<\/a><\/p>\n\n\n\n<p><a href=\"https:\/\/cidadenoar.com\/economia-negocios\/aviso-previo-cumprido-em-casa-sera-que-vale-mesmo-a-pena\/\" data-type=\"link\" data-id=\"https:\/\/cidadenoar.com\/economia-negocios\/aviso-previo-cumprido-em-casa-sera-que-vale-mesmo-a-pena\/\">Aviso pr\u00e9vio cumprido em casa: ser\u00e1 que vale mesmo a pena?<\/a><\/p>\n\n\n\n<p><strong><a href=\"https:\/\/cidadenoar.com\/2025\/06\/10\/humilhacoes-no-trabalho-nao-sao-normais-como-se-proteger\/\">Humilha\u00e7\u00f5es no trabalho n\u00e3o s\u00e3o normais: Como se proteger?<\/a><\/strong><\/p>\n\n\n\n<p><a href=\"https:\/\/cidadenoar.com\/2025\/05\/26\/patrao-pisou-na-bola-e-nao-depositou-seu-fgts-leia-aqui\/\"><strong>Patr\u00e3o pisou na bola e n\u00e3o depositou seu FGTS? Leia aqui.<\/strong><\/a><\/p>\n\n\n\n<p><strong><a href=\"https:\/\/cidadenoar.com\/2025\/05\/14\/trabalhador-rural-ta-pegando-no-pesado-sem-registro\/\">Trabalhador rural, t\u00e1 pegando no pesado sem registro?<\/a><\/strong><\/p>\n\n\n\n<p><a href=\"https:\/\/cidadenoar.com\/2025\/04\/25\/foi-demitido-saiba-seus-direitos-ou-se-cabe-indenizacao\/\" data-type=\"link\" data-id=\"https:\/\/cidadenoar.com\/2025\/04\/25\/foi-demitido-saiba-seus-direitos-ou-se-cabe-indenizacao\/\"><strong>FOI DEMITIDO? SAIBA SEUS DIREITOS \u2013 OU SE CABE INDENIZA\u00c7\u00c3O<\/strong><\/a><\/p>\n\n\n\n<p><strong><a href=\"https:\/\/cidadenoar.com\/2025\/04\/15\/posso-mudar-de-nome-so-porque-nao-gosto-o-caso-de-reinalda\/\">Posso mudar de nome s\u00f3 porque n\u00e3o gosto? O caso de REINALDA<\/a><\/strong><\/p>\n\n\n\n<p><\/p>\n\n\n\n<p><\/p>\n\n\n\n<p>Fontes:<\/p>\n\n\n\n<p>Jornal Tabor\u00e1: <a href=\"https:\/\/taroba.com.br\/noticias\/cidade\/homem-sofre-grave-acidente-de-trabalho-ao-levar-choque-eletrico-em-londrina#:~:text=Um%20homem%20de%20cerca%20de,e%20do%20SAMU%20foram%20acionadas.\" target=\"_blank\" rel=\"noopener\"><a href=\"https:\/\/taroba.com.br\/noticias\/cidade\/homem-sofre-grave-acidente-de-trabalho-ao-levar-choque-eletrico-em-londrina#:~:text=Um%20homem%20de%20cerca%20de,e%20do%20SAMU%20foram%20acionadas.\" target=\"_blank\" rel=\"noopener\">Homem sofre grave acidente de trabalho ao levar choque el\u00e9trico em Londrina<\/a><\/a><\/p>\n\n\n\n<p><\/p>\n","protected":false},"excerpt":{"rendered":"<p>O artigo discute a responsabilidade do empregador em casos de acidente de trabalho, destacando o dever legal de garantir condi\u00e7\u00f5es seguras e o direito do trabalhador \u00e0 prote\u00e7\u00e3o e \u00e0 repara\u00e7\u00e3o.<\/p>\n","protected":false},"author":27,"featured_media":6528,"comment_status":"open","ping_status":"open","sticky":false,"template":"","format":"standard","meta":{"footnotes":""},"categories":[11,1,10],"tags":[754,334,214,299,799],"class_list":["post-6518","post","type-post","status-publish","format-standard","has-post-thumbnail","hentry","category-brasil","category-geral","category-opiniao","tag-advogado-especialista","tag-advogado-responde","tag-direito-do-trabalho","tag-direito-trabalhista","tag-trabalhador"],"_links":{"self":[{"href":"https:\/\/cidadenoar.com\/global\/wp-json\/wp\/v2\/posts\/6518","targetHints":{"allow":["GET"]}}],"collection":[{"href":"https:\/\/cidadenoar.com\/global\/wp-json\/wp\/v2\/posts"}],"about":[{"href":"https:\/\/cidadenoar.com\/global\/wp-json\/wp\/v2\/types\/post"}],"author":[{"embeddable":true,"href":"https:\/\/cidadenoar.com\/global\/wp-json\/wp\/v2\/users\/27"}],"replies":[{"embeddable":true,"href":"https:\/\/cidadenoar.com\/global\/wp-json\/wp\/v2\/comments?post=6518"}],"version-history":[{"count":2,"href":"https:\/\/cidadenoar.com\/global\/wp-json\/wp\/v2\/posts\/6518\/revisions"}],"predecessor-version":[{"id":6569,"href":"https:\/\/cidadenoar.com\/global\/wp-json\/wp\/v2\/posts\/6518\/revisions\/6569"}],"wp:featuredmedia":[{"embeddable":true,"href":"https:\/\/cidadenoar.com\/global\/wp-json\/wp\/v2\/media\/6528"}],"wp:attachment":[{"href":"https:\/\/cidadenoar.com\/global\/wp-json\/wp\/v2\/media?parent=6518"}],"wp:term":[{"taxonomy":"category","embeddable":true,"href":"https:\/\/cidadenoar.com\/global\/wp-json\/wp\/v2\/categories?post=6518"},{"taxonomy":"post_tag","embeddable":true,"href":"https:\/\/cidadenoar.com\/global\/wp-json\/wp\/v2\/tags?post=6518"}],"curies":[{"name":"wp","href":"https:\/\/api.w.org\/{rel}","templated":true}]}}