{"id":6530,"date":"2025-11-06T21:26:00","date_gmt":"2025-11-07T00:26:00","guid":{"rendered":"https:\/\/cidadenoar.com\/?p=6530"},"modified":"2025-11-07T00:32:43","modified_gmt":"2025-11-07T03:32:43","slug":"villa-romana-shopping-inaugura-decoracao-de-natal-e-recebe-o-papai-noel-nesta-sexta-feira-7","status":"publish","type":"post","link":"https:\/\/cidadenoar.com\/global\/guia-local\/villa-romana-shopping-inaugura-decoracao-de-natal-e-recebe-o-papai-noel-nesta-sexta-feira-7\/","title":{"rendered":"Villa Romana Shopping inaugura decora\u00e7\u00e3o de Natal e recebe o Papai Noel nesta sexta-feira (7)"},"content":{"rendered":"\n<p>O esp\u00edrito natalino toma conta do Villa Romana Shopping a partir desta sexta-feira (7), com a inaugura\u00e7\u00e3o da decora\u00e7\u00e3o de Natal e a chegada do Papai Noel. Neste ano, o tema \u201cLuzes de Natal\u201d foi escolhido para representar a esperan\u00e7a, a uni\u00e3o e o brilho que marcam essa \u00e9poca especial.<\/p>\n\n\n\n<p>Inspirado na beleza e no simbolismo das luzes, o shopping ganha uma ambienta\u00e7\u00e3o repleta de detalhes luminosos, com borboletas iluminadas, adornos cl\u00e1ssicos em dourado e vermelho e elementos que convidam o p\u00fablico a viver momentos de encantamento. A decora\u00e7\u00e3o transforma cada espa\u00e7o em um cen\u00e1rio m\u00e1gico, com jogos interativos e \u00e1reas para fotos, onde o esp\u00edrito natalino se manifesta em cada brilho e cor.<\/p>\n\n\n\n<p>A partir das 19h, o bom velhinho far\u00e1 sua entrada oficial em meio a uma apresenta\u00e7\u00e3o musical especial e distribui\u00e7\u00e3o de doces para o p\u00fablico. O Papai Noel permanecer\u00e1 no shopping para fotos e encontros com as fam\u00edlias todos os dias, no t\u00e9rreo, das 12h \u00e0s 20h.<\/p>\n\n\n\n<p><strong>\u00c1rvore dos Sonhos<\/strong><\/p>\n\n\n\n<p>Al\u00e9m de celebrar a data com encanto, o Natal no Villa Romana Shopping tamb\u00e9m \u00e9 um convite \u00e0 solidariedade. A tradicional \u201c\u00c1rvore dos Sonhos\u201d estar\u00e1 dispon\u00edvel a partir do dia 7, permitindo que os visitantes adotem cartinhas escritas por crian\u00e7as, idosos e pessoas em situa\u00e7\u00e3o de vulnerabilidade. As doa\u00e7\u00f5es arrecadadas ser\u00e3o destinadas a institui\u00e7\u00f5es sociais, levando esperan\u00e7a e alegria a quem mais precisa.<\/p>\n","protected":false},"excerpt":{"rendered":"<p>Atra\u00e7\u00f5es incluem apresenta\u00e7\u00f5es musicais, distribui\u00e7\u00e3o de doces e o projeto social \u201c\u00c1rvore dos Sonhos\u201d<\/p>\n","protected":false},"author":23,"featured_media":6531,"comment_status":"open","ping_status":"open","sticky":false,"template":"","format":"standard","meta":{"footnotes":""},"categories":[488],"tags":[728,800,350],"class_list":["post-6530","post","type-post","status-publish","format-standard","has-post-thumbnail","hentry","category-guia-local","tag-natal","tag-papai-noel","tag-villa-romana"],"_links":{"self":[{"href":"https:\/\/cidadenoar.com\/global\/wp-json\/wp\/v2\/posts\/6530","targetHints":{"allow":["GET"]}}],"collection":[{"href":"https:\/\/cidadenoar.com\/global\/wp-json\/wp\/v2\/posts"}],"about":[{"href":"https:\/\/cidadenoar.com\/global\/wp-json\/wp\/v2\/types\/post"}],"author":[{"embeddable":true,"href":"https:\/\/cidadenoar.com\/global\/wp-json\/wp\/v2\/users\/23"}],"replies":[{"embeddable":true,"href":"https:\/\/cidadenoar.com\/global\/wp-json\/wp\/v2\/comments?post=6530"}],"version-history":[{"count":2,"href":"https:\/\/cidadenoar.com\/global\/wp-json\/wp\/v2\/posts\/6530\/revisions"}],"predecessor-version":[{"id":6533,"href":"https:\/\/cidadenoar.com\/global\/wp-json\/wp\/v2\/posts\/6530\/revisions\/6533"}],"wp:featuredmedia":[{"embeddable":true,"href":"https:\/\/cidadenoar.com\/global\/wp-json\/wp\/v2\/media\/6531"}],"wp:attachment":[{"href":"https:\/\/cidadenoar.com\/global\/wp-json\/wp\/v2\/media?parent=6530"}],"wp:term":[{"taxonomy":"category","embeddable":true,"href":"https:\/\/cidadenoar.com\/global\/wp-json\/wp\/v2\/categories?post=6530"},{"taxonomy":"post_tag","embeddable":true,"href":"https:\/\/cidadenoar.com\/global\/wp-json\/wp\/v2\/tags?post=6530"}],"curies":[{"name":"wp","href":"https:\/\/api.w.org\/{rel}","templated":true}]}}