{"id":6559,"date":"2025-11-10T09:33:13","date_gmt":"2025-11-10T12:33:13","guid":{"rendered":"https:\/\/cidadenoar.com\/?p=6559"},"modified":"2025-11-10T09:33:16","modified_gmt":"2025-11-10T12:33:16","slug":"prisao-preventiva-o-erro-judiciario-que-custou-a-vida-de-uma-jovem","status":"publish","type":"post","link":"https:\/\/cidadenoar.com\/global\/politica\/prisao-preventiva-o-erro-judiciario-que-custou-a-vida-de-uma-jovem\/","title":{"rendered":"Pris\u00e3o preventiva: o erro judici\u00e1rio que custou a vida de uma jovem"},"content":{"rendered":"\n<h3 class=\"wp-block-heading\"><strong>Jovem, presa preventivamente por 6 anos, morre de c\u00e2ncer ap\u00f3s ser absolvida<\/strong><\/h3>\n\n\n\n<p>No \u00faltimo dia 3, foi noticiada a morte de Damaris Vit\u00f3ria Kremer da Rosa, de 26 anos, por c\u00e2ncer de colo do \u00fatero, dois meses ap\u00f3s ter sido absolvida da acusa\u00e7\u00e3o de participa\u00e7\u00e3o em homic\u00eddio qualificado.<\/p>\n\n\n\n<p>Chamam a aten\u00e7\u00e3o neste caso variadas ocorr\u00eancias: a idade da jovem, a gravidade da doen\u00e7a que a acometeu, a morte ap\u00f3s a absolvi\u00e7\u00e3o, dentre outras. Mas, possivelmente, o que mais chama a aten\u00e7\u00e3o \u00e9 a presen\u00e7a do odioso erro judici\u00e1rio.<\/p>\n\n\n\n<p>E este erro judici\u00e1rio se configurou pela manuten\u00e7\u00e3o de uma pris\u00e3o preventiva por seis (6) anos!<\/p>\n\n\n\n<p>Sem entrar na discuss\u00e3o dos elementos que justificavam tal pris\u00e3o, por ser preventiva, por essa sua natureza, por seu conceito de cria\u00e7\u00e3o e exist\u00eancia, por sua ess\u00eancia e raz\u00e3o de ser no processo penal, nenhuma pris\u00e3o preventiva poderia durar tanto tempo.<\/p>\n\n\n\n<p>Depois da Lei n\u00ba 12.403\/2011, que trouxe as medidas cautelares alternativas \u00e0 pris\u00e3o preventiva, lei esta que relegou a \u00faltimo plano a aplica\u00e7\u00e3o do citado tipo prisional, o que justifica seu uso t\u00e3o recorrente?<\/p>\n\n\n\n<p>E o que fundamentaria um encarceramento t\u00e3o longo, que praticamente configurou o cumprimento de uma senten\u00e7a condenat\u00f3ria?<\/p>\n\n\n\n<p><em>O dano, neste caso, vai muito al\u00e9m da priva\u00e7\u00e3o da <a href=\"https:\/\/cidadenoar.com\" target=\"_blank\" rel=\"noreferrer noopener\">liberdade<\/a> em si. A pris\u00e3o, que deveria ser a \u00faltima e excepcional medida, tornou-se, por sua dura\u00e7\u00e3o desproporcional, o fator determinante para a perda de seis anos da vida de uma jovem e, tragicamente, para a impossibilidade de tratamento adequado de sua sa\u00fade. A morosidade da Justi\u00e7a n\u00e3o apenas falhou em aplicar a lei, mas contribuiu decisivamente para a consuma\u00e7\u00e3o de uma injusti\u00e7a irrepar\u00e1vel.<\/em><\/p>\n\n\n\n<p>Algo vai muito mal na nossa pr\u00e1tica judici\u00e1ria forense \u2013 e n\u00e3o \u00e9 a inexist\u00eancia de leis, como muitos dizem!<\/p>\n\n\n\n<p>O que caminha mal \u00e9 a falta de compreens\u00e3o das leis, aliada ao desconhecimento da fun\u00e7\u00e3o do processo penal (que <a href=\"https:\/\/cidadenoar.com.br\">caminha<\/a> mais ao som dos tambores midi\u00e1ticos do que das li\u00e7\u00f5es da doutrina e da jurisprud\u00eancia); caminha mal porque normas e decis\u00f5es s\u00e3o criadas e determinadas para agradar \u00e0 opini\u00e3o p\u00fablica, para atender a requisitos ideol\u00f3gicos e n\u00e3o para cumprir o chamado da Justi\u00e7a.<\/p>\n\n\n\n<p>Por\u00e9m, o que traz mais desesperan\u00e7a \u00e9 ver que casos como este, desta desaventurada e injusti\u00e7ada jovem, n\u00e3o provocar\u00e3o a devida reflex\u00e3o nos respons\u00e1veis pela guarda do precioso instrumento que deveria ser o direito processual penal.<\/p>\n\n\n\n<div class=\"wp-block-media-text is-stacked-on-mobile\"><figure class=\"wp-block-media-text__media\"><img fetchpriority=\"high\" decoding=\"async\" width=\"640\" height=\"425\" src=\"http:\/\/cidadenoar.com\/wp-content\/uploads\/sites\/22\/2025\/11\/JIJ02-1.jpg\" alt=\"\" class=\"wp-image-6560 size-full\" title=\"\" srcset=\"https:\/\/cidadenoar.com\/global\/wp-content\/uploads\/sites\/22\/2025\/11\/JIJ02-1.jpg 640w, https:\/\/cidadenoar.com\/global\/wp-content\/uploads\/sites\/22\/2025\/11\/JIJ02-1-300x200.jpg 300w\" sizes=\"(max-width: 640px) 100vw, 640px\" \/><\/figure><div class=\"wp-block-media-text__content\">\n<p><strong>Jo\u00e3o Ibaixe Jr.<\/strong>\u00a0Advogado criminalista e ex-Delegado de Pol\u00edcia. Doutor em Filosofia (UERJ) e mestre em Direito (PUC\/SP), \u00e9 coordenador do Grupo de Criminologia Filos\u00f3fica (GCRIMFIL).<\/p>\n<\/div><\/div>\n","protected":false},"excerpt":{"rendered":"<p>Jovem, presa preventivamente por 6 anos, morre de c\u00e2ncer ap\u00f3s ser absolvida No \u00faltimo dia 3, foi noticiada a morte de Damaris Vit\u00f3ria Kremer da Rosa, de 26 anos, por c\u00e2ncer de colo do \u00fatero, dois meses ap\u00f3s ter sido absolvida da acusa\u00e7\u00e3o de participa\u00e7\u00e3o em homic\u00eddio qualificado. Chamam a aten\u00e7\u00e3o neste caso variadas ocorr\u00eancias:&#8230;<\/p>\n","protected":false},"author":1,"featured_media":6561,"comment_status":"open","ping_status":"open","sticky":false,"template":"","format":"standard","meta":{"footnotes":""},"categories":[374],"tags":[22,809,270,808,810],"class_list":["post-6559","post","type-post","status-publish","format-standard","has-post-thumbnail","hentry","category-politica","tag-brasil","tag-cancer","tag-direito","tag-injustica","tag-judiciario"],"_links":{"self":[{"href":"https:\/\/cidadenoar.com\/global\/wp-json\/wp\/v2\/posts\/6559","targetHints":{"allow":["GET"]}}],"collection":[{"href":"https:\/\/cidadenoar.com\/global\/wp-json\/wp\/v2\/posts"}],"about":[{"href":"https:\/\/cidadenoar.com\/global\/wp-json\/wp\/v2\/types\/post"}],"author":[{"embeddable":true,"href":"https:\/\/cidadenoar.com\/global\/wp-json\/wp\/v2\/users\/1"}],"replies":[{"embeddable":true,"href":"https:\/\/cidadenoar.com\/global\/wp-json\/wp\/v2\/comments?post=6559"}],"version-history":[{"count":1,"href":"https:\/\/cidadenoar.com\/global\/wp-json\/wp\/v2\/posts\/6559\/revisions"}],"predecessor-version":[{"id":6562,"href":"https:\/\/cidadenoar.com\/global\/wp-json\/wp\/v2\/posts\/6559\/revisions\/6562"}],"wp:featuredmedia":[{"embeddable":true,"href":"https:\/\/cidadenoar.com\/global\/wp-json\/wp\/v2\/media\/6561"}],"wp:attachment":[{"href":"https:\/\/cidadenoar.com\/global\/wp-json\/wp\/v2\/media?parent=6559"}],"wp:term":[{"taxonomy":"category","embeddable":true,"href":"https:\/\/cidadenoar.com\/global\/wp-json\/wp\/v2\/categories?post=6559"},{"taxonomy":"post_tag","embeddable":true,"href":"https:\/\/cidadenoar.com\/global\/wp-json\/wp\/v2\/tags?post=6559"}],"curies":[{"name":"wp","href":"https:\/\/api.w.org\/{rel}","templated":true}]}}