{"id":6574,"date":"2025-11-12T19:45:03","date_gmt":"2025-11-12T22:45:03","guid":{"rendered":"https:\/\/cidadenoar.com\/?p=6574"},"modified":"2025-11-12T19:45:06","modified_gmt":"2025-11-12T22:45:06","slug":"atuacao-dos-auditores-de-financas-garante-avanco-tecnico-e-eficiencia-do-estado-com-a-extincao-da-santur-s-a","status":"publish","type":"post","link":"https:\/\/cidadenoar.com\/global\/economia-negocios\/atuacao-dos-auditores-de-financas-garante-avanco-tecnico-e-eficiencia-do-estado-com-a-extincao-da-santur-s-a\/","title":{"rendered":"Atua\u00e7\u00e3o dos Auditores de Finan\u00e7as garante avan\u00e7o t\u00e9cnico e efici\u00eancia do Estado com a extin\u00e7\u00e3o da Santur S\/A"},"content":{"rendered":"\n<p>O Governo de Santa Catarina concluiu, na \u00faltima quinta-feira (6), o processo de extin\u00e7\u00e3o da Empresa P\u00fablica Santa Catarina Turismo S.A (Santur) \u2014 medida que simboliza um importante avan\u00e7o na moderniza\u00e7\u00e3o da gest\u00e3o p\u00fablica estadual, com foco na efici\u00eancia administrativa e na boa aplica\u00e7\u00e3o dos recursos p\u00fablicos.<\/p>\n\n\n\n<p>O processo de liquida\u00e7\u00e3o, iniciado em 2020, foi conduzido com rigor t\u00e9cnico e transpar\u00eancia pelo&nbsp;<strong>Auditor de Finan\u00e7as Luciano da Silva Spindola<\/strong>, atuando como respons\u00e1vel legal e tendo o apoio dos tamb\u00e9m&nbsp;<strong>Auditores Andr\u00e9 Luis Stefen e Mayana dos Anjos Damiani<\/strong>, como membros do Conselho Fiscal e o&nbsp;<strong>Auditor de Finan\u00e7as Everaldo Elias Vieira<\/strong>, atuando na contabilidade da empresa.<\/p>\n\n\n\n<p>\u201cFoi um trabalho que exigiu extremo comprometimento e conhecimento t\u00e9cnico multidisciplinar, conduzido com foco na correta destina\u00e7\u00e3o do patrim\u00f4nio p\u00fablico para assegurar que todo o processo ocorresse com seguran\u00e7a jur\u00eddica e transpar\u00eancia, de modo a garantir economia permanente ao Estado\u201d, destacou Luciano Spindola. As a\u00e7\u00f5es executadas envolveram transfer\u00eancias patrimoniais e cont\u00e1beis, recupera\u00e7\u00e3o de cr\u00e9ditos, encaminhamentos diversos para pagamento de d\u00edvidas pendentes da empresa, demandas judiciais e atendimento \u00e0s dilig\u00eancias dos \u00f3rg\u00e3os de controle, devolu\u00e7\u00e3o da participa\u00e7\u00e3o acion\u00e1ria e destina\u00e7\u00e3o do quadro funcional, &#8220;que culminou no desligamento de todos os funcion\u00e1rios, por meio de ades\u00e3o ao PDVI proposto e autorizado pelo Grupo Gestor do Governo do Estado&#8221;, complementou o Auditor de Finan\u00e7as que possui 30 anos de experi\u00eancia no Servi\u00e7o P\u00fablico.<\/p>\n\n\n\n<p>J\u00e1 Andr\u00e9 e Mayana refor\u00e7aram o esfor\u00e7o coletivo: \u201cA liquida\u00e7\u00e3o \u00e9 o resultado de um trabalho conjunto e atua\u00e7\u00e3o t\u00e9cnica especializada, sendo fruto do esfor\u00e7o coordenado entre as \u00e1reas da Fazenda, do Turismo e dos Auditores de Finan\u00e7as, demonstrando como a gest\u00e3o p\u00fablica pode ser eficiente quando conduzida com planejamento e responsabilidade&#8221;.<\/p>\n\n\n\n<p>A conclus\u00e3o do processo garante<strong>&nbsp;economia mensal de cerca de R$ 500 mil ao Tesouro Estadual<\/strong>, al\u00e9m de reduzir custos administrativos e fortalecer a Secretaria de Estado do Turismo (SETUR) \u2014 criada em 2023 pelo governador Jorginho Mello \u2014, que passou a conduzir as pol\u00edticas estrat\u00e9gicas do setor, hoje respons\u00e1vel por 12% do PIB catarinense.<\/p>\n\n\n\n<p>O presidente do SINDAF-SC, Sandro Medeiros Alves, refor\u00e7ou o valor institucional da atua\u00e7\u00e3o t\u00e9cnica dos Auditores Estaduais de Finan\u00e7as P\u00fablicas:<\/p>\n\n\n\n<p>\u201cEsse \u00e9 um exemplo concreto de como o trabalho t\u00e9cnico e integrado dos Auditores de Finan\u00e7as promove avan\u00e7os reais na administra\u00e7\u00e3o p\u00fablica. A extin\u00e7\u00e3o da Santur foi conduzida com responsabilidade e compet\u00eancia, mostrando que Santa Catarina avan\u00e7a quando valoriza a excel\u00eancia e a qualifica\u00e7\u00e3o dos seus quadros fazend\u00e1rios.\u201d<\/p>\n\n\n\n<p>A experi\u00eancia reafirma o papel estrat\u00e9gico dos Auditores de Finan\u00e7as na gest\u00e3o fiscal e financeira do Estado, assegurando a integridade das contas p\u00fablicas e a efici\u00eancia da despesa, contribuindo diretamente para a boa governan\u00e7a, o uso respons\u00e1vel dos recursos p\u00fablicos e a sustentabilidade das pol\u00edticas p\u00fablicas catarinenses.<\/p>\n","protected":false},"excerpt":{"rendered":"<p>O processo de extin\u00e7\u00e3o foi conduzido com rigor t\u00e9cnico, resultando em economia permanente e fortalecimento da gest\u00e3o p\u00fablica catarinense<\/p>\n","protected":false},"author":23,"featured_media":6575,"comment_status":"open","ping_status":"open","sticky":false,"template":"","format":"standard","meta":{"footnotes":""},"categories":[289],"tags":[814,813,342],"class_list":["post-6574","post","type-post","status-publish","format-standard","has-post-thumbnail","hentry","category-economia-negocios","tag-auditores-de-financas","tag-santur","tag-sindaf"],"_links":{"self":[{"href":"https:\/\/cidadenoar.com\/global\/wp-json\/wp\/v2\/posts\/6574","targetHints":{"allow":["GET"]}}],"collection":[{"href":"https:\/\/cidadenoar.com\/global\/wp-json\/wp\/v2\/posts"}],"about":[{"href":"https:\/\/cidadenoar.com\/global\/wp-json\/wp\/v2\/types\/post"}],"author":[{"embeddable":true,"href":"https:\/\/cidadenoar.com\/global\/wp-json\/wp\/v2\/users\/23"}],"replies":[{"embeddable":true,"href":"https:\/\/cidadenoar.com\/global\/wp-json\/wp\/v2\/comments?post=6574"}],"version-history":[{"count":2,"href":"https:\/\/cidadenoar.com\/global\/wp-json\/wp\/v2\/posts\/6574\/revisions"}],"predecessor-version":[{"id":6577,"href":"https:\/\/cidadenoar.com\/global\/wp-json\/wp\/v2\/posts\/6574\/revisions\/6577"}],"wp:featuredmedia":[{"embeddable":true,"href":"https:\/\/cidadenoar.com\/global\/wp-json\/wp\/v2\/media\/6575"}],"wp:attachment":[{"href":"https:\/\/cidadenoar.com\/global\/wp-json\/wp\/v2\/media?parent=6574"}],"wp:term":[{"taxonomy":"category","embeddable":true,"href":"https:\/\/cidadenoar.com\/global\/wp-json\/wp\/v2\/categories?post=6574"},{"taxonomy":"post_tag","embeddable":true,"href":"https:\/\/cidadenoar.com\/global\/wp-json\/wp\/v2\/tags?post=6574"}],"curies":[{"name":"wp","href":"https:\/\/api.w.org\/{rel}","templated":true}]}}