{"id":6599,"date":"2025-11-13T20:07:47","date_gmt":"2025-11-13T23:07:47","guid":{"rendered":"https:\/\/cidadenoar.com\/?p=6599"},"modified":"2025-11-13T20:17:39","modified_gmt":"2025-11-13T23:17:39","slug":"com-investimento-de-r-140-milhoes-aquafoz-e-inaugurado-em-foz-do-iguacu-com-presenca-de-autoridades","status":"publish","type":"post","link":"https:\/\/cidadenoar.com\/global\/cultura-lazer\/com-investimento-de-r-140-milhoes-aquafoz-e-inaugurado-em-foz-do-iguacu-com-presenca-de-autoridades\/","title":{"rendered":"Com investimento de R$ 140 milh\u00f5es, AquaFoz \u00e9 inaugurado em Foz do Igua\u00e7u com presen\u00e7a de autoridades"},"content":{"rendered":"\n<p>A cerim\u00f4nia de inaugura\u00e7\u00e3o do AquaFoz, realizada nesta quinta-feira (13), marcou a chegada de um novo e importante atrativo tur\u00edstico a Foz do Igua\u00e7u (PR). O evento contou com a presen\u00e7a do governador Ratinho J\u00fanior, do prefeito General Silva e Luna, do CEO do Grupo Cataratas, Pablo Morbis, e dos acionistas Salom\u00e3o Soifer, Alberto Catallini e Jos\u00e9 Maria Miller, al\u00e9m de autoridades e representantes do setor de turismo.<br>&nbsp;<\/p>\n\n\n\n<p>Pablo Morbis destacou a miss\u00e3o e o prop\u00f3sito do novo aqu\u00e1rio. \u201cO AquaFoz nasce como um centro de conserva\u00e7\u00e3o com portas abertas para a academia, para o desenvolvimento de pesquisas e para a educa\u00e7\u00e3o ambiental das nossas crian\u00e7as. O atrativo conta uma linda hist\u00f3ria sobre a vida nos rios <a href=\"https:\/\/fozdoiguacu.cidadenoar.com\" target=\"_blank\" rel=\"noreferrer noopener\">Igua\u00e7u<\/a> e Paran\u00e1 e sobre como tudo est\u00e1 conectado: rios, oceanos, biodiversidade e cidades fazem parte de um mesmo ecossistema\u201d, afirmou. Ao final de sua fala, Salom\u00e3o Soifer foi homenageado com uma placa que traz a r\u00e9plica da arauc\u00e1ria, \u00e1rvore s\u00edmbolo do Paran\u00e1, entregue em reconhecimento \u00e0 parceria e \u00e0 contribui\u00e7\u00e3o do Grupo Cataratas para o desenvolvimento do turismo e da conserva\u00e7\u00e3o ambiental no estado.<br>\u00a0<\/p>\n\n\n\n<p>Durante a solenidade, o governador Ratinho J\u00fanior ressaltou o papel do AquaFoz na amplia\u00e7\u00e3o das experi\u00eancias tur\u00edsticas do Paran\u00e1 e na promo\u00e7\u00e3o da conserva\u00e7\u00e3o ambiental. \u201c\u00c9 um motivo de muita alegria, porque Foz vive um momento fant\u00e1stico no turismo. Estamos recebendo grandes investimentos em hotelaria e agora esse aqu\u00e1rio, inspirado no do Rio de Janeiro e seguindo padr\u00f5es internacionais, chega como mais um importante atrativo tur\u00edstico. O AquaFoz \u00e9 um presente para o mundo. \u00c9 mais que um empreendimento tur\u00edstico, ele tem uma voca\u00e7\u00e3o educacional\u201d, afirmou.<br>&nbsp;<\/p>\n\n\n\n<p>O prefeito General Silva e Luna destacou o impacto econ\u00f4mico e sustent\u00e1vel do <a href=\"https:\/\/cidadenoar.com\" target=\"_blank\" rel=\"noreferrer noopener\">empreendimento<\/a>. \u201cO AquaFoz \u00e9 um certificado de confian\u00e7a em Foz do Igua\u00e7u. \u00c9 um investimento diferente, que oferece uma nova experi\u00eancia ao visitante e aumenta o tempo de perman\u00eancia na cidade, impactando positivamente toda a economia local\u201d, disse.<\/p>\n\n\n\n<p>A cerim\u00f4nia contou ainda com o deputado estadual Alexandre Curi, representando a Assembleia Legislativa do Paran\u00e1, e foi marcada pela entrega da Declara\u00e7\u00e3o de Atrativo de Relevante Interesse Tur\u00edstico, realizada pelo governador em nome da Secretaria do Turismo do Estado, refor\u00e7ando a relev\u00e2ncia do empreendimento para o turismo paranaense.<br>&nbsp;<\/p>\n\n\n\n<p>Os convidados puderam conhecer de perto esp\u00e9cies emblem\u00e1ticas, entre elas tubar\u00f5es-lixa, galha-branca, leopardo, bambu e freycineti, al\u00e9m de raias, baiacus, peixes-palha\u00e7o, cavalos-marinhos, piranhas e piraras. O novo aqu\u00e1rio proporciona uma verdadeira imers\u00e3o nos ecossistemas aqu\u00e1ticos, distribu\u00eddos em 28 recintos que somam 3,3 milh\u00f5es de litros de \u00e1gua, incluindo um dos maiores tanques oce\u00e2nicos da Am\u00e9rica do Sul, com capacidade superior a 2 milh\u00f5es de litros.<br>&nbsp;<\/p>\n\n\n\n<p><strong>Espa\u00e7o das Am\u00e9ricas<\/strong><\/p>\n\n\n\n<p>No mesmo evento, o governador Ratinho J\u00fanior entregou aos acionistas e ao CEO Pablo Morbis a licen\u00e7a ambiental para revitaliza\u00e7\u00e3o do Espa\u00e7o das Am\u00e9ricas. O novo projeto ser\u00e1 integrado ao Marco das Tr\u00eas Fronteiras e transformar\u00e1 o local em um centro tur\u00edstico, cultural e gastron\u00f4mico, preservando sua identidade hist\u00f3rica e refor\u00e7ando a integra\u00e7\u00e3o entre <a href=\"https:\/\/cidadenoar.com.br\" target=\"_blank\" rel=\"noreferrer noopener\">Brasil<\/a>, Argentina e Paraguai.<\/p>\n\n\n\n<p><strong>Servi\u00e7o<\/strong><\/p>\n\n\n\n<p>AquaFoz<\/p>\n\n\n\n<p>Endere\u00e7o: Av. das Cataratas \u2013 BR, KM 18 | Foz do Igua\u00e7u \u2013 PR<\/p>\n\n\n\n<p>Inaugura\u00e7\u00e3o: 14 de novembro de 2025<\/p>\n\n\n\n<p>Hor\u00e1rio: todos os dias, das 9h \u00e0s 18h30 (\u00faltima entrada \u00e0s 17h)<\/p>\n\n\n\n<p>Ingressos: venda dispon\u00edvel em&nbsp;<a href=\"https:\/\/www.aquafoz.com.br\/\" target=\"_blank\" rel=\"noreferrer noopener\">site<\/a><\/p>\n","protected":false},"excerpt":{"rendered":"<p>Governador Ratinho J\u00fanior e prefeito General Silva e Luna participam da cerim\u00f4nia que marca a abertura do novo aqu\u00e1rio do Grupo Cataratas<\/p>\n","protected":false},"author":1,"featured_media":6600,"comment_status":"open","ping_status":"open","sticky":false,"template":"","format":"standard","meta":{"footnotes":""},"categories":[360],"tags":[27,31,815,408],"class_list":["post-6599","post","type-post","status-publish","format-standard","has-post-thumbnail","hentry","category-cultura-lazer","tag-diversao","tag-educacao","tag-foz-do-iguacu-pr","tag-turismo"],"_links":{"self":[{"href":"https:\/\/cidadenoar.com\/global\/wp-json\/wp\/v2\/posts\/6599","targetHints":{"allow":["GET"]}}],"collection":[{"href":"https:\/\/cidadenoar.com\/global\/wp-json\/wp\/v2\/posts"}],"about":[{"href":"https:\/\/cidadenoar.com\/global\/wp-json\/wp\/v2\/types\/post"}],"author":[{"embeddable":true,"href":"https:\/\/cidadenoar.com\/global\/wp-json\/wp\/v2\/users\/1"}],"replies":[{"embeddable":true,"href":"https:\/\/cidadenoar.com\/global\/wp-json\/wp\/v2\/comments?post=6599"}],"version-history":[{"count":1,"href":"https:\/\/cidadenoar.com\/global\/wp-json\/wp\/v2\/posts\/6599\/revisions"}],"predecessor-version":[{"id":6601,"href":"https:\/\/cidadenoar.com\/global\/wp-json\/wp\/v2\/posts\/6599\/revisions\/6601"}],"wp:featuredmedia":[{"embeddable":true,"href":"https:\/\/cidadenoar.com\/global\/wp-json\/wp\/v2\/media\/6600"}],"wp:attachment":[{"href":"https:\/\/cidadenoar.com\/global\/wp-json\/wp\/v2\/media?parent=6599"}],"wp:term":[{"taxonomy":"category","embeddable":true,"href":"https:\/\/cidadenoar.com\/global\/wp-json\/wp\/v2\/categories?post=6599"},{"taxonomy":"post_tag","embeddable":true,"href":"https:\/\/cidadenoar.com\/global\/wp-json\/wp\/v2\/tags?post=6599"}],"curies":[{"name":"wp","href":"https:\/\/api.w.org\/{rel}","templated":true}]}}