{"id":6663,"date":"2025-11-18T15:18:36","date_gmt":"2025-11-18T18:18:36","guid":{"rendered":"https:\/\/cidadenoar.com\/?p=6663"},"modified":"2025-11-18T15:18:40","modified_gmt":"2025-11-18T18:18:40","slug":"imersao-na-coreia-empresaria-traz-insights-do-koreaderma-para-clientes-da-area-medica-no-brasil","status":"publish","type":"post","link":"https:\/\/cidadenoar.com\/global\/geral\/imersao-na-coreia-empresaria-traz-insights-do-koreaderma-para-clientes-da-area-medica-no-brasil\/","title":{"rendered":"Imers\u00e3o na Coreia: empres\u00e1ria traz\u00a0insights\u00a0do KoreaDerma para clientes da \u00e1rea m\u00e9dica no Brasil"},"content":{"rendered":"\n<p>A empres\u00e1ria&nbsp;<strong><a href=\"https:\/\/www.instagram.com\/sabrinaisabela\" target=\"_blank\" rel=\"noreferrer noopener\">Sabrina Isabela da Rosa<\/a><\/strong>&nbsp;(foto), CEO da ag\u00eancia&nbsp;<strong><a href=\"https:\/\/www.instagram.com\/fevermarketing\/\" target=\"_blank\" rel=\"noreferrer noopener\">Fever Marketing M\u00e9dico<\/a><\/strong>, acaba de retornar de uma imers\u00e3o na Coreia do Sul, onde participou de um dos maiores congressos de dermatologia da \u00c1sia, o&nbsp;<strong>KoreaDerma<\/strong>, realizado em Seul. Durante a viagem, Sabrina tamb\u00e9m visitou cl\u00ednicas m\u00e9dicas \u2014 principal segmento atendido pela ag\u00eancia que fundou e lidera.<\/p>\n\n\n\n<p>\u201c<strong>Fomos para entender tend\u00eancias<\/strong>, afinal o&nbsp;<em>K-Beauty<\/em>&nbsp;\u00e9 uma refer\u00eancia fort\u00edssima para nossos clientes dermatologistas. Nada melhor do que conhecer onde nascem algumas das tecnologias e tratamentos mais avan\u00e7ados da atualidade. Tamb\u00e9m pesquisamos novidades em equipamentos e protocolos para clientes que n\u00e3o puderam estar presentes no congresso\u201d, explica a empres\u00e1ria, natural de Itaja\u00ed e radicada em Florian\u00f3polis.<\/p>\n\n\n\n<p>A equipe da Fever acompanhou&nbsp;<strong>15 clientes<\/strong>&nbsp;ao longo da programa\u00e7\u00e3o do KoreaDerma, produzindo conte\u00fado em tempo real e refor\u00e7ando a presen\u00e7a digital dos profissionais. Segundo Sabrina, o objetivo foi \u201c<strong>garantir que esses especialistas entregassem informa\u00e7\u00e3o de valor aos pacientes no Brasil<\/strong>, conectando ci\u00eancia, inova\u00e7\u00e3o e comunica\u00e7\u00e3o\u201d.<\/p>\n\n\n\n<p>Al\u00e9m do congresso, a CEO visitou cl\u00ednicas coreanas, observou a jornada do paciente e analisou as particularidades da abordagem adotada pelos profissionais do pa\u00eds \u2014 considerado um dos mercados mais avan\u00e7ados do mundo em dermatologia est\u00e9tica.<\/p>\n","protected":false},"excerpt":{"rendered":"<p>Viagem estrat\u00e9gica \u00e0 Coreia do Sul refor\u00e7a posicionamento da Fever Marketing M\u00e9dico como ag\u00eancia especializada em inova\u00e7\u00e3o e autoridade no segmento m\u00e9dico<\/p>\n","protected":false},"author":23,"featured_media":6664,"comment_status":"open","ping_status":"open","sticky":false,"template":"","format":"standard","meta":{"footnotes":""},"categories":[1],"tags":[824,823],"class_list":["post-6663","post","type-post","status-publish","format-standard","has-post-thumbnail","hentry","category-geral","tag-ferver","tag-sabrina"],"_links":{"self":[{"href":"https:\/\/cidadenoar.com\/global\/wp-json\/wp\/v2\/posts\/6663","targetHints":{"allow":["GET"]}}],"collection":[{"href":"https:\/\/cidadenoar.com\/global\/wp-json\/wp\/v2\/posts"}],"about":[{"href":"https:\/\/cidadenoar.com\/global\/wp-json\/wp\/v2\/types\/post"}],"author":[{"embeddable":true,"href":"https:\/\/cidadenoar.com\/global\/wp-json\/wp\/v2\/users\/23"}],"replies":[{"embeddable":true,"href":"https:\/\/cidadenoar.com\/global\/wp-json\/wp\/v2\/comments?post=6663"}],"version-history":[{"count":2,"href":"https:\/\/cidadenoar.com\/global\/wp-json\/wp\/v2\/posts\/6663\/revisions"}],"predecessor-version":[{"id":6666,"href":"https:\/\/cidadenoar.com\/global\/wp-json\/wp\/v2\/posts\/6663\/revisions\/6666"}],"wp:featuredmedia":[{"embeddable":true,"href":"https:\/\/cidadenoar.com\/global\/wp-json\/wp\/v2\/media\/6664"}],"wp:attachment":[{"href":"https:\/\/cidadenoar.com\/global\/wp-json\/wp\/v2\/media?parent=6663"}],"wp:term":[{"taxonomy":"category","embeddable":true,"href":"https:\/\/cidadenoar.com\/global\/wp-json\/wp\/v2\/categories?post=6663"},{"taxonomy":"post_tag","embeddable":true,"href":"https:\/\/cidadenoar.com\/global\/wp-json\/wp\/v2\/tags?post=6663"}],"curies":[{"name":"wp","href":"https:\/\/api.w.org\/{rel}","templated":true}]}}