{"id":6667,"date":"2025-11-18T17:25:03","date_gmt":"2025-11-18T20:25:03","guid":{"rendered":"https:\/\/cidadenoar.com\/?p=6667"},"modified":"2025-11-18T17:25:10","modified_gmt":"2025-11-18T20:25:10","slug":"primeira-edicao-do-htbr-summit-expo-reune-especialistas-e-marca-novo-capitulo-para-o-turismo-de-saude-no-brasil","status":"publish","type":"post","link":"https:\/\/cidadenoar.com\/global\/geral\/primeira-edicao-do-htbr-summit-expo-reune-especialistas-e-marca-novo-capitulo-para-o-turismo-de-saude-no-brasil\/","title":{"rendered":"Primeira edi\u00e7\u00e3o do HTBR Summit &amp; Expo re\u00fane especialistas e marca novo cap\u00edtulo para o turismo de sa\u00fade no Brasil"},"content":{"rendered":"\n<p>Nos dias 13 e 14 de novembro, Florian\u00f3polis sediou a primeira edi\u00e7\u00e3o do&nbsp;<strong>Brazil International Health Tourism Summit &amp; Expo (<a href=\"https:\/\/www.instagram.com\/htbrsummit\/\" target=\"_blank\" rel=\"noreferrer noopener\">HTBR Summit &amp; Expo<\/a>)<\/strong>, primeiro congresso dedicado ao turismo de sa\u00fade e bem-estar no pa\u00eds. Organizado por Larissa Bittencourt, presidente da Associa\u00e7\u00e3o Brasileira de Turismo de Sa\u00fade e Bem-estar (ABTSB) e pelo<em>&nbsp;<\/em>s\u00f3cio-fundador Rossano Gastaldo<em>,&nbsp;<\/em>o evento, que ocorreu no Passeio Sapiens, no Norte da Ilha, reuniu palestrantes nacionais e internacionais para discutir inova\u00e7\u00e3o, tend\u00eancias globais, desafios regulat\u00f3rios e caminhos para fortalecer o Brasil como destino estrat\u00e9gico em turismo de sa\u00fade e bem-estar.<\/p>\n\n\n\n<p>A abertura do Summit foi conduzida por&nbsp;<strong>Jonathan Edelheit<\/strong>, CEO da Medical Tourism Association. Ele destacou o potencial brasileiro no cen\u00e1rio internacional e ressaltou o trabalho que vem sendo desenvolvido no pa\u00eds.<\/p>\n\n\n\n<p>\u201cVejo uma grande oportunidade para o Brasil no turismo m\u00e9dico. Florian\u00f3polis tem todos os atributos que um paciente internacional procura: \u00e9 bonita, segura e oferece uma experi\u00eancia acolhedora. O que est\u00e1 sendo constru\u00eddo aqui, especialmente com a cria\u00e7\u00e3o da associa\u00e7\u00e3o e o engajamento dos diferentes setores, \u00e9 o in\u00edcio de um caminho s\u00f3lido para posicionar o pa\u00eds no mercado global\u201d, afirmou.<\/p>\n\n\n\n<p>Outro nome de peso do cen\u00e1rio global,&nbsp;<strong>Bill Cook<\/strong>, Diretor de Opera\u00e7\u00f5es da Global Healthcare Accreditation (GHA), apresentou a masterclass \u201cTurismo M\u00e9dico em Foco: Experi\u00eancia Segura, Confi\u00e1vel e Excepcional\u201d. Cook ressaltou que o pa\u00eds possui excel\u00eancia cl\u00ednica reconhecida mundialmente, mas ainda pouco comunicada e explorada.<\/p>\n\n\n\n<p>\u201cO Brasil tem uma qualidade de atendimento impressionante. J\u00e1 visitei hospitais como Albert Einstein, S\u00edrio-Liban\u00eas e Bewiki Care, e posso afirmar que o n\u00edvel cl\u00ednico \u00e9 alt\u00edssimo. No entanto, o pa\u00eds ainda n\u00e3o \u00e9 percebido como destino de turismo m\u00e9dico. Se o setor p\u00fablico, o privado, a hotelaria e os hospitais trabalharem juntos, o Brasil pode se tornar um dos principais p\u00f3los globais\u201d, afirmou.<\/p>\n\n\n\n<p>Entre os palestrantes nacionais,&nbsp;<strong>Roberto Bornhausen<\/strong>, s\u00f3cio-fundador da Konder Bornhausen Advocacia, trouxe perspectivas pr\u00e1ticas sobre competitividade e o impacto da carga tribut\u00e1ria. \u201cA tributa\u00e7\u00e3o sobre servi\u00e7os de sa\u00fade \u00e9 uma das maiores do mundo. Mas, com planejamento jur\u00eddico e cont\u00e1bil, cl\u00ednicas e m\u00e9dicos podem reduzir legalmente essa carga e se tornar mais competitivos para atender pacientes nacionais e internacionais\u201d, explicou.<\/p>\n\n\n\n<p>A programa\u00e7\u00e3o tamb\u00e9m contou com&nbsp;<strong>Alessandra Andrade<\/strong>, presidente da S\u00e3o Paulo Neg\u00f3cios, que apresentou um estudo in\u00e9dito sobre o turismo de sa\u00fade no Brasil e na capital paulista. O levantamento aponta desafios estruturais, oportunidades econ\u00f4micas e o potencial da cidade para consolidar-se como um dos principais hubs de turismo m\u00e9dico da Am\u00e9rica Latina.<\/p>\n\n\n\n<p>A \u00e1rea de cirurgia pl\u00e1stica, destaque global do Brasil, foi debatida no painel \u201cCirurgia Pl\u00e1stica no Brasil: Pot\u00eancia Subestimada?\u201d com a cirurgi\u00e3 pl\u00e1stica&nbsp;<strong>Dra. Ingrid L\u00fcckman<\/strong>, especialista em face. Para ela, o pa\u00eds j\u00e1 ocupa posi\u00e7\u00e3o de lideran\u00e7a mundial, mas ainda precisa avan\u00e7ar em estrutura e integra\u00e7\u00e3o. \u201cO Brasil recebe pacientes do mundo inteiro. Para oferecer uma experi\u00eancia de excel\u00eancia, \u00e9 fundamental profissionalizar ainda mais o setor e garantir seguran\u00e7a, infraestrutura e acolhimento de ponta\u201d, afirmou.<\/p>\n\n\n\n<p>Para a idealizadora do evento,&nbsp;<strong>Larissa Bittencourt<\/strong>, o encontro inaugura uma nova fase para o mercado. \u201cH\u00e1 duas palavras que precisamos levar deste summit: comunidade e legado. Isso ter\u00e1 impacto nos pr\u00f3ximos anos para o turismo de sa\u00fade\u201d, avaliou. Ela refor\u00e7ou que o setor exige integra\u00e7\u00e3o entre todos os envolvidos: hospitais, cl\u00ednicas, hotelaria, governo e servi\u00e7os complementares, para garantir um ecossistema seguro e sustent\u00e1vel.<\/p>\n\n\n\n<h3 class=\"wp-block-heading\">Expo aberta ao p\u00fablico reuniu marcas de destaque<\/h3>\n\n\n\n<p>Al\u00e9m do Summit, o evento contou com a&nbsp;<strong>Expo<\/strong>, aberta ao p\u00fablico durante os dois dias, com exposi\u00e7\u00e3o de solu\u00e7\u00f5es e servi\u00e7os voltados ao turismo de sa\u00fade e bem-estar. Participaram empresas e institui\u00e7\u00f5es como:<\/p>\n\n\n\n<p>Lumma Construtora, S\u00e3o Paulo Neg\u00f3cios, United MFO, Sebrae, Essentia Group, Unicred, Fleury Medicina e Sa\u00fade, Bewiki, Zanol Clinic, Uro Point, Konder Bornhausen Advocacia, Nina Tecnologia, Ilhatec, Prefeitura de Florian\u00f3polis, IDEIN Arquitetura, B.Treat, ABTM, Ricardo Martins \u2013 Fot\u00f3grafo de Natureza, Emotion Makers e Outcare.<\/p>\n\n\n\n<figure class=\"wp-block-gallery has-nested-images columns-default is-cropped wp-block-gallery-1 is-layout-flex wp-block-gallery-is-layout-flex\">\n<figure class=\"wp-block-image size-large\"><img fetchpriority=\"high\" decoding=\"async\" width=\"1024\" height=\"683\" data-id=\"6672\" src=\"https:\/\/cidadenoar.com\/wp-content\/uploads\/sites\/22\/2025\/11\/O-fotografo-Ricardo-Martins-que-integrou-a-programacao-de-palestrantes-e-a-organizadora-do-HTBR-Summit-Expo-Larissa-Bittencourt-1024x683.jpg\" alt=\"\" class=\"wp-image-6672\" title=\"\" srcset=\"https:\/\/cidadenoar.com\/global\/wp-content\/uploads\/sites\/22\/2025\/11\/O-fotografo-Ricardo-Martins-que-integrou-a-programacao-de-palestrantes-e-a-organizadora-do-HTBR-Summit-Expo-Larissa-Bittencourt-1024x683.jpg 1024w, https:\/\/cidadenoar.com\/global\/wp-content\/uploads\/sites\/22\/2025\/11\/O-fotografo-Ricardo-Martins-que-integrou-a-programacao-de-palestrantes-e-a-organizadora-do-HTBR-Summit-Expo-Larissa-Bittencourt-300x200.jpg 300w, https:\/\/cidadenoar.com\/global\/wp-content\/uploads\/sites\/22\/2025\/11\/O-fotografo-Ricardo-Martins-que-integrou-a-programacao-de-palestrantes-e-a-organizadora-do-HTBR-Summit-Expo-Larissa-Bittencourt-768x512.jpg 768w, https:\/\/cidadenoar.com\/global\/wp-content\/uploads\/sites\/22\/2025\/11\/O-fotografo-Ricardo-Martins-que-integrou-a-programacao-de-palestrantes-e-a-organizadora-do-HTBR-Summit-Expo-Larissa-Bittencourt-1536x1024.jpg 1536w, https:\/\/cidadenoar.com\/global\/wp-content\/uploads\/sites\/22\/2025\/11\/O-fotografo-Ricardo-Martins-que-integrou-a-programacao-de-palestrantes-e-a-organizadora-do-HTBR-Summit-Expo-Larissa-Bittencourt-600x400.jpg 600w, https:\/\/cidadenoar.com\/global\/wp-content\/uploads\/sites\/22\/2025\/11\/O-fotografo-Ricardo-Martins-que-integrou-a-programacao-de-palestrantes-e-a-organizadora-do-HTBR-Summit-Expo-Larissa-Bittencourt.jpg 1800w\" sizes=\"(max-width: 1024px) 100vw, 1024px\" \/><figcaption class=\"wp-element-caption\">O fot\u00f3grafo Ricardo Martins (que integrou a programa\u00e7\u00e3o de palestrantes) e a organizadora do HTBR Summit &amp; Expo, Larissa Bittencourt<\/figcaption><\/figure>\n\n\n\n<figure class=\"wp-block-image size-large\"><img decoding=\"async\" width=\"1024\" height=\"683\" data-id=\"6674\" src=\"https:\/\/cidadenoar.com\/wp-content\/uploads\/sites\/22\/2025\/11\/A-primeira-edicao-do-HTBR-Summit-Expo-movimentou-o-Passeio-Sapiens-em-Florianopolis-1-1024x683.jpg\" alt=\"\" class=\"wp-image-6674\" title=\"\" srcset=\"https:\/\/cidadenoar.com\/global\/wp-content\/uploads\/sites\/22\/2025\/11\/A-primeira-edicao-do-HTBR-Summit-Expo-movimentou-o-Passeio-Sapiens-em-Florianopolis-1-1024x683.jpg 1024w, https:\/\/cidadenoar.com\/global\/wp-content\/uploads\/sites\/22\/2025\/11\/A-primeira-edicao-do-HTBR-Summit-Expo-movimentou-o-Passeio-Sapiens-em-Florianopolis-1-300x200.jpg 300w, https:\/\/cidadenoar.com\/global\/wp-content\/uploads\/sites\/22\/2025\/11\/A-primeira-edicao-do-HTBR-Summit-Expo-movimentou-o-Passeio-Sapiens-em-Florianopolis-1-768x512.jpg 768w, https:\/\/cidadenoar.com\/global\/wp-content\/uploads\/sites\/22\/2025\/11\/A-primeira-edicao-do-HTBR-Summit-Expo-movimentou-o-Passeio-Sapiens-em-Florianopolis-1-600x400.jpg 600w, https:\/\/cidadenoar.com\/global\/wp-content\/uploads\/sites\/22\/2025\/11\/A-primeira-edicao-do-HTBR-Summit-Expo-movimentou-o-Passeio-Sapiens-em-Florianopolis-1.jpg 1200w\" sizes=\"(max-width: 1024px) 100vw, 1024px\" \/><figcaption class=\"wp-element-caption\">A primeira edi\u00e7\u00e3o do HTBR Summit &amp; Expo movimentou o Passeio Sapiens, em Florian\u00f3polis<\/figcaption><\/figure>\n\n\n\n<figure class=\"wp-block-image size-large\"><img decoding=\"async\" width=\"1024\" height=\"683\" data-id=\"6671\" src=\"https:\/\/cidadenoar.com\/wp-content\/uploads\/sites\/22\/2025\/11\/Espaco-Lumma-Construtora-na-Expo-Feira-de-Negocios-do-Brazil-International-Health-Tourism-Summit-Expo-1-1-1024x683.jpg\" alt=\"\" class=\"wp-image-6671\" title=\"\" srcset=\"https:\/\/cidadenoar.com\/global\/wp-content\/uploads\/sites\/22\/2025\/11\/Espaco-Lumma-Construtora-na-Expo-Feira-de-Negocios-do-Brazil-International-Health-Tourism-Summit-Expo-1-1-1024x683.jpg 1024w, https:\/\/cidadenoar.com\/global\/wp-content\/uploads\/sites\/22\/2025\/11\/Espaco-Lumma-Construtora-na-Expo-Feira-de-Negocios-do-Brazil-International-Health-Tourism-Summit-Expo-1-1-300x200.jpg 300w, https:\/\/cidadenoar.com\/global\/wp-content\/uploads\/sites\/22\/2025\/11\/Espaco-Lumma-Construtora-na-Expo-Feira-de-Negocios-do-Brazil-International-Health-Tourism-Summit-Expo-1-1-768x512.jpg 768w, https:\/\/cidadenoar.com\/global\/wp-content\/uploads\/sites\/22\/2025\/11\/Espaco-Lumma-Construtora-na-Expo-Feira-de-Negocios-do-Brazil-International-Health-Tourism-Summit-Expo-1-1-600x400.jpg 600w, https:\/\/cidadenoar.com\/global\/wp-content\/uploads\/sites\/22\/2025\/11\/Espaco-Lumma-Construtora-na-Expo-Feira-de-Negocios-do-Brazil-International-Health-Tourism-Summit-Expo-1-1.jpg 1080w\" sizes=\"(max-width: 1024px) 100vw, 1024px\" \/><figcaption class=\"wp-element-caption\">Espa\u00e7o Lumma Construtora na Expo (Feira de Neg\u00f3cios) do Brazil International Health Tourism Summit &amp; Expo <\/figcaption><\/figure>\n\n\n\n<figure class=\"wp-block-image size-large\"><img loading=\"lazy\" decoding=\"async\" width=\"1024\" height=\"768\" data-id=\"6673\" src=\"https:\/\/cidadenoar.com\/wp-content\/uploads\/sites\/22\/2025\/11\/Como-a-tecnologia-a-confianca-e-a-conexao-estao-revolucionando-o-turismo-medico-foi-o-tema-da-palestra-do-norte-americano-Jonathan-Edelheit-1024x768.jpeg\" alt=\"\" class=\"wp-image-6673\" title=\"\" srcset=\"https:\/\/cidadenoar.com\/global\/wp-content\/uploads\/sites\/22\/2025\/11\/Como-a-tecnologia-a-confianca-e-a-conexao-estao-revolucionando-o-turismo-medico-foi-o-tema-da-palestra-do-norte-americano-Jonathan-Edelheit-1024x768.jpeg 1024w, https:\/\/cidadenoar.com\/global\/wp-content\/uploads\/sites\/22\/2025\/11\/Como-a-tecnologia-a-confianca-e-a-conexao-estao-revolucionando-o-turismo-medico-foi-o-tema-da-palestra-do-norte-americano-Jonathan-Edelheit-300x225.jpeg 300w, https:\/\/cidadenoar.com\/global\/wp-content\/uploads\/sites\/22\/2025\/11\/Como-a-tecnologia-a-confianca-e-a-conexao-estao-revolucionando-o-turismo-medico-foi-o-tema-da-palestra-do-norte-americano-Jonathan-Edelheit-768x576.jpeg 768w, https:\/\/cidadenoar.com\/global\/wp-content\/uploads\/sites\/22\/2025\/11\/Como-a-tecnologia-a-confianca-e-a-conexao-estao-revolucionando-o-turismo-medico-foi-o-tema-da-palestra-do-norte-americano-Jonathan-Edelheit.jpeg 1428w\" sizes=\"(max-width: 1024px) 100vw, 1024px\" \/><figcaption class=\"wp-element-caption\">Como a tecnologia, a confian\u00e7a e a conex\u00e3o est\u00e3o revolucionando o turismo m\u00e9dico foi o tema da palestra do norte-americano Jonathan Edelheit<\/figcaption><\/figure>\n\n\n\n<figure class=\"wp-block-image size-large\"><img loading=\"lazy\" decoding=\"async\" width=\"1000\" height=\"750\" data-id=\"6670\" src=\"https:\/\/cidadenoar.com\/wp-content\/uploads\/sites\/22\/2025\/11\/Um-dos-palestantes-internacionais-Jonathan-Edelheit-CEO-Medical-Tourism-Association.jpeg\" alt=\"\" class=\"wp-image-6670\" title=\"\" srcset=\"https:\/\/cidadenoar.com\/global\/wp-content\/uploads\/sites\/22\/2025\/11\/Um-dos-palestantes-internacionais-Jonathan-Edelheit-CEO-Medical-Tourism-Association.jpeg 1000w, https:\/\/cidadenoar.com\/global\/wp-content\/uploads\/sites\/22\/2025\/11\/Um-dos-palestantes-internacionais-Jonathan-Edelheit-CEO-Medical-Tourism-Association-300x225.jpeg 300w, https:\/\/cidadenoar.com\/global\/wp-content\/uploads\/sites\/22\/2025\/11\/Um-dos-palestantes-internacionais-Jonathan-Edelheit-CEO-Medical-Tourism-Association-768x576.jpeg 768w\" sizes=\"(max-width: 1000px) 100vw, 1000px\" \/><figcaption class=\"wp-element-caption\">Um dos palestantes internacionais, Jonathan Edelheit (CEO Medical Tourism Association)<\/figcaption><\/figure>\n\n\n\n<figure class=\"wp-block-image size-large\"><img loading=\"lazy\" decoding=\"async\" width=\"1024\" height=\"768\" data-id=\"6675\" src=\"https:\/\/cidadenoar.com\/wp-content\/uploads\/sites\/22\/2025\/11\/Painel-sobre-cirurgia-plastica-com-os-medicos-Ingrid-Luckmann-Fernando-Zaol-e-Emilio-Facin-1024x768.jpeg\" alt=\"\" class=\"wp-image-6675\" title=\"\" srcset=\"https:\/\/cidadenoar.com\/global\/wp-content\/uploads\/sites\/22\/2025\/11\/Painel-sobre-cirurgia-plastica-com-os-medicos-Ingrid-Luckmann-Fernando-Zaol-e-Emilio-Facin-1024x768.jpeg 1024w, https:\/\/cidadenoar.com\/global\/wp-content\/uploads\/sites\/22\/2025\/11\/Painel-sobre-cirurgia-plastica-com-os-medicos-Ingrid-Luckmann-Fernando-Zaol-e-Emilio-Facin-300x225.jpeg 300w, https:\/\/cidadenoar.com\/global\/wp-content\/uploads\/sites\/22\/2025\/11\/Painel-sobre-cirurgia-plastica-com-os-medicos-Ingrid-Luckmann-Fernando-Zaol-e-Emilio-Facin-768x576.jpeg 768w, https:\/\/cidadenoar.com\/global\/wp-content\/uploads\/sites\/22\/2025\/11\/Painel-sobre-cirurgia-plastica-com-os-medicos-Ingrid-Luckmann-Fernando-Zaol-e-Emilio-Facin.jpeg 1428w\" sizes=\"(max-width: 1024px) 100vw, 1024px\" \/><figcaption class=\"wp-element-caption\">Painel sobre cirurgia pl\u00e1stica com os m\u00e9dicos Ingrid Luckmann, Fernando Zaol e Emilio Facin<\/figcaption><\/figure>\n<\/figure>\n","protected":false},"excerpt":{"rendered":"<p>Evento realizado em Florian\u00f3polis (SC) debateu tend\u00eancias globais, desafios nacionais e oportunidades econ\u00f4micas para posicionar o pa\u00eds como refer\u00eancia internacional em turismo de sa\u00fade e bem-estar<\/p>\n","protected":false},"author":23,"featured_media":6672,"comment_status":"open","ping_status":"open","sticky":false,"template":"","format":"standard","meta":{"footnotes":""},"categories":[1],"tags":[719,156,825],"class_list":["post-6667","post","type-post","status-publish","format-standard","has-post-thumbnail","hentry","category-geral","tag-congresso","tag-evento","tag-medicos"],"_links":{"self":[{"href":"https:\/\/cidadenoar.com\/global\/wp-json\/wp\/v2\/posts\/6667","targetHints":{"allow":["GET"]}}],"collection":[{"href":"https:\/\/cidadenoar.com\/global\/wp-json\/wp\/v2\/posts"}],"about":[{"href":"https:\/\/cidadenoar.com\/global\/wp-json\/wp\/v2\/types\/post"}],"author":[{"embeddable":true,"href":"https:\/\/cidadenoar.com\/global\/wp-json\/wp\/v2\/users\/23"}],"replies":[{"embeddable":true,"href":"https:\/\/cidadenoar.com\/global\/wp-json\/wp\/v2\/comments?post=6667"}],"version-history":[{"count":2,"href":"https:\/\/cidadenoar.com\/global\/wp-json\/wp\/v2\/posts\/6667\/revisions"}],"predecessor-version":[{"id":6677,"href":"https:\/\/cidadenoar.com\/global\/wp-json\/wp\/v2\/posts\/6667\/revisions\/6677"}],"wp:featuredmedia":[{"embeddable":true,"href":"https:\/\/cidadenoar.com\/global\/wp-json\/wp\/v2\/media\/6672"}],"wp:attachment":[{"href":"https:\/\/cidadenoar.com\/global\/wp-json\/wp\/v2\/media?parent=6667"}],"wp:term":[{"taxonomy":"category","embeddable":true,"href":"https:\/\/cidadenoar.com\/global\/wp-json\/wp\/v2\/categories?post=6667"},{"taxonomy":"post_tag","embeddable":true,"href":"https:\/\/cidadenoar.com\/global\/wp-json\/wp\/v2\/tags?post=6667"}],"curies":[{"name":"wp","href":"https:\/\/api.w.org\/{rel}","templated":true}]}}