{"id":6689,"date":"2025-11-18T18:38:41","date_gmt":"2025-11-18T21:38:41","guid":{"rendered":"https:\/\/cidadenoar.com\/?p=6689"},"modified":"2025-11-18T18:38:45","modified_gmt":"2025-11-18T21:38:45","slug":"farmacia-semprefort-inaugura-nova-unidade-em-lages-no-dia-19-de-novembro","status":"publish","type":"post","link":"https:\/\/cidadenoar.com\/global\/geral\/farmacia-semprefort-inaugura-nova-unidade-em-lages-no-dia-19-de-novembro\/","title":{"rendered":"Farm\u00e1cia SempreFort inaugura nova unidade em Lages no dia 19 de novembro"},"content":{"rendered":"\n<p>A rede de farm\u00e1cias SempreFort, pertencente ao Grupo Pereira \u2014 dono do Fort Atacadista \u2014, inaugura no pr\u00f3ximo dia 19 de novembro, quarta-feira, a partir das 8h, sua mais nova unidade em Lages, na Serra Catarinense. A loja fica anexa ao Fort Atacadista do bairro Conta Dinheiro, na Rua Get\u00falio Vargas, 232, e passa a oferecer \u00e0 popula\u00e7\u00e3o mais uma op\u00e7\u00e3o de conveni\u00eancia e sa\u00fade com o mesmo compromisso de qualidade e pre\u00e7o baixo j\u00e1 reconhecido nas demais unidades do grupo.<\/p>\n\n\n\n<p>Com \u00e1rea de vendas de 115 m\u00b2, a nova farm\u00e1cia conta com duas frentes de caixa (checkouts) e mix de cerca de 5 mil itens, entre medicamentos, produtos de higiene, beleza e cuidados pessoais. A opera\u00e7\u00e3o gerou oito novos empregos, sendo tr\u00eas farmac\u00eauticos respons\u00e1veis pelo atendimento t\u00e9cnico.<\/p>\n\n\n\n<p>Entre os diferenciais da unidade, est\u00e1 o servi\u00e7o de \u201ccompre e retire\u201d, dispon\u00edvel pelo WhatsApp da central de atendimento de Santa Catarina: (48) 3203-7951. As compras podem ser parceladas em at\u00e9 seis vezes sem juros no Vuon Card e quatro vezes nos demais cart\u00f5es.<\/p>\n\n\n\n<p>Segundo Lu\u00edsa Dias, Gerente Nacional de Drogarias do Grupo Pereira, a chegada da segunda loja \u00e0 Lages faz parte da expans\u00e3o planejada da rede no estado.<\/p>\n\n\n\n<p>\u201cEstamos com um posicionamento especial em Lages. Lan\u00e7amos a campanha&nbsp;<em>\u2018Aqui \u00e9 mais barato\u2019<\/em>, com pre\u00e7os ainda mais atrativos. Queremos que o p\u00fablico da Serra perceba que a mesma rela\u00e7\u00e3o de qualidade e pre\u00e7o baixo do Fort tamb\u00e9m est\u00e1 presente na \u00e1rea da sa\u00fade\u201d, destaca.<\/p>\n\n\n\n<p>Durante a inaugura\u00e7\u00e3o, os clientes poder\u00e3o participar de a\u00e7\u00f5es promocionais com marcas parceiras. A Carmed realizar\u00e1 uma atividade de personaliza\u00e7\u00e3o de produtos, sucesso entre o p\u00fablico jovem, e oferecer\u00e1 brindes para os 100 primeiros clientes que efetuarem compras com o Vuon Card. Tamb\u00e9m haver\u00e1 consultorias com promotoras das linhas Vult, Si\u00e0ge, Amend e Giovanna Baby, al\u00e9m de a\u00e7\u00f5es de \u201ccompre e ganhe\u201d com Boca Rosa, Dailus, Australian Gold, Hidramais, Haskel, Labotrat e Neutrogena.<\/p>\n\n\n\n<p>A unidade de Lages \u00e9 a 15\u00aa Farm\u00e1cia SempreFort em Santa Catarina e a 29\u00aa no pa\u00eds, consolidando o crescimento da marca em diferentes regi\u00f5es. Ainda este ano, a rede prev\u00ea a inaugura\u00e7\u00e3o de uma nova loja em Joinville.<\/p>\n\n\n\n<p>Entre as campanhas regulares das farm\u00e1cias SempreFort, continuam as tradicionais promo\u00e7\u00f5es tem\u00e1ticas: a \u201c4\u00aa da Mulher\u201d, com ofertas especiais em maquiagens, dermocosm\u00e9ticos e anticoncepcionais; a \u201c5\u00aa Kids\u201d, voltada \u00e0 linha infantil; e a \u201cSemana F\u201d, que inicia todo dia 30, com as melhores ofertas do m\u00eas.O p\u00fablico pode acompanhar as novidades e promo\u00e7\u00f5es pelo site<a href=\"https:\/\/www.semprefort.com.br\/\" target=\"_blank\" rel=\"noreferrer noopener\">&nbsp;www.semprefort.com.br<\/a>&nbsp;e nas redes sociais, em&nbsp;<a href=\"https:\/\/www.instagram.com\/farmaciasemprefort\/\" target=\"_blank\" rel=\"noreferrer noopener\">@farmaciasemprefort<\/a>.<\/p>\n","protected":false},"excerpt":{"rendered":"<p>Localizada junto ao Fort Atacadista do bairro Conta Dinheiro, loja refor\u00e7a presen\u00e7a da rede na Serra Catarinense com mix de cinco mil itens e promo\u00e7\u00f5es especiais de inaugura\u00e7\u00e3o<\/p>\n","protected":false},"author":23,"featured_media":6690,"comment_status":"open","ping_status":"open","sticky":false,"template":"","format":"standard","meta":{"footnotes":""},"categories":[1],"tags":[280,337,829],"class_list":["post-6689","post","type-post","status-publish","format-standard","has-post-thumbnail","hentry","category-geral","tag-farmacia","tag-lages","tag-semprefort"],"_links":{"self":[{"href":"https:\/\/cidadenoar.com\/global\/wp-json\/wp\/v2\/posts\/6689","targetHints":{"allow":["GET"]}}],"collection":[{"href":"https:\/\/cidadenoar.com\/global\/wp-json\/wp\/v2\/posts"}],"about":[{"href":"https:\/\/cidadenoar.com\/global\/wp-json\/wp\/v2\/types\/post"}],"author":[{"embeddable":true,"href":"https:\/\/cidadenoar.com\/global\/wp-json\/wp\/v2\/users\/23"}],"replies":[{"embeddable":true,"href":"https:\/\/cidadenoar.com\/global\/wp-json\/wp\/v2\/comments?post=6689"}],"version-history":[{"count":2,"href":"https:\/\/cidadenoar.com\/global\/wp-json\/wp\/v2\/posts\/6689\/revisions"}],"predecessor-version":[{"id":6692,"href":"https:\/\/cidadenoar.com\/global\/wp-json\/wp\/v2\/posts\/6689\/revisions\/6692"}],"wp:featuredmedia":[{"embeddable":true,"href":"https:\/\/cidadenoar.com\/global\/wp-json\/wp\/v2\/media\/6690"}],"wp:attachment":[{"href":"https:\/\/cidadenoar.com\/global\/wp-json\/wp\/v2\/media?parent=6689"}],"wp:term":[{"taxonomy":"category","embeddable":true,"href":"https:\/\/cidadenoar.com\/global\/wp-json\/wp\/v2\/categories?post=6689"},{"taxonomy":"post_tag","embeddable":true,"href":"https:\/\/cidadenoar.com\/global\/wp-json\/wp\/v2\/tags?post=6689"}],"curies":[{"name":"wp","href":"https:\/\/api.w.org\/{rel}","templated":true}]}}