{"id":674,"date":"2021-05-10T09:55:30","date_gmt":"2021-05-10T12:55:30","guid":{"rendered":"https:\/\/sosnoticias.com.br\/noticia\/23\/kart-pedro-aizza-garante-lugar-no-podio-da-v11-aldeia-cup"},"modified":"2025-07-26T17:39:20","modified_gmt":"2025-07-26T20:39:20","slug":"kart-pedro-aizza-garante-lugar-no-podio-da-v11-aldeia-cup","status":"publish","type":"post","link":"https:\/\/cidadenoar.com\/global\/economia-negocios\/kart-pedro-aizza-garante-lugar-no-podio-da-v11-aldeia-cup\/","title":{"rendered":"Kart: Pedro Aizza garante lugar no p\u00f3dio da V11 Aldeia Cup"},"content":{"rendered":"<div class=\"boxhtml_full\"> <a href=\"https:\/\/sosnoticias.com.br\/images\/noticias\/23\/22828_pedro-aizza-em-acao-..._4628.jpg.jpg\" title data-gallery target=\"_blank\" rel=\"noopener\"> <img decoding=\"async\" src=\"\/\/img.cmswebsg.com.br\/sosnoticias.com.br\/image?src=https:\/\/sosnoticias.com.br\/images\/noticias\/23\/22828_pedro-aizza-em-acao-..._4628.jpg.jpg&amp;w=1200&amp;h=630&amp;output=webp\" align=\"left\" class=\"img-responsive\" alt=\"\" title=\"\"> <\/a><\/div>\n<p>Mais um final de semana de crescimento no esporte e muito aprendizado. Assim pode ser resumida a participa\u00e7\u00e3o de Pedro Aizza (Promax Bardahl \/ GM Motorsport \/ Acesso Pe\u00e7as) na V11 Aldeia Cup, realizada neste s\u00e1bado e domingo (24 e 25) no Kart\u00f3dromo Internacional de Aldeia da Serra, em Barueri.&nbsp;<\/p>\n<p>Com menos tempo de treinos na pista, Aizza garantiu o s\u00e9timo lugar na classifica\u00e7\u00e3o. Se na primeira corrida do fim de semana o piloto paranaense foi o oitavo colocado, na segunda a evolu\u00e7\u00e3o foi n\u00edtida, terminando em quarto lugar, \u00e0 frente de diversos concorrentes com maior experi\u00eancia na categoria.&nbsp;<\/p>\n<p>&#8220;Por uma quest\u00e3o de agenda, acabei chegando \u00e0 Aldeia da Serra apenas no s\u00e1bado, ou seja, n\u00e3o pude treinar na pista tanto quanto meus concorrentes. O fato de ser um tra\u00e7ado novo no Kart\u00f3dromo, me deixou ainda mais em desvantagem para minha primeira corrida de shifter no local&#8221;, avaliou Pedro Aizza. &#8220;Tive que pegar o tra\u00e7ado da pista muito rapidamente, mas mesmo assim consegui ser o s\u00e9timo colocado&#8221;, completou o dono do kart #35.<\/p>\n<p>&#8220;Na primeira corrida fui atrapalhado na largada, porque o piloto que estava na minha frente, o quinto colocado, n\u00e3o conseguiu largar. Perdi posi\u00e7\u00f5es neste momento e fui para o fim do grid, ou seja, n\u00e3o deu para fazer uma boa prova. J\u00e1 na segunda bateria, larguei em sexto lugar e fiz uma \u00f3tima largada. Fiz algumas ultrapassagens, correndo contra pilotos como o Pedro Piquet, filho do Nelson. Gostei muito, porque foi uma disputa com atletas mais experientes e com a sensa\u00e7\u00e3o de que, se tivesse treinado mais, o resultado seria melhor&#8221;, finalizou Aizza.<\/p>\n<p><strong>Foco na GT Sprint Race<\/strong>&nbsp;&#8211; A temporada de 2021 marcar\u00e1 a estreia de Pedro Aizza na GT Sprint Race, categoria de turismo do automobilismo, que ter\u00e1 primeira etapa no pr\u00f3ximo fim de semana, em Mogi Gua\u00e7u (SP). Por isso, o piloto vem utilizando as provas de kart para se manter em ritmo de prova. &#8220;O&nbsp;investimento no carro na categoria Sprint Race \u00e9 o nosso maior objetivo agora. O kart passou a ficar em segundo plano, mas estou sempre treinando para manter a forma, ser competitivo e manter sempre vivas as conquistas&nbsp;nestes dez anos no kart&#8221;, contou Aizza.<\/p>\n<p><strong>A temporada 2021<\/strong>&nbsp;&#8211; Al\u00e9m de estrear neste ano na&nbsp;GT Sprint Race, evento com nove etapas programadas entre os meses de maio e dezembro, Pedro Aizza seguir\u00e1 competindo nos torneios no kart.&nbsp;O piloto Promax Bardahl participar\u00e1 de duas categorias: a shifter, para manter o ritmo de corrida e preparo f\u00edsico, ajudando muito na tocada do carro, por ser este um kart de marchas, com competi\u00e7\u00f5es na Granja Viana e na Aldeia da Serra; e na Pro 500, similar as 500 Milhas de Kart, com provas de maior dura\u00e7\u00e3o, tamb\u00e9m na regi\u00e3o metropolitana de S\u00e3o Paulo.<\/p>\n<p><img decoding=\"async\" src=\"http:\/\/sosnoticias.cidadenoar.com.br\/wp-content\/uploads\/sites\/16\/2024\/12\/kart-pedro-aizza-garante-lugar-no-podio-da-v11-aldeia-cup.jpg\" alt=\"\" title=\"\"><\/p>\n","protected":false},"excerpt":{"rendered":"<p>Mais um final de semana de crescimento no esporte e muito aprendizado. Assim pode ser resumida a participa\u00e7\u00e3o de Pedro Aizza (Promax Bardahl \/ GM Motorsport \/ Acesso Pe\u00e7as) na V11 Aldeia Cup, realizada neste s\u00e1bado e domingo (24 e 25) no Kart\u00f3dromo Internacional de Aldeia da Serra, em Barueri.&nbsp; Com menos tempo de treinos&#8230;<\/p>\n","protected":false},"author":1,"featured_media":0,"comment_status":"closed","ping_status":"closed","sticky":false,"template":"","format":"standard","meta":{"footnotes":""},"categories":[289],"tags":[29],"class_list":["post-674","post","type-post","status-publish","format-standard","hentry","category-economia-negocios","tag-automobilismo"],"_links":{"self":[{"href":"https:\/\/cidadenoar.com\/global\/wp-json\/wp\/v2\/posts\/674","targetHints":{"allow":["GET"]}}],"collection":[{"href":"https:\/\/cidadenoar.com\/global\/wp-json\/wp\/v2\/posts"}],"about":[{"href":"https:\/\/cidadenoar.com\/global\/wp-json\/wp\/v2\/types\/post"}],"author":[{"embeddable":true,"href":"https:\/\/cidadenoar.com\/global\/wp-json\/wp\/v2\/users\/1"}],"replies":[{"embeddable":true,"href":"https:\/\/cidadenoar.com\/global\/wp-json\/wp\/v2\/comments?post=674"}],"version-history":[{"count":0,"href":"https:\/\/cidadenoar.com\/global\/wp-json\/wp\/v2\/posts\/674\/revisions"}],"wp:attachment":[{"href":"https:\/\/cidadenoar.com\/global\/wp-json\/wp\/v2\/media?parent=674"}],"wp:term":[{"taxonomy":"category","embeddable":true,"href":"https:\/\/cidadenoar.com\/global\/wp-json\/wp\/v2\/categories?post=674"},{"taxonomy":"post_tag","embeddable":true,"href":"https:\/\/cidadenoar.com\/global\/wp-json\/wp\/v2\/tags?post=674"}],"curies":[{"name":"wp","href":"https:\/\/api.w.org\/{rel}","templated":true}]}}