{"id":716,"date":"2022-12-09T00:08:16","date_gmt":"2022-12-09T03:08:16","guid":{"rendered":"https:\/\/sosnoticias.com.br\/noticia\/4250\/pagamentos-de-bolsistas-da-capes-serao-feitos-ate-o-dia-13-diz-mec"},"modified":"2024-12-04T19:32:48","modified_gmt":"2024-12-04T22:32:48","slug":"pagamentos-de-bolsistas-da-capes-serao-feitos-ate-o-dia-13-diz-mec","status":"publish","type":"post","link":"https:\/\/cidadenoar.com\/global\/tecnologia-educacao\/pagamentos-de-bolsistas-da-capes-serao-feitos-ate-o-dia-13-diz-mec\/","title":{"rendered":"Pagamentos de bolsistas da Capes ser\u00e3o feitos at\u00e9 o dia 13, diz MEC"},"content":{"rendered":"<p><small id=\"v_data\">08\/12\/2022 \u00e0s 20h41min &#8211; Atualizada em 09\/12\/2022 \u00e0s 00h03min<\/small><\/p>\n<h4>O MEC informou hoje, em Bras\u00edlia, que uma negocia\u00e7\u00e3o com a \u00e1rea econ\u00f4mica do governo garantiu a libera\u00e7\u00e3o de R$ 460 milh\u00f5es para a educa\u00e7\u00e3o.<\/h4>\n<p>agenciabrasil.ebc.com.br\/rss\/educacao<\/p>\n<p><small class=\"small\">https:\/\/agenciabrasil.ebc.com.br\/educacao\/noticia\/2022-12\/pagamentos-de-bolsistas-da-capes-serao-feitos-ate-o-dia-13-diz-mec<\/small><\/p>\n<div id=\"texto_release_format\">\n<div class=\"img_ckeditor \"><img decoding=\"async\" class=\" img-responsive\" src=\"https:\/\/cdn.jsdelivr.net\/gh\/regiosousa\/ebc-assets@master\/images\/logo-agenciabrasil.svg\" alt=\"Logo Ag\u00eancia Brasil\" title=\"\"><\/p>\n<h3 class=\"title_2x\">Logo Ag\u00eancia Brasil<\/h3>\n<\/div>\n<p>O Minist\u00e9rio da Educa\u00e7\u00e3o (MEC) anunciou hoje (8), em Bras\u00edlia, que o pagamento de 200 mil bolsistas da Coordena\u00e7\u00e3o de Aperfei\u00e7oamento de Pessoal de N\u00edvel Superior (Capes) &#8211; referente a dezembro &#8211; est\u00e1 assegurado e deve ser realizado at\u00e9 a pr\u00f3xima ter\u00e7a-feira (13). Segundo comunicado, no total a Capes teve R$ 210 milh\u00f5es liberados para arcar com os pagamentos.<\/p>\n<div class=\"img_ckeditor \"><img decoding=\"async\" class=\" img-responsive\" src=\"http:\/\/sosnoticias.cidadenoar.com.br\/wp-content\/uploads\/sites\/16\/2024\/12\/pagamentos-de-bolsistas-da-capes-serao-feitos-ate-o-dia-13-diz-mec.png\" alt=\"\" title=\"\"><\/div>\n<div class=\"img_ckeditor \"><img decoding=\"async\" class=\" img-responsive\" src=\"http:\/\/sosnoticias.cidadenoar.com.br\/wp-content\/uploads\/sites\/16\/2024\/12\/pagamentos-de-bolsistas-da-capes-serao-feitos-ate-o-dia-13-diz-mec.png\" alt=\"\" title=\"\"><\/div>\n<p>No in\u00edcio da noite, o MEC informou que ser\u00e3o destinados R$ 160 milh\u00f5es para o pagamento de 100 mil bolsas de p\u00f3s-gradua\u00e7\u00e3o (mestrado, doutorado e p\u00f3s-doutorado).<\/p>\n<h2>Libera\u00e7\u00e3o<\/h2>\n<h3>Not\u00edcias relacionadas:<\/h3>\n<p>Mais cedo j\u00e1 havia sido anunciada a libera\u00e7\u00e3o de outros R$ 50 milh\u00f5es para o pagamento de todas as bolsas dos programas destinados \u00e0 forma\u00e7\u00e3o de professores para a educa\u00e7\u00e3o b\u00e1sica, informou, em nota, a Coordena\u00e7\u00e3o de Aperfei\u00e7oamento de Pessoal de N\u00edvel Superior (Capes).<\/p>\n<p>Na ter\u00e7a-feira (6), <a href=\"http:\/\/agenciabrasil.ebc.com.br\/educacao\/noticia\/2022-12\/mec-libera-r-50-milhoes-para-pagamento-das-bolsas-da-capes\" target=\"_blank\" rel=\"noopener\">a Capes divulgou uma nota<\/a> informando que n\u00e3o teria recursos para pagar as mais de 200 mil bolsas destinadas a estudantes de mestrado, doutorado e p\u00f3s-doutorado em virtude de contingenciamentos (bloqueios) or\u00e7ament\u00e1rios. Os dep\u00f3sitos deveriam ter sido feitos at\u00e9 ontem (7).<\/p>\n<p>Ainda segundo o MEC, uma negocia\u00e7\u00e3o com a \u00e1rea econ\u00f4mica garantiu a libera\u00e7\u00e3o de R$ 460 milh\u00f5es para o setor da educa\u00e7\u00e3o.<\/p>\n<p><strong>Fonte:<\/strong> https:\/\/agenciabrasil.ebc.com.br\/educacao\/noticia\/2022-12\/pagamentos-de-bolsistas-da-capes-serao-feitos-ate-o-dia-13-diz-mec<\/p>\n<\/div>\n<p><img decoding=\"async\" src=\"http:\/\/sosnoticias.cidadenoar.com.br\/wp-content\/uploads\/sites\/16\/2024\/12\/pagamentos-de-bolsistas-da-capes-serao-feitos-ate-o-dia-13-diz-mec.jpg\" alt=\"\" title=\"\"><\/p>\n","protected":false},"excerpt":{"rendered":"<p>08\/12\/2022 \u00e0s 20h41min &#8211; Atualizada em 09\/12\/2022 \u00e0s 00h03min O MEC informou hoje, em Bras\u00edlia, que uma negocia\u00e7\u00e3o com a \u00e1rea econ\u00f4mica do governo garantiu a libera\u00e7\u00e3o de R$ 460 milh\u00f5es para a educa\u00e7\u00e3o. agenciabrasil.ebc.com.br\/rss\/educacao https:\/\/agenciabrasil.ebc.com.br\/educacao\/noticia\/2022-12\/pagamentos-de-bolsistas-da-capes-serao-feitos-ate-o-dia-13-diz-mec Logo Ag\u00eancia Brasil O Minist\u00e9rio da Educa\u00e7\u00e3o (MEC) anunciou hoje (8), em Bras\u00edlia, que o pagamento de 200 mil&#8230;<\/p>\n","protected":false},"author":1,"featured_media":785,"comment_status":"closed","ping_status":"closed","sticky":false,"template":"","format":"standard","meta":{"footnotes":""},"categories":[21],"tags":[31],"class_list":["post-716","post","type-post","status-publish","format-standard","has-post-thumbnail","hentry","category-tecnologia-educacao","tag-educacao"],"_links":{"self":[{"href":"https:\/\/cidadenoar.com\/global\/wp-json\/wp\/v2\/posts\/716","targetHints":{"allow":["GET"]}}],"collection":[{"href":"https:\/\/cidadenoar.com\/global\/wp-json\/wp\/v2\/posts"}],"about":[{"href":"https:\/\/cidadenoar.com\/global\/wp-json\/wp\/v2\/types\/post"}],"author":[{"embeddable":true,"href":"https:\/\/cidadenoar.com\/global\/wp-json\/wp\/v2\/users\/1"}],"replies":[{"embeddable":true,"href":"https:\/\/cidadenoar.com\/global\/wp-json\/wp\/v2\/comments?post=716"}],"version-history":[{"count":0,"href":"https:\/\/cidadenoar.com\/global\/wp-json\/wp\/v2\/posts\/716\/revisions"}],"wp:featuredmedia":[{"embeddable":true,"href":"https:\/\/cidadenoar.com\/global\/wp-json\/wp\/v2\/media\/785"}],"wp:attachment":[{"href":"https:\/\/cidadenoar.com\/global\/wp-json\/wp\/v2\/media?parent=716"}],"wp:term":[{"taxonomy":"category","embeddable":true,"href":"https:\/\/cidadenoar.com\/global\/wp-json\/wp\/v2\/categories?post=716"},{"taxonomy":"post_tag","embeddable":true,"href":"https:\/\/cidadenoar.com\/global\/wp-json\/wp\/v2\/tags?post=716"}],"curies":[{"name":"wp","href":"https:\/\/api.w.org\/{rel}","templated":true}]}}