{"id":7325,"date":"2026-03-12T23:08:22","date_gmt":"2026-03-13T02:08:22","guid":{"rendered":"https:\/\/cidadenoar.com\/global\/geral\/grupo-pereira-adquire-comercial-celeiro-e-expande-atuacao-no-oeste-de-santa-catarina\/"},"modified":"2026-03-12T23:08:23","modified_gmt":"2026-03-13T02:08:23","slug":"grupo-pereira-adquire-comercial-celeiro-e-expande-atuacao-no-oeste-de-santa-catarina","status":"publish","type":"post","link":"https:\/\/cidadenoar.com\/global\/economia-negocios\/grupo-pereira-adquire-comercial-celeiro-e-expande-atuacao-no-oeste-de-santa-catarina\/","title":{"rendered":"Grupo Pereira adquire Comercial Celeiro e expande atua\u00e7\u00e3o no oeste de Santa Catarina"},"content":{"rendered":"\n<p>Depois da aquisi\u00e7\u00e3o dos Supermercados Schmit em 2025, o Grupo Pereira d\u00e1 continuidade \u00e0 estrat\u00e9gia de expans\u00e3o dos Supermercados Comper em Santa Catarina. Precursor e l\u00edder do atacarejo no estado com a bandeira Fort Atacadista, o Grupo tem como estrat\u00e9gia a multicanalidade, operando em conjunto nas regi\u00f5es os neg\u00f3cios de atacado, atacarejo, varejo, farm\u00e1cia e servi\u00e7os financeiros.<\/p>\n\n\n\n<p>A opera\u00e7\u00e3o envolve a compra de quatro supermercados que operam com a bandeira Celeiro e um atacarejo com a bandeira Combatt Atacadista. A fam\u00edlia Battiston, entre as mais tradicionais e respeitadas no ramo supermercadista do estado, transformou os supermercados do Comercial Celeiro em refer\u00eancia em Chapec\u00f3 pelas \u00f3timas localiza\u00e7\u00f5es, padr\u00e3o das lojas e do atendimento, qualidade e sortimento de produtos, caracter\u00edsticas que ser\u00e3o fortalecidas pelo Grupo Pereira, assim como a grande competitividade em pre\u00e7o e promo\u00e7\u00f5es, marca do Grupo em todas as regi\u00f5es e neg\u00f3cios em que atua. A fam\u00edlia Battiston tem participado ativamente nas conversas sobre a transi\u00e7\u00e3o e no objetivo do Grupo Pereira de perpetuar a qualidade que eles constru\u00edram ao longo dos anos.&nbsp;<\/p>\n\n\n\n<p>\u201cEsta aquisi\u00e7\u00e3o refor\u00e7a nossa estrat\u00e9gia de multicanalidade em Santa Catarina, estado onde o Grupo foi fundado e que representa mais da metade do nosso faturamento. A chegada do Comper em Chapec\u00f3, uma das cidades mais pr\u00f3speras e que mais cresce no pa\u00eds, atrav\u00e9s de uma marca forte e com \u00f3timas lojas como as do Comercial Celeiro, \u00e9 estrat\u00e9gica para o Grupo e certamente trar\u00e1 mais competitividade de pre\u00e7os na pra\u00e7a e benef\u00edcios para a popula\u00e7\u00e3o\u201d, diz Lucas Pereira Santiago, Diretor do Grupo Pereira.&nbsp;&nbsp;<\/p>\n\n\n\n<p>As lojas adquiridas passar\u00e3o por um processo de integra\u00e7\u00e3o operacional e convers\u00e3o de bandeira, seguindo os padr\u00f5es de layout, sortimento, servi\u00e7os e experi\u00eancia de compra caracter\u00edsticos do Grupo Pereira. O cronograma de transi\u00e7\u00e3o e a defini\u00e7\u00e3o das novas bandeiras ser\u00e3o divulgados em breve.<\/p>\n\n\n\n<p><strong>As unidades adquiridas s\u00e3o:<\/strong><br>Supermercado Celeiro It\u00e1lia \u2013 Av. Gen. Os\u00f3rio, 541D, CEP 89802-211, Chapec\u00f3\/SC<br>Supermercado Celeiro Sul \u2013 Av. Nereu Ramos, 1271D, CEP 89814-247, Chapec\u00f3\/SC<br>Supermercado Celeiro Norte \u2013 R. Martinho Lutero, 245, CEP 89803-302, Chapec\u00f3\/SC<br>Supermercado Celeiro Center \u2013 R. Rui Barbosa, 441E, CEP 89802-140, Chapec\u00f3\/SC<br>Combatt Atacadista \u2013 Rua Par\u00e1, 425D, bairro Maria Goretti, CEP 89801-400, Chapec\u00f3\/SC<\/p>\n\n\n\n<p><strong>Sobre o Grupo Pereira<\/strong><\/p>\n\n\n\n<p>Fundado em 1962, na cidade de Itaja\u00ed, em Santa Catarina, o Grupo Pereira completa 64 anos de hist\u00f3ria em 2026. Atualmente, conta com mais de 24 mil funcion\u00e1rios nos estados de Mato Grosso, Mato Grosso do Sul, Goi\u00e1s, Santa Catarina, S\u00e3o Paulo, Rio Grande do Sul e no Distrito Federal.<\/p>\n\n\n\n<p>O ecossistema de neg\u00f3cio do Grupo Pereira inclui supermercados Comper, Fort Atacadista (atacarejo), restaurante Trudy\u2019s, Atacado Bate Forte (atacadista de distribui\u00e7\u00e3o), farm\u00e1cia SempreFort, um Broker \u2013 distribuidor oficial da Nestl\u00e9 -, ag\u00eancias de viagens Pera Turismo,&nbsp; postos de combust\u00edvel Fort Posto, um bra\u00e7o log\u00edstico Perlog e os servi\u00e7os financeiros do Vuon, que inclui o private label Vuon Card, com mais de 1,6 milh\u00e3o de cart\u00f5es emitidos.<\/p>\n","protected":false},"excerpt":{"rendered":"<p>Com a aquisi\u00e7\u00e3o, o Grupo catarinense, que \u00e9 l\u00edder no estado e o s\u00e9timo maior do pa\u00eds, refor\u00e7a sua presen\u00e7a em Chapec\u00f3, uma das cidades mais pr\u00f3speras do Brasil.  <\/p>\n","protected":false},"author":23,"featured_media":7326,"comment_status":"open","ping_status":"open","sticky":false,"template":"","format":"standard","meta":{"footnotes":""},"categories":[289],"tags":[211,599,88],"class_list":["post-7325","post","type-post","status-publish","format-standard","has-post-thumbnail","hentry","category-economia-negocios","tag-grupo-pereira","tag-negocios-2","tag-santa-catarina"],"_links":{"self":[{"href":"https:\/\/cidadenoar.com\/global\/wp-json\/wp\/v2\/posts\/7325","targetHints":{"allow":["GET"]}}],"collection":[{"href":"https:\/\/cidadenoar.com\/global\/wp-json\/wp\/v2\/posts"}],"about":[{"href":"https:\/\/cidadenoar.com\/global\/wp-json\/wp\/v2\/types\/post"}],"author":[{"embeddable":true,"href":"https:\/\/cidadenoar.com\/global\/wp-json\/wp\/v2\/users\/23"}],"replies":[{"embeddable":true,"href":"https:\/\/cidadenoar.com\/global\/wp-json\/wp\/v2\/comments?post=7325"}],"version-history":[{"count":0,"href":"https:\/\/cidadenoar.com\/global\/wp-json\/wp\/v2\/posts\/7325\/revisions"}],"wp:featuredmedia":[{"embeddable":true,"href":"https:\/\/cidadenoar.com\/global\/wp-json\/wp\/v2\/media\/7326"}],"wp:attachment":[{"href":"https:\/\/cidadenoar.com\/global\/wp-json\/wp\/v2\/media?parent=7325"}],"wp:term":[{"taxonomy":"category","embeddable":true,"href":"https:\/\/cidadenoar.com\/global\/wp-json\/wp\/v2\/categories?post=7325"},{"taxonomy":"post_tag","embeddable":true,"href":"https:\/\/cidadenoar.com\/global\/wp-json\/wp\/v2\/tags?post=7325"}],"curies":[{"name":"wp","href":"https:\/\/api.w.org\/{rel}","templated":true}]}}