{"id":7328,"date":"2026-03-13T18:15:31","date_gmt":"2026-03-13T21:15:31","guid":{"rendered":"https:\/\/cidadenoar.com\/global\/geral\/projeto-na-alesc-propoe-criacao-do-dia-estadual-do-auditor-de-financas-publicas-em-santa-catarina\/"},"modified":"2026-03-13T18:15:31","modified_gmt":"2026-03-13T21:15:31","slug":"projeto-na-alesc-propoe-criacao-do-dia-estadual-do-auditor-de-financas-publicas-em-santa-catarina","status":"publish","type":"post","link":"https:\/\/cidadenoar.com\/global\/economia-negocios\/projeto-na-alesc-propoe-criacao-do-dia-estadual-do-auditor-de-financas-publicas-em-santa-catarina\/","title":{"rendered":"Projeto na Alesc prop\u00f5e cria\u00e7\u00e3o do Dia Estadual do Auditor de Finan\u00e7as P\u00fablicas em Santa Catarina"},"content":{"rendered":"\n<p>A diretoria do Sindicato dos Auditores Estaduais de Finan\u00e7as P\u00fablicas de Santa Catarina (Sindaf-SC), acompanhada de filiados, esteve em agenda institucional na Assembleia Legislativa do Estado em reuni\u00e3o com o presidente da Casa, deputado Julio Garcia, no dia 11.03. O encontro tamb\u00e9m contou com a presen\u00e7a da ex-deputada estadual e atual secret\u00e1ria-geral da presid\u00eancia da Alesc, Marlene Fengler, refor\u00e7ando o di\u00e1logo entre as institui\u00e7\u00f5es e o compromisso com o fortalecimento da gest\u00e3o das finan\u00e7as p\u00fablicas catarinenses.<\/p>\n\n\n\n<p>Durante a reuni\u00e3o, o presidente do Legislativo apresentou o Projeto de Lei n\u00ba PL.\/0132\/2026, que institui o Dia Estadual do Auditor Estadual de Finan\u00e7as P\u00fablicas de Santa Catarina, a ser celebrado anualmente em 27 de fevereiro, data que marca a funda\u00e7\u00e3o do Sindaf-SC. O projeto tamb\u00e9m altera a Lei n\u00ba 18.531\/2022, que consolida as datas e eventos alusivos no calend\u00e1rio oficial do Estado de Santa Catarina.<\/p>\n\n\n\n<p>O projeto agora seguir\u00e1 tramita\u00e7\u00e3o na Assembleia Legislativa, passando pelas Comiss\u00f5es de Constitui\u00e7\u00e3o e Justi\u00e7a e de Finan\u00e7as e Tributa\u00e7\u00e3o, antes de ser submetido \u00e0 vota\u00e7\u00e3o em plen\u00e1rio. A proposta, de autoria do presidente da Assembleia Legislativa, reflete o reconhecimento do Parlamento catarinense \u00e0 relev\u00e2ncia da carreira respons\u00e1vel pela gest\u00e3o das finan\u00e7as p\u00fablicas do Estado.<\/p>\n\n\n\n<figure class=\"wp-block-image size-large\"><img fetchpriority=\"high\" decoding=\"async\" width=\"1024\" height=\"682\" src=\"https:\/\/cidadenoar.com\/global\/wp-content\/uploads\/sites\/22\/2026\/03\/Presidente-da-Assembleia-Julio-Garcia-e-Presidente-do-Sindaf-SC-Sandro-Alves-credito-Jeferson-Baldo-1024x682.jpg\" alt=\"Presidente da Assembleia, Julio Garcia e Presidente do Sindaf-SC, Sandro Alves - cr\u00e9dito Jeferson Baldo\" class=\"wp-image-7330\" title=\"\" srcset=\"https:\/\/cidadenoar.com\/global\/wp-content\/uploads\/sites\/22\/2026\/03\/Presidente-da-Assembleia-Julio-Garcia-e-Presidente-do-Sindaf-SC-Sandro-Alves-credito-Jeferson-Baldo-1024x682.jpg 1024w, https:\/\/cidadenoar.com\/global\/wp-content\/uploads\/sites\/22\/2026\/03\/Presidente-da-Assembleia-Julio-Garcia-e-Presidente-do-Sindaf-SC-Sandro-Alves-credito-Jeferson-Baldo-300x200.jpg 300w, https:\/\/cidadenoar.com\/global\/wp-content\/uploads\/sites\/22\/2026\/03\/Presidente-da-Assembleia-Julio-Garcia-e-Presidente-do-Sindaf-SC-Sandro-Alves-credito-Jeferson-Baldo-768x512.jpg 768w, https:\/\/cidadenoar.com\/global\/wp-content\/uploads\/sites\/22\/2026\/03\/Presidente-da-Assembleia-Julio-Garcia-e-Presidente-do-Sindaf-SC-Sandro-Alves-credito-Jeferson-Baldo-820x545.jpg 820w, https:\/\/cidadenoar.com\/global\/wp-content\/uploads\/sites\/22\/2026\/03\/Presidente-da-Assembleia-Julio-Garcia-e-Presidente-do-Sindaf-SC-Sandro-Alves-credito-Jeferson-Baldo-600x400.jpg 600w, https:\/\/cidadenoar.com\/global\/wp-content\/uploads\/sites\/22\/2026\/03\/Presidente-da-Assembleia-Julio-Garcia-e-Presidente-do-Sindaf-SC-Sandro-Alves-credito-Jeferson-Baldo.jpg 1280w\" sizes=\"(max-width: 1024px) 100vw, 1024px\" \/><figcaption class=\"wp-element-caption\">Presidente da Assembleia, Julio Garcia e Presidente do Sindaf-SC, Sandro Alves &#8211; cr\u00e9dito Jeferson Baldo<\/figcaption><\/figure>\n\n\n\n<p>Para o presidente do Sindaf-SC, Sandro Alves, o encontro refor\u00e7a o di\u00e1logo institucional e destaca um momento importante para a carreira. \u201cEste \u00e9 um momento simb\u00f3lico para os auditores de finan\u00e7as p\u00fablicas. Celebramos os 16 anos do Sindaf-SC e tamb\u00e9m um per\u00edodo em que a carreira consolidou sua legalidade ap\u00f3s a decis\u00e3o do Supremo Tribunal Federal. Ao mesmo tempo, seguimos dialogando com as institui\u00e7\u00f5es para fortalecer a gest\u00e3o das finan\u00e7as p\u00fablicas do Estado\u201d, afirmou.<\/p>\n\n\n\n<p>A consolida\u00e7\u00e3o da legalidade da carreira foi confirmada em decis\u00e3o do Supremo Tribunal Federal, que reconheceu a estrutura e a atua\u00e7\u00e3o dos Auditores Estaduais de Finan\u00e7as P\u00fablicas dentro da administra\u00e7\u00e3o catarinense. Atualmente, Santa Catarina conta com 106 auditores estaduais de finan\u00e7as p\u00fablicas na ativa, profissionais respons\u00e1veis por atuar em \u00e1reas estrat\u00e9gicas da administra\u00e7\u00e3o financeira do Estado, como or\u00e7amento, contabilidade p\u00fablica, tesouraria e controle das contas governamentais.<\/p>\n\n\n\n<figure class=\"wp-block-image size-large\"><img decoding=\"async\" width=\"1024\" height=\"682\" src=\"https:\/\/cidadenoar.com\/global\/wp-content\/uploads\/sites\/22\/2026\/03\/Encontro-reforcou-o-dialogo-entre-as-instituicoes-credtio-Jeferson-Baldo-1024x682.jpg\" alt=\"Encontro refor\u00e7ou o di\u00e1logo entre as institui\u00e7\u00f5es - cr\u00e9dtio Jeferson Baldo\" class=\"wp-image-7329\" title=\"\" srcset=\"https:\/\/cidadenoar.com\/global\/wp-content\/uploads\/sites\/22\/2026\/03\/Encontro-reforcou-o-dialogo-entre-as-instituicoes-credtio-Jeferson-Baldo-1024x682.jpg 1024w, https:\/\/cidadenoar.com\/global\/wp-content\/uploads\/sites\/22\/2026\/03\/Encontro-reforcou-o-dialogo-entre-as-instituicoes-credtio-Jeferson-Baldo-300x200.jpg 300w, https:\/\/cidadenoar.com\/global\/wp-content\/uploads\/sites\/22\/2026\/03\/Encontro-reforcou-o-dialogo-entre-as-instituicoes-credtio-Jeferson-Baldo-768x512.jpg 768w, https:\/\/cidadenoar.com\/global\/wp-content\/uploads\/sites\/22\/2026\/03\/Encontro-reforcou-o-dialogo-entre-as-instituicoes-credtio-Jeferson-Baldo-820x545.jpg 820w, https:\/\/cidadenoar.com\/global\/wp-content\/uploads\/sites\/22\/2026\/03\/Encontro-reforcou-o-dialogo-entre-as-instituicoes-credtio-Jeferson-Baldo-600x400.jpg 600w, https:\/\/cidadenoar.com\/global\/wp-content\/uploads\/sites\/22\/2026\/03\/Encontro-reforcou-o-dialogo-entre-as-instituicoes-credtio-Jeferson-Baldo.jpg 1280w\" sizes=\"(max-width: 1024px) 100vw, 1024px\" \/><figcaption class=\"wp-element-caption\">Encontro refor\u00e7ou o di\u00e1logo entre as institui\u00e7\u00f5es &#8211; cr\u00e9dtio Jeferson Baldo<\/figcaption><\/figure>\n\n\n\n<p>O trabalho da carreira est\u00e1 diretamente ligado \u00e0 gest\u00e3o de um or\u00e7amento estadual que movimenta aproximadamente R$ 52 bilh\u00f5es, exigindo acompanhamento t\u00e9cnico permanente para garantir efici\u00eancia, transpar\u00eancia e responsabilidade fiscal. Durante a reuni\u00e3o, tamb\u00e9m foi destacada a import\u00e2ncia do SIGEF \u2014 Sistema Integrado de Planejamento e Gest\u00e3o Fiscal, considerado refer\u00eancia nacional em gest\u00e3o das finan\u00e7as p\u00fablicas. Desenvolvido em Santa Catarina, o sistema re\u00fane ferramentas estrat\u00e9gicas para planejamento, execu\u00e7\u00e3o e acompanhamento das contas p\u00fablicas, contribuindo para a qualidade da gest\u00e3o fiscal no Estado.<\/p>\n\n\n\n<p>Ao comentar a iniciativa do projeto, o presidente da Assembleia Legislativa ressaltou o papel das carreiras t\u00e9cnicas no desempenho da administra\u00e7\u00e3o p\u00fablica catarinense. \u201cA consolida\u00e7\u00e3o da legalidade da carreira demonstra que Santa Catarina est\u00e1 no caminho certo. A atua\u00e7\u00e3o dos auditores de finan\u00e7as integra um conjunto de profissionais que garantem a qualidade da gest\u00e3o p\u00fablica e ajudam a manter o Estado como refer\u00eancia nacional\u201d, destacou J\u00falio Garcia.<\/p>\n\n\n\n<p>Para o Sindaf-SC, o di\u00e1logo permanente com o Parlamento e com as institui\u00e7\u00f5es p\u00fablicas \u00e9 fundamental para fortalecer a governan\u00e7a das finan\u00e7as p\u00fablicas e garantir que Santa Catarina continue sendo refer\u00eancia em responsabilidade fiscal, transpar\u00eancia e efici\u00eancia na gest\u00e3o dos recursos p\u00fablicos.<\/p>\n","protected":false},"excerpt":{"rendered":"<p>Iniciativa do presidente da Assembleia, deputado Julio Garcia, foi apresentada durante encontro com diretoria do Sindaf-SC, que celebra os 16 anos da entidade<\/p>\n","protected":false},"author":23,"featured_media":7332,"comment_status":"open","ping_status":"open","sticky":false,"template":"","format":"standard","meta":{"footnotes":""},"categories":[289],"tags":[703,88,509],"class_list":["post-7328","post","type-post","status-publish","format-standard","has-post-thumbnail","hentry","category-economia-negocios","tag-financas-publicas","tag-santa-catarina","tag-sindaf-sc"],"_links":{"self":[{"href":"https:\/\/cidadenoar.com\/global\/wp-json\/wp\/v2\/posts\/7328","targetHints":{"allow":["GET"]}}],"collection":[{"href":"https:\/\/cidadenoar.com\/global\/wp-json\/wp\/v2\/posts"}],"about":[{"href":"https:\/\/cidadenoar.com\/global\/wp-json\/wp\/v2\/types\/post"}],"author":[{"embeddable":true,"href":"https:\/\/cidadenoar.com\/global\/wp-json\/wp\/v2\/users\/23"}],"replies":[{"embeddable":true,"href":"https:\/\/cidadenoar.com\/global\/wp-json\/wp\/v2\/comments?post=7328"}],"version-history":[{"count":1,"href":"https:\/\/cidadenoar.com\/global\/wp-json\/wp\/v2\/posts\/7328\/revisions"}],"predecessor-version":[{"id":7333,"href":"https:\/\/cidadenoar.com\/global\/wp-json\/wp\/v2\/posts\/7328\/revisions\/7333"}],"wp:featuredmedia":[{"embeddable":true,"href":"https:\/\/cidadenoar.com\/global\/wp-json\/wp\/v2\/media\/7332"}],"wp:attachment":[{"href":"https:\/\/cidadenoar.com\/global\/wp-json\/wp\/v2\/media?parent=7328"}],"wp:term":[{"taxonomy":"category","embeddable":true,"href":"https:\/\/cidadenoar.com\/global\/wp-json\/wp\/v2\/categories?post=7328"},{"taxonomy":"post_tag","embeddable":true,"href":"https:\/\/cidadenoar.com\/global\/wp-json\/wp\/v2\/tags?post=7328"}],"curies":[{"name":"wp","href":"https:\/\/api.w.org\/{rel}","templated":true}]}}