{"id":7353,"date":"2026-03-18T20:11:54","date_gmt":"2026-03-18T23:11:54","guid":{"rendered":"https:\/\/cidadenoar.com\/global\/geral\/quaresma-e-pascoa-impulsionam-consumo-de-peixes-em-sc\/"},"modified":"2026-03-18T20:11:54","modified_gmt":"2026-03-18T23:11:54","slug":"quaresma-e-pascoa-impulsionam-consumo-de-peixes-em-sc","status":"publish","type":"post","link":"https:\/\/cidadenoar.com\/global\/economia-negocios\/quaresma-e-pascoa-impulsionam-consumo-de-peixes-em-sc\/","title":{"rendered":"Quaresma e P\u00e1scoa impulsionam consumo de peixes em SC\u00a0"},"content":{"rendered":"\n<p>Com a chegada da Quaresma, per\u00edodo em que muitos brasileiros substituem a carne vermelha por peixe por tradi\u00e7\u00e3o religiosa, aumenta a procura por pescados em supermercados e peixarias. Aproveitando esse movimento, o Fort Atacadista, rede de atacarejo do Grupo Pereira, promove o Festival de Pescados, campanha com ofertas especiais em peixes e frutos do mar at\u00e9 a P\u00e1scoa em todas as lojas da rede no pa\u00eds, incluindo as 43 unidades em Santa Catarina.&nbsp;<\/p>\n\n\n\n<p>Durante o festival, os consumidores encontram variedade de pescados como salm\u00e3o, bacalhau, atum, anchova, til\u00e1pia, merluza, sardinha e panga, al\u00e9m de crust\u00e1ceos como camar\u00e3o, com pre\u00e7os reduzidos. Esp\u00e9cies como anchova e sardinha est\u00e3o entre as mais apreciadas no litoral catarinense, especialmente nesta \u00e9poca do ano, quando aumenta a procura por peixes.&nbsp;<\/p>\n\n\n\n<figure class=\"wp-block-image size-full\"><img fetchpriority=\"high\" decoding=\"async\" width=\"800\" height=\"533\" src=\"https:\/\/cidadenoar.com\/global\/wp-content\/uploads\/sites\/22\/2026\/03\/unnamed-4.jpg\" alt=\"Festival de Pescados do Fort Atacadista favorece a economia de comerciantes do setor de bares e restaurantes que trabalham com frutos do mar - Foto: Divulga\u00e7\u00e3o\/Freepik\n\" class=\"wp-image-7355\" title=\"\" srcset=\"https:\/\/cidadenoar.com\/global\/wp-content\/uploads\/sites\/22\/2026\/03\/unnamed-4.jpg 800w, https:\/\/cidadenoar.com\/global\/wp-content\/uploads\/sites\/22\/2026\/03\/unnamed-4-300x200.jpg 300w, https:\/\/cidadenoar.com\/global\/wp-content\/uploads\/sites\/22\/2026\/03\/unnamed-4-768x512.jpg 768w, https:\/\/cidadenoar.com\/global\/wp-content\/uploads\/sites\/22\/2026\/03\/unnamed-4-600x400.jpg 600w\" sizes=\"(max-width: 800px) 100vw, 800px\" \/><figcaption class=\"wp-element-caption\">Festival de Pescados do Fort Atacadista favorece a economia de comerciantes do setor de bares e restaurantes que trabalham com frutos do mar &#8211; Foto: Divulga\u00e7\u00e3o\/Freepik<\/figcaption><\/figure>\n\n\n\n<p>A tradi\u00e7\u00e3o tem impacto direto no consumo. Durante o per\u00edodo da Quaresma, a demanda por pescados pode crescer at\u00e9 40% no Brasil, impulsionada principalmente pela substitui\u00e7\u00e3o da carne vermelha nas refei\u00e7\u00f5es, especialmente \u00e0s quartas e sextas-feiras. No pa\u00eds, o consumo m\u00e9dio anual de peixe \u00e9 de cerca de 9,5 kg por habitante, ainda abaixo da recomenda\u00e7\u00e3o de organismos internacionais de sa\u00fade, o que mostra potencial de crescimento desse mercado.&nbsp;<\/p>\n\n\n\n<p>De acordo com Silvia Marquez, gestora de marketing do Fort Atacadista, a campanha atende tanto consumidores quanto empreendedores. \u201cO Festival de Pescados \u00e9 uma oportunidade para quem segue a tradi\u00e7\u00e3o da Quaresma e j\u00e1 est\u00e1 se preparando para a Semana Santa e para a P\u00e1scoa, mas tamb\u00e9m para comerciantes que trabalham com frutos do mar e aproveitam esse per\u00edodo para fortalecer as vendas. Nosso objetivo \u00e9 levar pre\u00e7os baixos e os melhores itens para o consumidor, garantindo economia sem abrir m\u00e3o da qualidade\u201d, destaca.&nbsp;<\/p>\n\n\n\n<figure class=\"wp-block-image size-full\"><img decoding=\"async\" width=\"800\" height=\"533\" src=\"https:\/\/cidadenoar.com\/global\/wp-content\/uploads\/sites\/22\/2026\/03\/unnamed-3.jpg\" alt=\"Salm\u00e3o, camar\u00e3o e bacalhau est\u00e3o entre os destaques do Festival de Pescados do Fort Atacadista - Foto: Divulga\u00e7\u00e3o\/Freepik\" class=\"wp-image-7354\" title=\"\" srcset=\"https:\/\/cidadenoar.com\/global\/wp-content\/uploads\/sites\/22\/2026\/03\/unnamed-3.jpg 800w, https:\/\/cidadenoar.com\/global\/wp-content\/uploads\/sites\/22\/2026\/03\/unnamed-3-300x200.jpg 300w, https:\/\/cidadenoar.com\/global\/wp-content\/uploads\/sites\/22\/2026\/03\/unnamed-3-768x512.jpg 768w, https:\/\/cidadenoar.com\/global\/wp-content\/uploads\/sites\/22\/2026\/03\/unnamed-3-600x400.jpg 600w\" sizes=\"(max-width: 800px) 100vw, 800px\" \/><figcaption class=\"wp-element-caption\">Salm\u00e3o, camar\u00e3o e bacalhau est\u00e3o entre os destaques do Festival de Pescados do Fort Atacadista &#8211; Foto: Divulga\u00e7\u00e3o\/Freepik<\/figcaption><\/figure>\n\n\n\n<p><strong>Mais economia&nbsp;<\/strong><\/p>\n\n\n\n<p>Al\u00e9m das ofertas em pescados, os clientes do Vuon Card, cart\u00e3o de benef\u00edcios exclusivo do Grupo Pereira, poder\u00e3o parcelar as compras em at\u00e9 10 vezes sem juros, com parcelas m\u00ednimas de R$15.&nbsp;<\/p>\n\n\n\n<p>O Vuon Card pode ser feito de maneira simples e r\u00e1pida nas lojas do Fort Atacadista ou pelo site<a href=\"http:\/\/www.vuon.com.br\" target=\"_blank\" rel=\"noopener\"> www.vuon.com.br<\/a>.&nbsp;<\/p>\n\n\n\n<p>A condi\u00e7\u00e3o especial de parcelamento tamb\u00e9m \u00e9 v\u00e1lida para outros itens tradicionais da \u00e9poca, como chocolates, ovos de P\u00e1scoa, vinhos, espumantes e azeites.<\/p>\n","protected":false},"excerpt":{"rendered":"<p>Festival de Pescados do Fort Atacadista re\u00fane ofertas especiais e condi\u00e7\u00f5es facilitadas de pagamento no Vuon Card<\/p>\n","protected":false},"author":23,"featured_media":4654,"comment_status":"open","ping_status":"open","sticky":false,"template":"","format":"standard","meta":{"footnotes":""},"categories":[289],"tags":[112,211,88],"class_list":["post-7353","post","type-post","status-publish","format-standard","has-post-thumbnail","hentry","category-economia-negocios","tag-fort-atacadista","tag-grupo-pereira","tag-santa-catarina"],"_links":{"self":[{"href":"https:\/\/cidadenoar.com\/global\/wp-json\/wp\/v2\/posts\/7353","targetHints":{"allow":["GET"]}}],"collection":[{"href":"https:\/\/cidadenoar.com\/global\/wp-json\/wp\/v2\/posts"}],"about":[{"href":"https:\/\/cidadenoar.com\/global\/wp-json\/wp\/v2\/types\/post"}],"author":[{"embeddable":true,"href":"https:\/\/cidadenoar.com\/global\/wp-json\/wp\/v2\/users\/23"}],"replies":[{"embeddable":true,"href":"https:\/\/cidadenoar.com\/global\/wp-json\/wp\/v2\/comments?post=7353"}],"version-history":[{"count":1,"href":"https:\/\/cidadenoar.com\/global\/wp-json\/wp\/v2\/posts\/7353\/revisions"}],"predecessor-version":[{"id":7357,"href":"https:\/\/cidadenoar.com\/global\/wp-json\/wp\/v2\/posts\/7353\/revisions\/7357"}],"wp:featuredmedia":[{"embeddable":true,"href":"https:\/\/cidadenoar.com\/global\/wp-json\/wp\/v2\/media\/4654"}],"wp:attachment":[{"href":"https:\/\/cidadenoar.com\/global\/wp-json\/wp\/v2\/media?parent=7353"}],"wp:term":[{"taxonomy":"category","embeddable":true,"href":"https:\/\/cidadenoar.com\/global\/wp-json\/wp\/v2\/categories?post=7353"},{"taxonomy":"post_tag","embeddable":true,"href":"https:\/\/cidadenoar.com\/global\/wp-json\/wp\/v2\/tags?post=7353"}],"curies":[{"name":"wp","href":"https:\/\/api.w.org\/{rel}","templated":true}]}}